{"id":53706,"date":"2025-11-19T13:01:16","date_gmt":"2025-11-19T13:01:16","guid":{"rendered":"https:\/\/www.europesays.com\/lv\/53706\/"},"modified":"2025-11-19T13:01:16","modified_gmt":"2025-11-19T13:01:16","slug":"cehijas-klubi-uzsplauj-cempionu-ligai-liels-satricinajums-eiropas-klubu-hokeja","status":"publish","type":"post","link":"https:\/\/www.europesays.com\/lv\/53706\/","title":{"rendered":"\u010cehijas klubi uzsp\u013cauj \u010cempionu l\u012bgai? Liels satricin\u0101jums Eiropas klubu hokej\u0101"},"content":{"rendered":"<p>No Starptautisk\u0101s hokeja feder\u0101cijas (IIHF) r\u012bkot\u0101s \u010cempionu l\u012bgas astotda\u013cfin\u0101la diezgan skandalozi izst\u0101j\u0101s abas \u010cehijas komandas \u2013 M\u0101rti\u0146a Dzierkala p\u0101rst\u0101v\u0113t\u0101 Pr\u0101gas &#8220;<a rel=\"noopener nofollow\" target=\"_blank\" href=\"https:\/\/www.delfi.lv\/temas\/35963365\/sparta-0\" tag-id=\"35963365\">Sparta<\/a>&#8221; un pag\u0101ju\u0161\u0101s sezonas \u010dempionvien\u012bba Brno &#8220;Kometa&#8221;.<\/p>\n<p>Dzierkala p\u0101rst\u0101v\u0113t\u0101 &#8220;Sparta&#8221; astotda\u013cfin\u0101l\u0101 divu sp\u0113\u013cu summ\u0101 ar 3:8 kapitul\u0113ja \u0160veices klubam &#8220;Zug&#8221;. Vispirms ma\u010d\u0101 \u0160veic\u0113 &#8220;Sparta&#8221; piedz\u012bvoja sagr\u0101vi ar rezult\u0101tu 0:6, bet atbildes sp\u0113l\u0113 sav\u0101 laukum\u0101 izc\u012bn\u012bja uzvaru ar rezult\u0101tu 3:2. Otraj\u0101 ma\u010d\u0101 Dzierkals izc\u0113l\u0101s ar rezultat\u012bvu piesp\u0113li.<\/p>\n<p>Pr\u0101gas &#8220;Sparta&#8221; uz pirmo ma\u010du \u0160veic\u0113 dev\u0101s tikai ar diviem pamatsast\u0101va virkn\u0113jumiem, bet p\u0101r\u0113jie sp\u0113l\u0113t\u0101ji bija no junioru komandas. P\u0113c piedz\u012bvot\u0101s sagr\u0101ves ar se\u0161u v\u0101rtu defic\u012btu &#8220;Sparta&#8221; saviem faniem, kuri dev\u0101s uz \u0161o izbraukuma sp\u0113li, atmaks\u0101ja bi\u013cetes un p\u0101r\u0113jos t\u0113ri\u0146us. P\u0113c ma\u010da klubs sav\u0101 m\u0101jaslap\u0101 public\u0113ja skaidrojumu, k\u0101p\u0113c nesp\u0113l\u0113ja piln\u0101 sast\u0101v\u0101.<\/p>\n<p>&#8220;Neskatoties uz bie\u017ei piemin\u0113tajiem tr\u016bkumiem, piem\u0113ram, zemu apmekl\u0113t\u0101ju skaitu vai problem\u0101tisko finansi\u0101lo efektivit\u0101ti, \u010cempionu l\u012bga mums ir presti\u017eas sacens\u012bbas ar augstu sportisko l\u012bmeni. T\u0101pat k\u0101 pag\u0101ju\u0161aj\u0101 gad\u0101, mums bija amb\u012bcijas tikt p\u0113c iesp\u0113jas t\u0101l\u0101k. Diem\u017e\u0113l sp\u0113li pret &#8220;Zug&#8221; aiz\u0113noja vair\u0101ku sare\u017e\u0123\u012bjumu kombin\u0101cija, kas b\u016btiski ietekm\u0113ja m\u016bsu izredzes,&#8221; tika teikts pazi\u0146ojum\u0101.<\/p>\n<p>Klubs uzskait\u012bja se\u0161us sp\u0113l\u0113t\u0101jus, kuri nevar\u0113ja sp\u0113l\u0113t savainojumu d\u0113\u013c, bet v\u0113l se\u0161i sp\u0113l\u0113t\u0101ji nesp\u0113l\u0113ja person\u012bgo iemeslu vai p\u0101rslodzes d\u0113\u013c.<\/p>\n<p>&#8220;Zin\u0101j\u0101m, ka dosimies uz sp\u0113li ar sa\u012bsin\u0101tu sast\u0101vu, jo mums ir saspringts sp\u0113\u013cu grafiks un daudz nelielu traumu. Mums vajadz\u0113ja dot da\u017eiem sp\u0113l\u0113t\u0101jiem br\u012bvdienu, un m\u0113s pa\u0146\u0113m\u0101m sp\u0113l\u0113t\u0101jus no junioru komandas,&#8221; sac\u012bja &#8220;Sparta&#8221; galvenais treneris Jaroslavs Nedveds, kuru cit\u0113ja medijs &#8220;hokej.cz&#8221;. &#8220;M\u0113s dev\u0101m iesp\u0113ju jaunajiem pui\u0161iem, kuriem tas bija liels izaicin\u0101jums. Otra lieta ir pretinieka kvalit\u0101te, kas bija nep\u0101rprotami augst\u0101ka. Es uzskatu, ka, ja m\u0113s b\u016btu ieradu\u0161ies ar pilnu sast\u0101vu, sp\u0113le, iesp\u0113jams, b\u016btu bijusi l\u012bdzsvarot\u0101ka. M\u0113s s\u0101k\u0101m slikti, un tad pretinieks domin\u0113ja.&#8221;<\/p>\n<p>Tom\u0113r kluba l\u012bdzjut\u0113ji bija neapmierin\u0101ti ar komandas pie\u0146emtajiem l\u0113mumiem un rezult\u0101tiem \u010cempionu l\u012bgas astotda\u013cfin\u0101l\u0101.<\/p>\n<p>&#8220;M\u016bsu m\u0113r\u0137is nav nevienu izsmiet vai rad\u012bt spiedienu uz sp\u0113l\u0113t\u0101jiem. Tom\u0113r m\u0113s v\u0113lamies, lai &#8220;Sparta&#8221; nesaist\u012btu savu nosaukumu ar to farsu, kas bija saist\u012bts ar pirmo sp\u0113li, jo to cit\u0101d\u0101k nevar nosaukt,&#8221; sav\u0101 &#8220;Facebook&#8221; lap\u0101 ierakst\u0101 rakst\u012bja &#8220;Sparta Hockey Supporters&#8221;. &#8220;M\u0113s nov\u0113rt\u0113jam l\u0113mumu atmaks\u0101t l\u012bdzjut\u0113ju ce\u013ca izdevumus. Tas ir god\u012bgs \u017eests, ko m\u0113s neuztveram k\u0101 pa\u0161saprotamu un kas par\u0101da, ka klubs nebanaliz\u0113 situ\u0101ciju un saprot m\u016bsu vil\u0161anos.&#8221;<\/p>\n<p>&#8220;Ta\u010du m\u0113s probl\u0113mu redzam l\u0113mum\u0101 par sast\u0101vu kopum\u0101. &#8220;Sparta&#8221; ir klubs ar v\u0113sturi, v\u0101rdu un amb\u012bcij\u0101m. Praktiski puses komandas nos\u016bt\u012b\u0161ana uz CHL astotda\u013cfin\u0101lu, kur m\u0113s sevi prezent\u0113jam Eiropas l\u012bmen\u012b, papildin\u0101ti ar sp\u0113l\u0113t\u0101jiem no cit\u0101m sacens\u012bb\u0101m un izliekoties, ka viss ir k\u0101rt\u012bb\u0101, mums ir necien\u012bgi. M\u0113s to saucam par farsu nevis t\u0101p\u0113c, lai k\u0101du aizvainotu, bet gan t\u0101p\u0113c, ka pieeja tik svar\u012bgai sp\u0113lei bija vienk\u0101r\u0161i neattaisnojama,&#8221; uzsv\u0113ra l\u012bdzjut\u0113ji.<\/p>\n<p>Savuk\u0101rt Pr\u0101gas kluba v\u0101rtsargs Jakubs Kov\u0101r\u017es deva citu skat\u012bjumu. &#8220;Sast\u0101vs, kas aizlidoja uz C\u016bgu, \u0161eit iepriek\u0161 sagr\u0101va Francijas \u010dempionus. Visi to slav\u0113ja, visiem patika. Tika sp\u0113l\u0113ts \u0101trs <a rel=\"noopener nofollow\" target=\"_blank\" href=\"https:\/\/www.delfi.lv\/temas\/34165531\/hokejs\" tag-id=\"34165531\">hokejs<\/a>, kuru bija bauda skat\u012bties un kur\u0101 tika g\u016bti skaisti v\u0101rti. Mums j\u0101koncentr\u0113jas uz hokeju un savu sniegumu, nevis uz to, k\u0101du sast\u0101vu m\u0113s nos\u016bt\u012bj\u0101m uz sp\u0113li. Lab\u0101k b\u016btu koncentr\u0113ties uz to, k\u0101 m\u0113s un jaunie sp\u0113l\u0113t\u0101ji p\u0101rsp\u0113j\u0101m fran\u010dus vai k\u0101 m\u0113s iepriek\u0161 uzvar\u0113j\u0101m C\u012brihi.&#8221;<\/p>\n<p>Savuk\u0101rt cits \u010cehijas klubs Brno &#8220;Kometa&#8221; no \u010cempionu l\u012bgas izst\u0101j\u0101s p\u0113c zaud\u0113juma divu sp\u0113\u013cu summ\u0101 ar 6:9 Zviedrijas klubam pret &#8220;Lulea&#8221;. Brno komanda uz pirmo sp\u0113li Zviedrij\u0101 dev\u0101s ar jaunie\u0161u sast\u0101vu, bet no pamatsast\u0101va ierind\u0101 bija tikai divi sp\u0113l\u0113t\u0101ji. Komanda piedz\u012bvoja sagr\u0101vi ar 1:6, bet atbildes sp\u0113l\u0113 sav\u0101 laukum\u0101 guva uzvaru ar 5:3.<\/p>\n<p>Pirm\u0101 sp\u0113le Zviedrij\u0101 bija \u012bpa\u0161i z\u012bm\u012bga ar to, ka p\u0113c nosp\u0113l\u0113t\u0101m div\u0101m tre\u0161da\u013c\u0101m rezult\u0101ts bija neiz\u0161\u0137irts 1:1, ta\u010du tad &#8220;Kometa&#8221; l\u0113ma veikt v\u0101rtsarga mai\u0146u, un pieredz\u0113ju\u0161\u0101 Ga\u0161pera Kro\u0161e\u013ca viet\u0101 v\u0101rtos st\u0101j\u0101s 19 gadus vecais Jans Ondra\u010deks, kur\u0161 15 min\u016b\u0161u laik\u0101 ielaida piecus v\u0101rtus.<\/p>\n<p>&#8220;Kometa&#8221; fani nebija mier\u0101 ar komandas l\u0113mumiem, un uz atbildes sp\u0113li kl\u0101tien\u0113 ierad\u0101s tikai 2142 fani. K\u0101 nor\u0101da &#8220;hokej.cz&#8221;, tad p\u0101rbaudes sp\u0113les parasti piesaista vair\u0101k skat\u012bt\u0101ju.<\/p>\n<p>&#8220;M\u0113s zin\u0101j\u0101m, ka fani nav piln\u012bb\u0101 apmierin\u0101ti ar m\u016bsu pieeju \u010cempionu l\u012bgai, bet es nemaz nezin\u0101ju, vai vi\u0146i \u0161odien ierad\u012bsies,&#8221; sac\u012bja uzbruc\u0113js \u0160imons Stranskis.<\/p>\n<p>&#8220;Pirmk\u0101rt, es teiktu, ka grandiozais nosaukums &#8220;\u010cempionu l\u012bga&#8221; ir maldino\u0161s. Katrs l\u012bdzjut\u0113js to sal\u012bdzina ar futbolu, kas ir utopija no ekonomisk\u0101 un organizatorisk\u0101 viedok\u013ca,&#8221; uzsv\u0113ra Brno &#8220;Kometa&#8221; vad\u012bt\u0101js \u013bibors Zabranskis. &#8220;Es dom\u0101ju, ka visi klubi, kas sp\u0113l\u0113 turn\u012br\u0101, to izj\u016bt ekonomiski. Mums ir j\u0101piedal\u0101s \u0161aj\u0101 turn\u012br\u0101, bet, ja m\u0113s var\u0113tu nodot ties\u012bbas piedal\u012bties sacens\u012bb\u0101s bez maksas, m\u0113s to dar\u012btu bez vilcin\u0101\u0161an\u0101s. Ja vien k\u0101ds visp\u0101r b\u016btu ieinteres\u0113ts.&#8221;<\/p>\n<p>Zabranskis uzsv\u0113ra, ka &#8220;Kometa&#8221; par iek\u013c\u016b\u0161anu astotda\u013cfin\u0101l\u0101 sa\u0146\u0113ma tikai 15 t\u016bksto\u0161us eiro, bet lidojums uz Zviedriju izmaks\u0101 daudz d\u0101rg\u0101k.<\/p>\n<p>&#8220;T\u0101p\u0113c k\u0101ds man paskaidrojiet, k\u0101da ir lo\u0123ika? Vai k\u0101ds no tiem, kas tagad tik \u013coti kritiz\u0113 &#8220;Kometa&#8221;, par to zina? Es t\u0101 nedom\u0101ju.&#8221;<\/p>\n<p>Sav\u0101 pieredz\u0113 dal\u012bj\u0101s ar\u012b Latvijas hokejists Ralfs Freibergs, kur\u0161 sav\u0101 podk\u0101st\u0101 atkl\u0101ja, ka pag\u0101ju\u0161aj\u0101 sezon\u0101 vi\u0146a iepriek\u0161\u0113j\u0101 kluba Hradeckr\u0101lovas &#8220;Mountfield&#8221; vad\u012bba bija dusm\u012bga, ka t\u0101 kvalific\u0113j\u0101s \u010cempionu l\u012bgai.<\/p>\n<p>&#8220;Kad m\u0113s ar Hradeckr\u0101lovu izc\u012bn\u012bj\u0101m otro vietu un kvalific\u0113j\u0101mies \u010cempionu l\u012bgai, komandas vad\u012bba bija dusm\u012bga, jo \u010cempionu l\u012bga ir tikai izmaksas. Ta\u010du sp\u0113l\u0113t\u0101jiem, piem\u0113ram, \u0160veic\u0113 \u010cempionu l\u012bga ir \u013coti svar\u012bga, jo vi\u0146iem piesol\u012bti bonusi par uzvaru. \u010cehij\u0101 t\u0101das atrunas nav,&#8221; st\u0101st\u012bja Freibergs.<\/p>\n<p class=\"m-0\">Seko &#8220;Delfi&#8221; ar\u012b  <a target=\"_blank\" href=\"https:\/\/www.instagram.com\/delfi.lv\/\" rel=\"nofollow noopener\">Instagram<\/a>  un <a target=\"_blank\" href=\"https:\/\/www.youtube.com\/channel\/UCw5foWtcJvAbUm64rv7jwUQ\" rel=\"nofollow noopener\">YouTube<\/a>  profil\u0101 \u2013 pievienojies, lai uzzin\u0101tu svar\u012bg\u0101ko un interesant\u0101ko pirmais!<\/p>\n<p>Publik\u0101cijas saturs vai t\u0101s jebk\u0101da apjoma da\u013ca ir aizsarg\u0101ts autorties\u012bbu objekts Autorties\u012bbu likuma izpratn\u0113, un t\u0101 izmanto\u0161ana bez izdev\u0113ja at\u013caujas ir aizliegta. Vair\u0101k lasi  <a target=\"_blank\" href=\"https:\/\/www.delfi.lv\/noteikumi#autortiesibas\" rel=\"nofollow noopener\">\u0161eit<\/a><script async src=\"\/\/www.instagram.com\/embed.js\"><\/script><\/p>\n","protected":false},"excerpt":{"rendered":"No Starptautisk\u0101s hokeja feder\u0101cijas (IIHF) r\u012bkot\u0101s \u010cempionu l\u012bgas astotda\u013cfin\u0101la diezgan skandalozi izst\u0101j\u0101s abas \u010cehijas komandas \u2013 M\u0101rti\u0146a Dzierkala&hellip;\n","protected":false},"author":2,"featured_media":53707,"comment_status":"","ping_status":"","sticky":false,"template":"","format":"standard","meta":{"footnotes":""},"categories":[17],"tags":[394,35,39,38,36,37,34,40,6355,4735,67],"class_list":{"0":"post-53706","1":"post","2":"type-post","3":"status-publish","4":"format-standard","5":"has-post-thumbnail","7":"category-sports","8":"tag-hokejs","9":"tag-latvia","10":"tag-latvian","11":"tag-latviesu","12":"tag-latviesu-valoda","13":"tag-latviesuvaloda","14":"tag-latvija","15":"tag-lv","16":"tag-martins-dzierkals","17":"tag-sparta","18":"tag-sports"},"share_on_mastodon":{"url":"https:\/\/pubeurope.com\/@lv\/115576496640083364","error":""},"_links":{"self":[{"href":"https:\/\/www.europesays.com\/lv\/wp-json\/wp\/v2\/posts\/53706","targetHints":{"allow":["GET"]}}],"collection":[{"href":"https:\/\/www.europesays.com\/lv\/wp-json\/wp\/v2\/posts"}],"about":[{"href":"https:\/\/www.europesays.com\/lv\/wp-json\/wp\/v2\/types\/post"}],"author":[{"embeddable":true,"href":"https:\/\/www.europesays.com\/lv\/wp-json\/wp\/v2\/users\/2"}],"replies":[{"embeddable":true,"href":"https:\/\/www.europesays.com\/lv\/wp-json\/wp\/v2\/comments?post=53706"}],"version-history":[{"count":0,"href":"https:\/\/www.europesays.com\/lv\/wp-json\/wp\/v2\/posts\/53706\/revisions"}],"wp:featuredmedia":[{"embeddable":true,"href":"https:\/\/www.europesays.com\/lv\/wp-json\/wp\/v2\/media\/53707"}],"wp:attachment":[{"href":"https:\/\/www.europesays.com\/lv\/wp-json\/wp\/v2\/media?parent=53706"}],"wp:term":[{"taxonomy":"category","embeddable":true,"href":"https:\/\/www.europesays.com\/lv\/wp-json\/wp\/v2\/categories?post=53706"},{"taxonomy":"post_tag","embeddable":true,"href":"https:\/\/www.europesays.com\/lv\/wp-json\/wp\/v2\/tags?post=53706"}],"curies":[{"name":"wp","href":"https:\/\/api.w.org\/{rel}","templated":true}]}}