{"id":53712,"date":"2025-11-19T13:07:12","date_gmt":"2025-11-19T13:07:12","guid":{"rendered":"https:\/\/www.europesays.com\/lv\/53712\/"},"modified":"2025-11-19T13:07:12","modified_gmt":"2025-11-19T13:07:12","slug":"daugavins-hokejista-karjeru-turpinas-vacijas-del-2-kluba-huskies","status":"publish","type":"post","link":"https:\/\/www.europesays.com\/lv\/53712\/","title":{"rendered":"Daugavi\u0146\u0161 hokejista karjeru turpin\u0101s V\u0101cijas DEL-2 klub\u0101 &#8220;Huskies&#8221;"},"content":{"rendered":"<p>N\u0101kamos asto\u0146us gadus latvietis sp\u0113l\u0113ja KHL, p\u0101rst\u0101vot Maskavas &#8220;Dinamo&#8221;, \u0145i\u017e\u0146ijnovgorodas &#8220;Torpedo&#8221; un Maskavas &#8220;Spartak&#8221;, 459 sp\u0113l\u0113s sakr\u0101jot 293 (118+175) rezultativit\u0101tes punktus un vienreiz piedaloties KHL &#8220;Visu zvaig\u017e\u0146u&#8221; sp\u0113l\u0113.<\/p>\n<p>P\u0113c sp\u0113l\u0113\u0161anas &#8220;Bern&#8221; komand\u0101 NL Daugavi\u0146\u0161 V\u0101cijas \u010dempion\u0101t\u0101 2022.\/2023. gada sezon\u0101 55 sp\u0113l\u0113s sakr\u0101ja 49 (21+28) punktus Izerlonas &#8220;Roosters&#8221; komandas sast\u0101v\u0101.<\/p>\n<p>N\u0101kamo divu sezonu laik\u0101 vi\u0146\u0161 bija Slov\u0101kijas kluba Mihalovces &#8220;Dukla&#8221; kapteinis.<\/p>\n<p>Daugavi\u0146\u0161 tr\u012bsreiz sp\u0113l\u0113ja pasaules \u010dempion\u0101tos Latvijas U-18 izlases un tr\u012bsreiz &#8211; Latvijas U-20 izlases sast\u0101v\u0101.<\/p>\n<p>17 gadu vecum\u0101 2006. gad\u0101 vi\u0146\u0161 Latvijas izlas\u0113 debit\u0113ja pasaules \u010dempion\u0101t\u0101 Latvij\u0101, k\u013c\u016bstot par jaun\u0101ko sp\u0113l\u0113t\u0101ju, kur\u0161 jebkad p\u0101rst\u0101v\u0113jis Latviju.<\/p>\n<p>Uzbruc\u0113js ir piedal\u012bjies 13 pasaules \u010dempion\u0101tos un tr\u012bs olimpiskaj\u0101s sp\u0113l\u0113s. Vi\u0146\u0161 bija Latvijas izlases kapteinis no 2015. l\u012bdz 2017. gadam, k\u0101 ar\u012b 2021., 2023. un 2025. gad\u0101. 2023. gad\u0101 vi\u0146\u0161 kop\u0101 ar Latviju izc\u012bn\u012bja bronzas meda\u013cu pasaules \u010dempion\u0101t\u0101.<\/p>\n<p>Otrdien Daugavi\u0146\u0161 k\u013cuva par Triju Zvaig\u017e\u0146u orde\u0146a virsnieku.<\/p>\n<p>Daugavi\u0146\u0161 &#8220;Huskies&#8221; komand\u0101 sp\u0113l\u0113s ar 16. numuru.<\/p>\n<p>&#8220;Daugavi\u0146\u0161 ir pieredz\u0113jis, aizsardz\u012bb\u0101 gr\u016bti apturams un \u013coti talant\u012bgs sp\u0113l\u0113t\u0101js, kur\u0161 ir ar\u012b Latvijas izlases kapteinis,&#8221; uzsver &#8220;Huskies&#8221; sporta direktors Daniels Kreicers.<\/p>\n<p>&#8220;Dar\u012b\u0161u visu iesp\u0113jamo, lai pal\u012bdz\u0113tu komandai iek\u013c\u016bt V\u0101cijas augst\u0101kaj\u0101 hokeja l\u012bg\u0101 (DEL), saka Daugavi\u0146\u0161, piebilstot, ka komandai pievienosies tre\u0161dien.<\/p>\n<p>&#8220;Huskies&#8221; DEL-2 \u010dempion\u0101t\u0101 ar 32 punktiem 16 sp\u0113l\u0113s ie\u0146em tre\u0161o vietu.<\/p>\n","protected":false},"excerpt":{"rendered":"N\u0101kamos asto\u0146us gadus latvietis sp\u0113l\u0113ja KHL, p\u0101rst\u0101vot Maskavas &#8220;Dinamo&#8221;, \u0145i\u017e\u0146ijnovgorodas &#8220;Torpedo&#8221; un Maskavas &#8220;Spartak&#8221;, 459 sp\u0113l\u0113s sakr\u0101jot 293&hellip;\n","protected":false},"author":2,"featured_media":53713,"comment_status":"","ping_status":"","sticky":false,"template":"","format":"standard","meta":{"footnotes":""},"categories":[17],"tags":[394,721,1535,35,39,38,36,37,34,40,67],"class_list":{"0":"post-53712","1":"post","2":"type-post","3":"status-publish","4":"format-standard","5":"has-post-thumbnail","7":"category-sports","8":"tag-hokejs","9":"tag-hokejs-pasaule","10":"tag-kaspars-daugavins","11":"tag-latvia","12":"tag-latvian","13":"tag-latviesu","14":"tag-latviesu-valoda","15":"tag-latviesuvaloda","16":"tag-latvija","17":"tag-lv","18":"tag-sports"},"share_on_mastodon":{"url":"https:\/\/pubeurope.com\/@lv\/115576520261043297","error":""},"_links":{"self":[{"href":"https:\/\/www.europesays.com\/lv\/wp-json\/wp\/v2\/posts\/53712","targetHints":{"allow":["GET"]}}],"collection":[{"href":"https:\/\/www.europesays.com\/lv\/wp-json\/wp\/v2\/posts"}],"about":[{"href":"https:\/\/www.europesays.com\/lv\/wp-json\/wp\/v2\/types\/post"}],"author":[{"embeddable":true,"href":"https:\/\/www.europesays.com\/lv\/wp-json\/wp\/v2\/users\/2"}],"replies":[{"embeddable":true,"href":"https:\/\/www.europesays.com\/lv\/wp-json\/wp\/v2\/comments?post=53712"}],"version-history":[{"count":0,"href":"https:\/\/www.europesays.com\/lv\/wp-json\/wp\/v2\/posts\/53712\/revisions"}],"wp:featuredmedia":[{"embeddable":true,"href":"https:\/\/www.europesays.com\/lv\/wp-json\/wp\/v2\/media\/53713"}],"wp:attachment":[{"href":"https:\/\/www.europesays.com\/lv\/wp-json\/wp\/v2\/media?parent=53712"}],"wp:term":[{"taxonomy":"category","embeddable":true,"href":"https:\/\/www.europesays.com\/lv\/wp-json\/wp\/v2\/categories?post=53712"},{"taxonomy":"post_tag","embeddable":true,"href":"https:\/\/www.europesays.com\/lv\/wp-json\/wp\/v2\/tags?post=53712"}],"curies":[{"name":"wp","href":"https:\/\/api.w.org\/{rel}","templated":true}]}}