{"id":53716,"date":"2025-11-19T13:12:08","date_gmt":"2025-11-19T13:12:08","guid":{"rendered":"https:\/\/www.europesays.com\/lv\/53716\/"},"modified":"2025-11-19T13:12:08","modified_gmt":"2025-11-19T13:12:08","slug":"mood-light-dressing-eleganta-alternativa-svetku-kleitam","status":"publish","type":"post","link":"https:\/\/www.europesays.com\/lv\/53716\/","title":{"rendered":"&#8220;Mood-Light Dressing&#8221; \u2013 elegant\u0101 alternat\u012bva sv\u0113tku kleit\u0101m"},"content":{"rendered":"<p>Sv\u0113tku sezona tuvojas strauji  \u2013 korporat\u012bvie pas\u0101kumi, draugu tik\u0161an\u0101s un Ziemassv\u0113tku balles ir tepat priek\u0161\u0101, bet daudzi nev\u0113las ieg\u0101d\u0101ties jaunu vakarkleitu, kas p\u0113c vienas reizes atkal gul\u0113s skap\u012b l\u012bdz n\u0101kamajam decembrim. Tie\u0161i t\u0101p\u0113c \u0161aj\u0101 sezon\u0101 arvien popul\u0101r\u0101ks k\u013c\u016bst stilistisks risin\u0101jums ar nosaukumu &#8220;Mood-Light Dressing&#8221; \u2013 moderns, izsmalcin\u0101ts un vienlaikus praktisks veids, k\u0101 izveidot svin\u012bgu t\u0113lu bez liek\u0101m izmaks\u0101m.<\/p>\n<p>\u0160\u012b stila b\u016bt\u012bba ir \u013coti vienk\u0101r\u0161a: pie caursp\u012bd\u012bgiem, gais\u012bgiem vai me\u017e\u0123\u012b\u0146u sv\u0101rkiem tiek kombin\u0113ta silt\u0101ka, apjom\u012bg\u0101ka aug\u0161da\u013ca. T\u0101 var b\u016bt step\u0113ta jaka, br\u012bvs d\u017eemperis, pagarin\u0101ts \u017eakete, klasisks krekls, ar gar\u0101m piedurkn\u0113m vai pat rupj\u0101 ad\u012bjuma kardigans. <\/p>\n<blockquote><p>Tie\u0161i kontrasts starp vieglo sv\u0101rku materi\u0101lu un mas\u012bv\u0101ku aug\u0161da\u013cu rada to efektu, kuru p\u0113d\u0113jos m\u0113ne\u0161os bie\u017ei redzam uz modes skat\u0113m un ielu stila fotogr\u0101fij\u0101m \u2013 modernu, \u0113rtu un izteiksm\u012bgu siluetu.<\/p><\/blockquote>\n<p> Modes dizaineri \u0161osezon \u012bpa\u0161i aktualiz\u0113ju\u0161i caursp\u012bd\u012bgus audumus, ta\u010du, at\u0161\u0137ir\u012bb\u0101 no iepriek\u0161\u0113jiem gadiem, kad tos kombin\u0113ja ar apsp\u012bl\u0113tiem topiem, m\u016bsdien\u012bga pieeja ir daudz silt\u0101ka un praktisk\u0101ka \u2014 gais\u012bgo &#8220;kailo&#8221; apak\u0161u balans\u0113t ar \u0113rtu &#8220;oversize&#8221; aug\u0161da\u013cu.<\/p>\n<p>Tiem, kuriem \u0161\u0137iet, ka \u0161is stils var\u0113tu b\u016bt par atkl\u0101tu, ir vair\u0101ki dro\u0161i risin\u0101jumi. Var izv\u0113l\u0113ties sv\u0101rkus ar oderi, kas saglab\u0101 gais\u012bgumu, bet nomierina caursp\u012bd\u012bgumu. Savuk\u0101rt tum\u0161as, bl\u012bvas ze\u0137bikses pie\u0161\u0137ir t\u0113lam eleganci un pal\u012bdz justies komfortabli. <\/p>\n<blockquote><p>Gais\u012bgie sv\u0101rki \u012bpa\u0161i labi &#8220;sadz\u012bvo&#8221; ar lakonisku, t\u012bru aug\u0161da\u013cu \u2013 struktur\u0113tu \u017eaketi, mier\u012bgu d\u017eemperi vai klasisku kreklu. Lai t\u0113ls b\u016btu vizu\u0101li iznes\u012bgs, stilisti iesaka pievienot kaut nelielu pap\u0113di, kas pagarina k\u0101jas l\u012bniju un pie\u0161\u0137ir vieglumu.<\/p><\/blockquote>\n<p>&#8220;Mood-Light Dressing&#8221; pamat\u0101 ir proporciju l\u012bdzsvars \u2013 viegl\u0101, caursp\u012bd\u012bg\u0101 sv\u0101rku da\u013ca skaisti izce\u013cas, ja aug\u0161da\u013ca beidzas gurnu vai nedaudz zem\u0101k\u0101 l\u012bmen\u012b. Vislab\u0101k \u0161aj\u0101 kombin\u0101cij\u0101 str\u0101d\u0101 midi vai maxi garuma sv\u0101rki, kas veido pl\u016bsto\u0161u, harmonisku siluetu. Lai ar\u012b \u0161is stils bie\u017ei tiek saist\u012bts ar sv\u0113tku sezonu, t\u0101 liel\u0101k\u0101 priek\u0161roc\u012bba ir univers\u0101lums \u2013 to var piel\u0101got visiem gadalaikiem. <\/p>\n<blockquote><p>Ziem\u0101 sv\u0101rkus var apvienot ar biezu d\u017eemperi un gariem z\u0101bakiem, pavasar\u012b ar \u017eaketi un kurp\u0113m, vasar\u0101 ar vieglu kreklu, bet ruden\u012b ar \u0101das jaku.<\/p><\/blockquote>\n<p>Tie\u0161i \u0161\u012b piel\u0101gojam\u012bba padara &#8220;Mood-Light Dressing&#8221; par vienu no demokr\u0101tisk\u0101kajiem un praktisk\u0101kajiem sezonas trendiem. Tas neprasa d\u0101rgas ieg\u0101des, darbojas ar dr\u0113b\u0113m, kuras skap\u012b jau ir, un pied\u0101v\u0101 stil\u012bgu alternat\u012bvu vakarkleit\u0101m, kuras parasti tiek vilktas tikai vienu reizi. Turkl\u0101t \u0161is ir stils, kas ar\u012b p\u0113c sv\u0113tkiem nepazud\u012bs plaukt\u0101, bet k\u013c\u016bs par praktisku risin\u0101jumu ikdienas garderob\u0113 visas 2025.\u20132026. sezonas garum\u0101.<\/p>\n<p>Lasi ar\u012b!<\/p>\n<p>&#13;<br \/>\n&#13;<br \/>\n<a target=\"_blank\" href=\"https:\/\/www.1188.lv\/zinas\/brantu-muizas-saimniece-ilze-briede-parsteidz-stilisti-indru-salcevicu-ar-radoso-pieeju-garderobes-veidosana\/57732\" rel=\"nofollow noopener\">Brantu mui\u017eas saimniece Ilze Briede p\u0101rsteidz stilisti Indru Salcevi\u010du ar rado\u0161o pieeju garderobes veido\u0161an\u0101<\/a>&#13;<br \/>\n&#13;<br \/>\n<\/p>\n<p>&#13;<br \/>\n&#13;<br \/>\n<a target=\"_blank\" href=\"https:\/\/www.1188.lv\/zinas\/liene-usakova-kartejo-reizi-laujas-ekstremai-skaistumkopsanas-pieredzei\/57612\" rel=\"nofollow noopener\">Liene U\u0161akova k\u0101rt\u0113jo reizi \u013caujas ekstr\u0113mai skaistumkop\u0161anas pieredzei<\/a>&#13;<br \/>\n&#13;<br \/>\n<\/p>\n<p>&#13;<br \/>\n&#13;<br \/>\n<a target=\"_blank\" href=\"https:\/\/www.1188.lv\/zinas\/tu-nevari-protestet-aleksandra-kurusova-pirmoreiz-atlauj-virietim-sevi-apgerbt\/57611\" rel=\"nofollow noopener\">&#8220;Tu nevari protest\u0113t!&#8221; Aleksandra Kurusova pirmoreiz at\u013cauj v\u012brietim sevi ap\u0123\u0113rbt<\/a>&#13;<br \/>\n&#13;<br \/><\/p>\n","protected":false},"excerpt":{"rendered":"Sv\u0113tku sezona tuvojas strauji \u2013 korporat\u012bvie pas\u0101kumi, draugu tik\u0161an\u0101s un Ziemassv\u0113tku balles ir tepat priek\u0161\u0101, bet daudzi nev\u0113las&hellip;\n","protected":false},"author":2,"featured_media":53717,"comment_status":"","ping_status":"","sticky":false,"template":"","format":"standard","meta":{"footnotes":""},"categories":[19],"tags":[129,4931,89,90,35,39,38,36,37,34,40,4932,4933],"class_list":{"0":"post-53716","1":"post","2":"type-post","3":"status-publish","4":"format-standard","5":"has-post-thumbnail","7":"category-izklaide","8":"tag-__typenameadvicekeyword","9":"tag-id733","10":"tag-entertainment","11":"tag-izklaide","12":"tag-latvia","13":"tag-latvian","14":"tag-latviesu","15":"tag-latviesu-valoda","16":"tag-latviesuvaloda","17":"tag-latvija","18":"tag-lv","19":"tag-slugmodes-tendences","20":"tag-titlemodes-tendences"},"share_on_mastodon":{"url":"https:\/\/pubeurope.com\/@lv\/115576539942158197","error":""},"_links":{"self":[{"href":"https:\/\/www.europesays.com\/lv\/wp-json\/wp\/v2\/posts\/53716","targetHints":{"allow":["GET"]}}],"collection":[{"href":"https:\/\/www.europesays.com\/lv\/wp-json\/wp\/v2\/posts"}],"about":[{"href":"https:\/\/www.europesays.com\/lv\/wp-json\/wp\/v2\/types\/post"}],"author":[{"embeddable":true,"href":"https:\/\/www.europesays.com\/lv\/wp-json\/wp\/v2\/users\/2"}],"replies":[{"embeddable":true,"href":"https:\/\/www.europesays.com\/lv\/wp-json\/wp\/v2\/comments?post=53716"}],"version-history":[{"count":0,"href":"https:\/\/www.europesays.com\/lv\/wp-json\/wp\/v2\/posts\/53716\/revisions"}],"wp:featuredmedia":[{"embeddable":true,"href":"https:\/\/www.europesays.com\/lv\/wp-json\/wp\/v2\/media\/53717"}],"wp:attachment":[{"href":"https:\/\/www.europesays.com\/lv\/wp-json\/wp\/v2\/media?parent=53716"}],"wp:term":[{"taxonomy":"category","embeddable":true,"href":"https:\/\/www.europesays.com\/lv\/wp-json\/wp\/v2\/categories?post=53716"},{"taxonomy":"post_tag","embeddable":true,"href":"https:\/\/www.europesays.com\/lv\/wp-json\/wp\/v2\/tags?post=53716"}],"curies":[{"name":"wp","href":"https:\/\/api.w.org\/{rel}","templated":true}]}}