{"id":53738,"date":"2025-11-19T13:56:07","date_gmt":"2025-11-19T13:56:07","guid":{"rendered":"https:\/\/www.europesays.com\/lv\/53738\/"},"modified":"2025-11-19T13:56:07","modified_gmt":"2025-11-19T13:56:07","slug":"kinas-ekonomika-bremzejas-asv-nosledzies-valdibas-darbibas-partraukums-dienas-bizness","status":"publish","type":"post","link":"https:\/\/www.europesays.com\/lv\/53738\/","title":{"rendered":"\u0136\u012bnas ekonomika bremz\u0113jas, ASV nosl\u0113dzies vald\u012bbas darb\u012bbas p\u0101rtraukums :: Dienas Bizness"},"content":{"rendered":"<p class=\"text-font font-size--text-xlarge margin-3--bottom font-weight--bold padding-1--top\">Aprites ekonomika pie\u0146emas sp\u0113k\u0101, tom\u0113r perspekt\u012bv\u0101 t\u0101s apjomi b\u016bs daudz liel\u0101ki, t\u0101p\u0113c ir b\u016btiska ne tikai pieredzes apmai\u0146a, bet ar\u012b jaunu iesp\u0113ju un ar\u012bdzan \u0161\u0137\u0113r\u0161\u013cu identific\u0113\u0161ana.<\/p>\n<p class=\"text-font font-size--text-xlarge margin-3--bottom\">To paredz\u0113ts risin\u0101t Latvijas aprites ekonomikas forum\u0101, kur\u0161 ir pirmais tik pla\u0161s pas\u0101kums Baltijas valst\u012bs, kas velt\u012bts aprites ekonomikas tematikai. Paredz\u0113tas 37 tematisk\u0101s sesijas, diskusijas, prezent\u0101cijas un praktiskas darbn\u012bcas, velt\u012btas daudz\u0101m nozar\u0113m: tekstilam, plastmasai, koksnei, p\u0101rtikas apritei, rado\u0161umam, izgl\u012bt\u012bbas un pas\u0101kumu organiz\u0113\u0161anai, r\u012bc\u012bbpolitiku izstr\u0101dei un praktiskai \u012bsteno\u0161anai.<\/p>\n<p class=\"text-font font-size--text-xlarge margin-3--bottom\">Spogu\u013ca efekts<\/p>\n<p class=\"text-font font-size--text-xlarge margin-3--bottom\">\u201cForums ir t\u0101 vieta, kur m\u0113\u0123in\u0101sim saprast, k\u0101da ir situ\u0101cija Latvij\u0101, par\u0101dot savdab\u012bgu moza\u012bku no vis\u0101m nozar\u0113m, uz\u0146\u0113m\u0113jiem, zin\u0101tniekiem vienlaikus cen\u0161oties atbild\u0113t uz jaut\u0101jumu, vai ir nepiecie\u0161amas k\u0101das p\u0101rmai\u0146as normat\u012bvo aktu l\u012bmen\u012b,\u201d skaidro pas\u0101kuma organizatora R\u012bgas Ener\u0123\u0113tikas a\u0123ent\u016bras vec\u0101kais eksperts T\u0101lis Linkaits.Vi\u0146\u0161 skaidro, ka foruma m\u0113r\u0137is ir stimul\u0113t aprites ekonomikas principu piem\u0113ro\u0161anu gan uz\u0146\u0113mumos, gan pa\u0161vald\u012bb\u0101s, veicinot priv\u0101t\u0101 un publisk\u0101 sektora, k\u0101 ar\u012b zin\u0101tnieku sadarb\u012bbu. \u201cAprites ekonomika ir gudra saimnieko\u0161ana vis\u0101s jom\u0101s, pat\u0113r\u0113jot maz\u0101k resursu, vienlaikus radot vair\u0101k produkcijas, bet tom\u0113r maz\u0101k atkritumu,\u201d skaidro T. Linkaits. Vi\u0146\u0161 nor\u0101da, ka pa\u0161laik bie\u017ei vien sabiedr\u012bb\u0101 valda \u012bsti neatbilsto\u0161s priek\u0161stats par aprites ekonomiku k\u0101 atkritumu sist\u0113mas v\u0113l vienu sada\u013cu, kaut ar\u012b b\u016bt\u012bb\u0101 runa ir par piln\u012bgi visiem resursiem, kuri ir cilv\u0113ku r\u012bc\u012bb\u0101. \u201cInterese dal\u012bbai forum\u0101 bija tik liela, ka re\u0123istr\u0101ciju n\u0101c\u0101s sl\u0113gt,\u201d uz jaut\u0101jumu par interesi atbild T. Linkaits.<\/p>\n","protected":false},"excerpt":{"rendered":"Aprites ekonomika pie\u0146emas sp\u0113k\u0101, tom\u0113r perspekt\u012bv\u0101 t\u0101s apjomi b\u016bs daudz liel\u0101ki, t\u0101p\u0113c ir b\u016btiska ne tikai pieredzes apmai\u0146a,&hellip;\n","protected":false},"author":2,"featured_media":53739,"comment_status":"","ping_status":"","sticky":false,"template":"","format":"standard","meta":{"footnotes":""},"categories":[16],"tags":[869,77,870,76,867,35,39,38,36,37,34,871,868,40,21],"class_list":{"0":"post-53738","1":"post","2":"type-post","3":"status-publish","4":"format-standard","5":"has-post-thumbnail","7":"category-bizness","8":"tag-biznesa-zinas","9":"tag-bizness","10":"tag-bizness-latvija","11":"tag-business","12":"tag-dienas-zinas","13":"tag-latvia","14":"tag-latvian","15":"tag-latviesu","16":"tag-latviesu-valoda","17":"tag-latviesuvaloda","18":"tag-latvija","19":"tag-latvijas-biznesa-zinas","20":"tag-latvijas-zinas","21":"tag-lv","22":"tag-zinas"},"share_on_mastodon":{"url":"https:\/\/pubeurope.com\/@lv\/115576713075643680","error":""},"_links":{"self":[{"href":"https:\/\/www.europesays.com\/lv\/wp-json\/wp\/v2\/posts\/53738","targetHints":{"allow":["GET"]}}],"collection":[{"href":"https:\/\/www.europesays.com\/lv\/wp-json\/wp\/v2\/posts"}],"about":[{"href":"https:\/\/www.europesays.com\/lv\/wp-json\/wp\/v2\/types\/post"}],"author":[{"embeddable":true,"href":"https:\/\/www.europesays.com\/lv\/wp-json\/wp\/v2\/users\/2"}],"replies":[{"embeddable":true,"href":"https:\/\/www.europesays.com\/lv\/wp-json\/wp\/v2\/comments?post=53738"}],"version-history":[{"count":0,"href":"https:\/\/www.europesays.com\/lv\/wp-json\/wp\/v2\/posts\/53738\/revisions"}],"wp:featuredmedia":[{"embeddable":true,"href":"https:\/\/www.europesays.com\/lv\/wp-json\/wp\/v2\/media\/53739"}],"wp:attachment":[{"href":"https:\/\/www.europesays.com\/lv\/wp-json\/wp\/v2\/media?parent=53738"}],"wp:term":[{"taxonomy":"category","embeddable":true,"href":"https:\/\/www.europesays.com\/lv\/wp-json\/wp\/v2\/categories?post=53738"},{"taxonomy":"post_tag","embeddable":true,"href":"https:\/\/www.europesays.com\/lv\/wp-json\/wp\/v2\/tags?post=53738"}],"curies":[{"name":"wp","href":"https:\/\/api.w.org\/{rel}","templated":true}]}}