{"id":53755,"date":"2025-11-19T14:15:13","date_gmt":"2025-11-19T14:15:13","guid":{"rendered":"https:\/\/www.europesays.com\/lv\/53755\/"},"modified":"2025-11-19T14:15:13","modified_gmt":"2025-11-19T14:15:13","slug":"zelenskis-dosies-uz-turciju-2","status":"publish","type":"post","link":"https:\/\/www.europesays.com\/lv\/53755\/","title":{"rendered":"Zelenskis dosies uz Turciju"},"content":{"rendered":"<p>Ukrainas prezidents Volodimirs Zelenskis tre\u0161dien apmekl\u0113s Turciju un tur sarun\u0101s cent\u012bsies atjaunot Va\u0161ingtonas interesi par Krievijas iebrukuma izbeig\u0161anu, zi\u0146u a\u0123ent\u016brai AFP otrdien apliecin\u0101ja augsta Ukrainas amatpersona.<\/p>\n<p>Zelenskis Ankar\u0101 tiksies ar Turcijas prezidentu Red\u017eepu Tajipu Erdoganu, un vi\u0146a &#8220;galvenais m\u0113r\u0137is ir pan\u0101kt, lai amerik\u0101\u0146i atkal iesaist\u0101s&#8221; miera centienos, kl\u0101st\u012bja amatpersona.<\/p>\n<p>Turciju tre\u0161dien apmekl\u0113s ar\u012b ASV prezidenta Donalda Trampa \u012bpa\u0161ais s\u016btnis St\u012bvens Vitkofs, un ar\u012b vi\u0146\u0161, dom\u0101jams, var\u0113tu tikties ar Zelenski, v\u0113sta zi\u0146u a\u0123ent\u016bra &#8220;Reuters&#8221;, atsaucoties uz avotiem.<\/p>\n<p>Zelenskis, pazi\u0146ojot par gaid\u0101mo viz\u012bti, nor\u0101d\u012bja, ka brauciena m\u0113r\u0137is ir &#8220;aktiviz\u0113t sarunas&#8221; par mieru ar Krieviju.<\/p>\n<p>&#8220;Ar visiem l\u012bdzek\u013ciem tuvin\u0101t kara beigas &#8211; t\u0101 ir Ukrainas galven\u0101 priorit\u0101te. M\u0113s str\u0101d\u0101jam ar\u012b pie g\u016bstek\u0146u apmai\u0146as un atgrie\u0161an\u0101s atjauno\u0161anas,&#8221; nor\u0101d\u012bja Zelenskis.<\/p>\n<p>Otrdien Ukrainas prezidents ir viz\u012bt\u0113 Sp\u0101nij\u0101.<\/p>\n<p><img decoding=\"async\" src=\"https:\/\/www.europesays.com\/lv\/wp-content\/uploads\/2025\/11\/fd17a59aeb0d8201ce20eada86efc907.png\" title=\"Foto: EPA\/NECATI SAVAS\/Scanpix\" alt=\"Foto: EPA\/NECATI SAVAS\/Scanpix\"\/><\/p>\n<p class=\"article-img-desc\">Foto: EPA\/NECATI SAVAS\/Scanpix<\/p>\n","protected":false},"excerpt":{"rendered":"Ukrainas prezidents Volodimirs Zelenskis tre\u0161dien apmekl\u0113s Turciju un tur sarun\u0101s cent\u012bsies atjaunot Va\u0161ingtonas interesi par Krievijas iebrukuma izbeig\u0161anu,&hellip;\n","protected":false},"author":2,"featured_media":53756,"comment_status":"","ping_status":"","sticky":false,"template":"","format":"standard","meta":{"footnotes":""},"categories":[14],"tags":[129,470,473,3204,23,57,28,29,32,33,22,30,31,35,39,38,36,37,34,40,20,26,27,471,474,3205,472,475,3206,24,25,54,55,56,21,58],"class_list":{"0":"post-53755","1":"post","2":"type-post","3":"status-publish","4":"format-standard","5":"has-post-thumbnail","7":"category-zinas-no-arvalstim","8":"tag-__typenameadvicekeyword","9":"tag-id532","10":"tag-id549","11":"tag-id812","12":"tag-aktualitates","13":"tag-arvalstim","14":"tag-breaking-news","15":"tag-breakingnews","16":"tag-featured-news","17":"tag-featurednews","18":"tag-headlines","19":"tag-latest-news","20":"tag-latestnews","21":"tag-latvia","22":"tag-latvian","23":"tag-latviesu","24":"tag-latviesu-valoda","25":"tag-latviesuvaloda","26":"tag-latvija","27":"tag-lv","28":"tag-news","29":"tag-popularakas-zinas","30":"tag-popularakaszinas","31":"tag-slugkars-ukraina","32":"tag-slugkrievijas-iebrukums-ukraina","33":"tag-slugturcija","34":"tag-titlekars-ukraina","35":"tag-titlekrievijas-iebrukums-ukraina","36":"tag-titleturcija","37":"tag-top-stories","38":"tag-topstories","39":"tag-world","40":"tag-world-news","41":"tag-worldnews","42":"tag-zinas","43":"tag-zinas-no-arvalstim"},"share_on_mastodon":{"url":"","error":"Validation failed: Text character limit of 500 exceeded"},"_links":{"self":[{"href":"https:\/\/www.europesays.com\/lv\/wp-json\/wp\/v2\/posts\/53755","targetHints":{"allow":["GET"]}}],"collection":[{"href":"https:\/\/www.europesays.com\/lv\/wp-json\/wp\/v2\/posts"}],"about":[{"href":"https:\/\/www.europesays.com\/lv\/wp-json\/wp\/v2\/types\/post"}],"author":[{"embeddable":true,"href":"https:\/\/www.europesays.com\/lv\/wp-json\/wp\/v2\/users\/2"}],"replies":[{"embeddable":true,"href":"https:\/\/www.europesays.com\/lv\/wp-json\/wp\/v2\/comments?post=53755"}],"version-history":[{"count":0,"href":"https:\/\/www.europesays.com\/lv\/wp-json\/wp\/v2\/posts\/53755\/revisions"}],"wp:featuredmedia":[{"embeddable":true,"href":"https:\/\/www.europesays.com\/lv\/wp-json\/wp\/v2\/media\/53756"}],"wp:attachment":[{"href":"https:\/\/www.europesays.com\/lv\/wp-json\/wp\/v2\/media?parent=53755"}],"wp:term":[{"taxonomy":"category","embeddable":true,"href":"https:\/\/www.europesays.com\/lv\/wp-json\/wp\/v2\/categories?post=53755"},{"taxonomy":"post_tag","embeddable":true,"href":"https:\/\/www.europesays.com\/lv\/wp-json\/wp\/v2\/tags?post=53755"}],"curies":[{"name":"wp","href":"https:\/\/api.w.org\/{rel}","templated":true}]}}