{"id":53758,"date":"2025-11-19T14:36:09","date_gmt":"2025-11-19T14:36:09","guid":{"rendered":"https:\/\/www.europesays.com\/lv\/53758\/"},"modified":"2025-11-19T14:36:09","modified_gmt":"2025-11-19T14:36:09","slug":"sudden-lights-pec-izpardota-rigas-koncerta-izzino-jaunus-datumus-valmiera-un-liepaja-lente-lv","status":"publish","type":"post","link":"https:\/\/www.europesays.com\/lv\/53758\/","title":{"rendered":"\u201cSudden Lights\u201d p\u0113c izp\u0101rdot\u0101 R\u012bgas koncerta izzi\u0146o jaunus datumus Valmier\u0101 un Liep\u0101j\u0101\u00a0\u2014\u00a0Lente.lv"},"content":{"rendered":"<p>Grupa \u201cSudden Lights\u201d turpina iespaid\u012bgo uz\u0146em\u0161anu ar jaun\u0101m koncertu noris\u0113m<\/p>\n<p>P\u0113c grandioz\u0101 un izp\u0101rdot\u0101 koncerta \u201cXiaomi Ar\u0113n\u0101\u201d, kas norisin\u0101j\u0101s valsts sv\u0113tku priek\u0161vakar\u0101, 15. novembr\u012b, grupa \u201cSudden Lights\u201d neapst\u0101jas un jau ir izzi\u0146ojusi savas turpm\u0101k\u0101s tik\u0161an\u0101s ar klaus\u012bt\u0101jiem vis\u0101 Latvij\u0101. \u0160is v\u0113rien\u012bgais notikums \u201cXiaomi Ar\u0113n\u0101\u201d bija kulmin\u0101cija divu gadu gatavo\u0161an\u0101s darbam, un, rea\u0123\u0113jot uz milz\u012bgo skat\u012bt\u0101ju piepras\u012bjumu, grupa dosies izr\u0101d\u012bt savu aizraujo\u0161o \u0161ovu ar\u012b cit\u0101s pils\u0113t\u0101s. Grupas p\u0101rst\u0101vji atz\u012bst, ka R\u012bgas koncert\u0101 vietas pieticis ne visiem, t\u0101p\u0113c ir liels prieks un motiv\u0101cija dal\u012bties ar \u0161o ener\u0123iju jaun\u0101s noris\u0113s.<\/p>\n<p>Iepriek\u0161\u0113j\u0101 koncerta neaizmirstamie mirk\u013ci<\/p>\n<p>Divas stundas ilgaj\u0101 koncertprogramm\u0101 \u201cXiaomi Ar\u0113n\u0101\u201d netr\u016bka ne sentiment\u0101lu mirk\u013cu, ne pat\u012bkamu p\u0101rsteigumu. Atmosf\u0113ra bija pies\u0101tin\u0101ta ar ener\u0123iju un kop\u012bbas saj\u016btu, ko apliecina ar\u012b soci\u0101lajos t\u012bklos izskan\u0113ju\u0161\u0101s atsauksmes, saucot grupu par \u201csavu stadionu grupu\u201d. Savu artavu kop\u012bgaj\u0101 sv\u0113tkos sniedza ar\u012b viesm\u016bzi\u0137i \u2013 Aminata, Gustavo un \u201cAstro&#8217;n&#8217;out\u201d. \u012apa\u0161i aizkustino\u0161s br\u012bdis bija Ievas Akurateres un R\u012bgas dzintara kora izpild\u012bt\u0101 dziesma \u201cManai tautai\u201d kop\u0101 ar \u201cSudden Lights\u201d. Koncert\u0101 pirmatska\u0146ojumu piedz\u012bvoja ar\u012b grupas kopdarbs ar igau\u0146u m\u016bzi\u0137i NO\u00cbP, kas dienasgaismu ieraudz\u012bs 2025. gada s\u0101kum\u0101. Koncertprogrammu kuplin\u0101ja dejot\u0101ju priek\u0161nesumi un pat R\u012bgas Lutera draudzes koris, kas rad\u012bja neaizmirstamu muzik\u0101lu audumu.<\/p>\n<p>N\u0101kamie so\u013ci un koncertu datumi<\/p>\n<p>Grupa \u201cSudden Lights\u201d turpin\u0101s dal\u012bties ar savu gaismas pilno m\u016bziku un aizraujo\u0161o \u0161ovu, izzi\u0146ojot jaunus koncertus Valmier\u0101 un Liep\u0101j\u0101. T\u0101pat jau izzi\u0146oti datumi 2026. gad\u0101, kas ietver koncertus Valmier\u0101 (18. apr\u012bl\u012b) un Liep\u0101j\u0101 (2. maij\u0101). Interesanti, ka grupas m\u0101jaslap\u0101 pieejams ar\u012b pla\u0161\u0101ks koncertu grafiks, kas ietver uzst\u0101\u0161anos ar\u012b Francij\u0101, Igaunij\u0101 un Somij\u0101. \u0160obr\u012bd akt\u012bvi tiek gatavots grupas ceturtais studijas albums, no kura jau izlaista dziesma \u201celdorado\u201d, ko raksturo k\u0101 \u201cpar lietu p\u0101rejo\u0161o b\u016bt\u012bbu un mums taj\u0101 vis\u0101 pa vidu\u201d.<\/p>\n<p>Grupa \u201cSudden Lights\u201d \u2013 par sevi<\/p>\n<p>\u201cSudden Lights\u201d ir latvie\u0161u indie rokgrupa, kas izveidota 2012. gad\u0101 R\u012bg\u0101. Grupa ieguva pla\u0161\u0101ku atpaz\u012bstam\u012bbu, uzvarot \u201cSupernova 2023\u201d konkurs\u0101 ar dziesmu \u201cAij\u0101\u201d un p\u0101rst\u0101vot Latviju Eirov\u012bzijas dziesmu konkurs\u0101. Grupas sast\u0101v\u0101 sp\u0113l\u0113 vok\u0101lists Andrejs Reinis Zitmanis, bundzinieks M\u0101rti\u0146\u0161 Mat\u012bss Zem\u012btis, \u0123it\u0101rists K\u0101rlis Mat\u012bss Zitmanis un bas\u0123it\u0101rists K\u0101rlis V\u0101rti\u0146\u0161. Grupa alla\u017e akcent\u0113 gaismu k\u0101 savu vadmot\u012bvu, svinot to ar\u012b savos koncertos.<\/p>\n","protected":false},"excerpt":{"rendered":"Grupa \u201cSudden Lights\u201d turpina iespaid\u012bgo uz\u0146em\u0161anu ar jaun\u0101m koncertu noris\u0113m P\u0113c grandioz\u0101 un izp\u0101rdot\u0101 koncerta \u201cXiaomi Ar\u0113n\u0101\u201d, kas&hellip;\n","protected":false},"author":2,"featured_media":53759,"comment_status":"","ping_status":"","sticky":false,"template":"","format":"standard","meta":{"footnotes":""},"categories":[19],"tags":[89,90,2017,35,39,38,36,37,34,5764,40,103,6325,1068],"class_list":{"0":"post-53758","1":"post","2":"type-post","3":"status-publish","4":"format-standard","5":"has-post-thumbnail","7":"category-izklaide","8":"tag-entertainment","9":"tag-izklaide","10":"tag-koncerti","11":"tag-latvia","12":"tag-latvian","13":"tag-latviesu","14":"tag-latviesu-valoda","15":"tag-latviesuvaloda","16":"tag-latvija","17":"tag-latvijas-muziki","18":"tag-lv","19":"tag-muzika","20":"tag-sudden-lights","21":"tag-xiaomi-arena"},"share_on_mastodon":{"url":"https:\/\/pubeurope.com\/@lv\/115576870197540231","error":""},"_links":{"self":[{"href":"https:\/\/www.europesays.com\/lv\/wp-json\/wp\/v2\/posts\/53758","targetHints":{"allow":["GET"]}}],"collection":[{"href":"https:\/\/www.europesays.com\/lv\/wp-json\/wp\/v2\/posts"}],"about":[{"href":"https:\/\/www.europesays.com\/lv\/wp-json\/wp\/v2\/types\/post"}],"author":[{"embeddable":true,"href":"https:\/\/www.europesays.com\/lv\/wp-json\/wp\/v2\/users\/2"}],"replies":[{"embeddable":true,"href":"https:\/\/www.europesays.com\/lv\/wp-json\/wp\/v2\/comments?post=53758"}],"version-history":[{"count":0,"href":"https:\/\/www.europesays.com\/lv\/wp-json\/wp\/v2\/posts\/53758\/revisions"}],"wp:featuredmedia":[{"embeddable":true,"href":"https:\/\/www.europesays.com\/lv\/wp-json\/wp\/v2\/media\/53759"}],"wp:attachment":[{"href":"https:\/\/www.europesays.com\/lv\/wp-json\/wp\/v2\/media?parent=53758"}],"wp:term":[{"taxonomy":"category","embeddable":true,"href":"https:\/\/www.europesays.com\/lv\/wp-json\/wp\/v2\/categories?post=53758"},{"taxonomy":"post_tag","embeddable":true,"href":"https:\/\/www.europesays.com\/lv\/wp-json\/wp\/v2\/tags?post=53758"}],"curies":[{"name":"wp","href":"https:\/\/api.w.org\/{rel}","templated":true}]}}