{"id":53766,"date":"2025-11-19T14:45:16","date_gmt":"2025-11-19T14:45:16","guid":{"rendered":"https:\/\/www.europesays.com\/lv\/53766\/"},"modified":"2025-11-19T14:45:16","modified_gmt":"2025-11-19T14:45:16","slug":"lietuva-tris-gadu-laika-plano-izveidot-integretu-pretgaisa-aizsardzibas-sistemu","status":"publish","type":"post","link":"https:\/\/www.europesays.com\/lv\/53766\/","title":{"rendered":"Lietuva tr\u012bs gadu laik\u0101 pl\u0101no izveidot integr\u0113tu pretgaisa aizsardz\u012bbas sist\u0113mu"},"content":{"rendered":"<p>Lietuva tr\u012bs gadu laik\u0101 izstr\u0101d\u0101s integr\u0113tu pretgaisa aizsardz\u012bbas sist\u0113mu, kur\u0101 b\u016bs iesaist\u012bta armija, robe\u017esardze un Sabiedrisk\u0101s dro\u0161\u012bbas dienests, pazi\u0146oja Lietuvas prezidenta Gitana Naus\u0113das padomnieks nacion\u0101l\u0101s dro\u0161\u012bbas jaut\u0101jumos Deivids Matu\u013conis.<\/p>\n<p>&#8220;Mums ir j\u0101b\u016bt integr\u0113tai gaisa telpas aizsardz\u012bbas sist\u0113mai, kur\u0101 iesaist\u012btas tr\u012bs instit\u016bcijas: Lietuvas Bru\u0146otie sp\u0113ki, Valsts robe\u017esardzes dienests un Sabiedrisk\u0101s dro\u0161\u012bbas dienests,&#8221; \u017eurn\u0101listiem otrdien p\u0113c prezidenta vad\u012bt\u0101s Valsts aizsardz\u012bbas padomes s\u0113des teica Matu\u013conis.<\/p>\n<p>Vi\u0146\u0161 piebilda, ka integr\u0113tajai pretgaisa aizsardz\u012bbas sist\u0113mai vajadz\u012bgais ir j\u0101ieg\u0101d\u0101jas tr\u012bs gadu laik\u0101 un sist\u0113mas izveidei nepiecie\u0161amie pas\u0101kumi izmaks\u0101s vair\u0101kus simtus miljonu eiro, izmantojot valsts aizsardz\u012bbai pie\u0161\u0137irtos l\u012bdzek\u013cus bez papildu finans\u0113juma.<\/p>\n<p>Lietuvas n\u0101kam\u0101 gada bud\u017eeta projekt\u0101 valsts aizsardz\u012bbai paredz\u0113ti 4,8 miljardi eiro jeb 5,38% no valsts iek\u0161zemes kopprodukta (IKP), kas ir vair\u0101k nek\u0101 l\u012bdz\u0161in\u0113jie 4% no IKP. Valsts l\u012bderi jau iepriek\u0161 vienoj\u0101s l\u012bdz 2030. gadam izveidot armijas div\u012bziju. K\u0101 teica Matu\u013conis, pretgaisa aizsardz\u012bbas izveidei nevajadz\u0113tu kav\u0113t savlaic\u012bgu armijas div\u012bzijas izveidi.<\/p>\n<p>&#8220;Iesp\u0113jams, b\u016bs nepiecie\u0161ama zin\u0101ma priorit\u0101\u0161u p\u0101rskat\u012b\u0161ana, ta\u010du uzskatu, ka tas neietekm\u0113s div\u012bzijas projekta \u012bsteno\u0161anu. \u0160aj\u0101 gad\u012bjum\u0101 mums pa\u0161iem b\u016btu j\u0101jaut\u0101 armijai, kur m\u0113s varam veikt samazin\u0101jumus un ko varam dar\u012bt, netrauc\u0113jot strat\u0113\u0123isko projektu \u012bsteno\u0161anu,&#8221; paskaidroja Naus\u0113das padomnieks.<\/p>\n<p>Lietuvas Bru\u0146oto sp\u0113ku komandieris \u0123ener\u0101lis Raimunds Vaik\u0161nors pagaid\u0101m nav preciz\u0113jis sp\u0113jas, kas tiks izmantotas pl\u0101notaj\u0101 pretgaisa aizsardz\u012bbas sist\u0113m\u0101.<\/p>\n<p>&#8220;\u0160is ir jauns pl\u0101no\u0161anas pie\u0146\u0113mums, kas mums b\u016bs j\u0101\u0146em v\u0113r\u0101, p\u0101rskatot m\u016bsu sp\u0113ju att\u012bst\u012bbas priorit\u0101tes,&#8221; teica Vaik\u0161nora preses p\u0101rst\u0101vis majors Edv\u012bns Urbons.<\/p>\n<p>Matu\u013conis inform\u0113ja, ka pl\u0101not\u0101 sist\u0113ma iek\u013caus pas\u0101kumus gaisa telpas p\u0101rk\u0101p\u0113ju identific\u0113\u0161anai, to br\u012bdin\u0101\u0161anai un neitraliz\u0113\u0161anai. Sist\u0113mai j\u0101sp\u0113j neitraliz\u0113t gan bezpilota lidapar\u0101tus, gan kontrabandas gaisa balonus.<\/p>\n<p>Satiksmes ministrija analiz\u0113s iesp\u0113jamor Lietuvas Radio un telev\u012bzijas centra (&#8220;Telecentras&#8221;) eso\u0161o tehnolo\u0123iju izmanto\u0161anu gaisa telpas aizsardz\u012bbai.<\/p>\n<p>Tikm\u0113r Ener\u0123\u0113tikas ministrija veic pas\u0101kumus, lai uzdotu valsts uz\u0146\u0113mumiem ieguld\u012bt l\u012bdzek\u013cus gaisa telpas p\u0101rk\u0101p\u0113ju atkl\u0101\u0161an\u0101 un elektroniskaj\u0101 karadarb\u012bb\u0101.<\/p>\n<p>&#8220;\u0160\u012b patie\u0161\u0101m ir apsveicama &#8220;Telecentras&#8221; iniciat\u012bva. Mums vispirms ir j\u0101izm\u0113\u0123ina \u0161ie sensori un j\u0101iesniedz secin\u0101jumi Aizsardz\u012bbas ministrijai, lai redz\u0113tu, vai tos ir iesp\u0113jams integr\u0113t milit\u0101raj\u0101s sist\u0113m\u0101s vai n\u0113. \u0160aj\u0101 gad\u012bjum\u0101 m\u0113s pagaid\u0101m koncentr\u0113jamies tikai uz pa\u0161u iniciat\u012bvu,&#8221; teica Matu\u013conis.<\/p>\n<p>Lietuvas amatpesonas pau\u017e arvien liel\u0101kas ba\u017eas par gaisa telpas aizsardz\u012bbu p\u0113c tam, kad vasar\u0101 Lietuv\u0101 ielidoja divi Krievijas bezpilota lidapar\u0101ti &#8220;Gerbera&#8221;, no kuriem vienam bija spr\u0101gstvielas.<\/p>\n<p>Situ\u0101ciju v\u0113l vair\u0101k saasin\u0101ja no Baltkrievijas palaistu kontrabandas balonu rad\u012btie riski, kuru d\u0113\u013c tiek trauc\u0113ta Lietuvas lidostu darb\u012bba.<\/p>\n<p><img decoding=\"async\" src=\"https:\/\/www.europesays.com\/lv\/wp-content\/uploads\/2025\/11\/121799f4c56308e03a3d2f81028dafe6.png\" title=\"Ilustrat\u012bvs att\u0113ls. Foto: Unsplash\" alt=\"Ilustrat\u012bvs att\u0113ls. Foto: Unsplash\"\/><\/p>\n<p class=\"article-img-desc\">Ilustrat\u012bvs att\u0113ls. Foto: Unsplash<\/p>\n","protected":false},"excerpt":{"rendered":"Lietuva tr\u012bs gadu laik\u0101 izstr\u0101d\u0101s integr\u0113tu pretgaisa aizsardz\u012bbas sist\u0113mu, kur\u0101 b\u016bs iesaist\u012bta armija, robe\u017esardze un Sabiedrisk\u0101s dro\u0161\u012bbas dienests,&hellip;\n","protected":false},"author":2,"featured_media":53767,"comment_status":"","ping_status":"","sticky":false,"template":"","format":"standard","meta":{"footnotes":""},"categories":[14],"tags":[129,3360,23,57,28,29,32,33,22,30,31,35,39,38,36,37,34,40,20,26,27,3361,3362,24,25,54,55,56,21,58],"class_list":{"0":"post-53766","1":"post","2":"type-post","3":"status-publish","4":"format-standard","5":"has-post-thumbnail","7":"category-zinas-no-arvalstim","8":"tag-__typenameadvicekeyword","9":"tag-id789","10":"tag-aktualitates","11":"tag-arvalstim","12":"tag-breaking-news","13":"tag-breakingnews","14":"tag-featured-news","15":"tag-featurednews","16":"tag-headlines","17":"tag-latest-news","18":"tag-latestnews","19":"tag-latvia","20":"tag-latvian","21":"tag-latviesu","22":"tag-latviesu-valoda","23":"tag-latviesuvaloda","24":"tag-latvija","25":"tag-lv","26":"tag-news","27":"tag-popularakas-zinas","28":"tag-popularakaszinas","29":"tag-sluglietuva","30":"tag-titlelietuva","31":"tag-top-stories","32":"tag-topstories","33":"tag-world","34":"tag-world-news","35":"tag-worldnews","36":"tag-zinas","37":"tag-zinas-no-arvalstim"},"share_on_mastodon":{"url":"https:\/\/pubeurope.com\/@lv\/115576905724250749","error":""},"_links":{"self":[{"href":"https:\/\/www.europesays.com\/lv\/wp-json\/wp\/v2\/posts\/53766","targetHints":{"allow":["GET"]}}],"collection":[{"href":"https:\/\/www.europesays.com\/lv\/wp-json\/wp\/v2\/posts"}],"about":[{"href":"https:\/\/www.europesays.com\/lv\/wp-json\/wp\/v2\/types\/post"}],"author":[{"embeddable":true,"href":"https:\/\/www.europesays.com\/lv\/wp-json\/wp\/v2\/users\/2"}],"replies":[{"embeddable":true,"href":"https:\/\/www.europesays.com\/lv\/wp-json\/wp\/v2\/comments?post=53766"}],"version-history":[{"count":0,"href":"https:\/\/www.europesays.com\/lv\/wp-json\/wp\/v2\/posts\/53766\/revisions"}],"wp:featuredmedia":[{"embeddable":true,"href":"https:\/\/www.europesays.com\/lv\/wp-json\/wp\/v2\/media\/53767"}],"wp:attachment":[{"href":"https:\/\/www.europesays.com\/lv\/wp-json\/wp\/v2\/media?parent=53766"}],"wp:term":[{"taxonomy":"category","embeddable":true,"href":"https:\/\/www.europesays.com\/lv\/wp-json\/wp\/v2\/categories?post=53766"},{"taxonomy":"post_tag","embeddable":true,"href":"https:\/\/www.europesays.com\/lv\/wp-json\/wp\/v2\/tags?post=53766"}],"curies":[{"name":"wp","href":"https:\/\/api.w.org\/{rel}","templated":true}]}}