{"id":53805,"date":"2025-11-19T15:17:12","date_gmt":"2025-11-19T15:17:12","guid":{"rendered":"https:\/\/www.europesays.com\/lv\/53805\/"},"modified":"2025-11-19T15:17:12","modified_gmt":"2025-11-19T15:17:12","slug":"izveletas-galvenas-rigas-ziemassvetku-egles-un-nosprausts-datums-to-iedegsanai","status":"publish","type":"post","link":"https:\/\/www.europesays.com\/lv\/53805\/","title":{"rendered":"Izv\u0113l\u0113tas galven\u0101s R\u012bgas Ziemassv\u0113tku egles un nosprausts datums to iedeg\u0161anai"},"content":{"rendered":"<p>R\u012bgas m\u0113rs Viesturs Kleinbergs kop\u0101 ar uz\u0146\u0113muma SIA \u201cR\u012bgas&#13;<br \/>\nme\u017ei\u201d p\u0101rst\u0101vjiem izraudz\u012bju\u0161ies galven\u0101s R\u012bgas Ziemassv\u0113tku egles, inform\u0113 \u201c360&#13;<br \/>\nZi\u0146as\u201d.<\/p>\n<p>R\u0101tslaukumam izv\u0113l\u0113ta 17,5 metrus augsta egle un t\u0101s vecums&#13;<br \/>\nir aptuveni 35-37 gadi. Savuk\u0101rt Doma laukuma egle b\u016bs 21 metru augsta un 35&#13;<br \/>\ngadus veca.<\/p>\n<p>Sekojot trad\u012bcijai, nocirsto eg\u013cu viet\u0101 tika iest\u0101d\u012btas&#13;<br \/>\njaunas egl\u012btes.<\/p>\n<p>Ziemassv\u0113tku egles izv\u0113l\u0113tas \u201cR\u012bgas me\u017eu\u201d T\u012bre\u013cu me\u017eniec\u012bbas&#13;<br \/>\nteritorij\u0101 net\u0101lu no apdz\u012bvotas vietas Cielavas.<\/p>\n<p>Lai egle k\u013c\u016btu par R\u012bgas galveno sv\u0113tku rotu, tai&#13;<br \/>\nj\u0101atbilst \u0161\u0101diem krit\u0113rijiem: j\u0101b\u016bt augstum\u0101 k\u0101 4\u20135 st\u0101vu m\u0101jai, tum\u0161i za\u013cai un&#13;<br \/>\nkuplai, skaistai no vis\u0101m pus\u0113m un ar vienu galotni.<\/p>\n<p>Egles galvaspils\u0113t\u0101 pl\u0101nots iedegt 29. novembr\u012b.<\/p>\n","protected":false},"excerpt":{"rendered":"R\u012bgas m\u0113rs Viesturs Kleinbergs kop\u0101 ar uz\u0146\u0113muma SIA \u201cR\u012bgas&#13; me\u017ei\u201d p\u0101rst\u0101vjiem izraudz\u012bju\u0161ies galven\u0101s R\u012bgas Ziemassv\u0113tku egles, inform\u0113 \u201c360&#13;&hellip;\n","protected":false},"author":2,"featured_media":53806,"comment_status":"","ping_status":"","sticky":false,"template":"","format":"standard","meta":{"footnotes":""},"categories":[5],"tags":[129,6129,1304,23,28,29,32,33,22,30,31,35,39,38,36,37,34,40,20,26,27,1305,6130,1306,6131,24,25,21],"class_list":{"0":"post-53805","1":"post","2":"type-post","3":"status-publish","4":"format-standard","5":"has-post-thumbnail","7":"category-aktualitates","8":"tag-__typenameadvicekeyword","9":"tag-id3","10":"tag-id970","11":"tag-aktualitates","12":"tag-breaking-news","13":"tag-breakingnews","14":"tag-featured-news","15":"tag-featurednews","16":"tag-headlines","17":"tag-latest-news","18":"tag-latestnews","19":"tag-latvia","20":"tag-latvian","21":"tag-latviesu","22":"tag-latviesu-valoda","23":"tag-latviesuvaloda","24":"tag-latvija","25":"tag-lv","26":"tag-news","27":"tag-popularakas-zinas","28":"tag-popularakaszinas","29":"tag-slug360-zinas","30":"tag-slugziemassvetki","31":"tag-title360-zinas","32":"tag-titleziemassvetki","33":"tag-top-stories","34":"tag-topstories","35":"tag-zinas"},"share_on_mastodon":{"url":"https:\/\/pubeurope.com\/@lv\/115577031467730042","error":""},"_links":{"self":[{"href":"https:\/\/www.europesays.com\/lv\/wp-json\/wp\/v2\/posts\/53805","targetHints":{"allow":["GET"]}}],"collection":[{"href":"https:\/\/www.europesays.com\/lv\/wp-json\/wp\/v2\/posts"}],"about":[{"href":"https:\/\/www.europesays.com\/lv\/wp-json\/wp\/v2\/types\/post"}],"author":[{"embeddable":true,"href":"https:\/\/www.europesays.com\/lv\/wp-json\/wp\/v2\/users\/2"}],"replies":[{"embeddable":true,"href":"https:\/\/www.europesays.com\/lv\/wp-json\/wp\/v2\/comments?post=53805"}],"version-history":[{"count":0,"href":"https:\/\/www.europesays.com\/lv\/wp-json\/wp\/v2\/posts\/53805\/revisions"}],"wp:featuredmedia":[{"embeddable":true,"href":"https:\/\/www.europesays.com\/lv\/wp-json\/wp\/v2\/media\/53806"}],"wp:attachment":[{"href":"https:\/\/www.europesays.com\/lv\/wp-json\/wp\/v2\/media?parent=53805"}],"wp:term":[{"taxonomy":"category","embeddable":true,"href":"https:\/\/www.europesays.com\/lv\/wp-json\/wp\/v2\/categories?post=53805"},{"taxonomy":"post_tag","embeddable":true,"href":"https:\/\/www.europesays.com\/lv\/wp-json\/wp\/v2\/tags?post=53805"}],"curies":[{"name":"wp","href":"https:\/\/api.w.org\/{rel}","templated":true}]}}