{"id":53821,"date":"2025-11-19T15:35:16","date_gmt":"2025-11-19T15:35:16","guid":{"rendered":"https:\/\/www.europesays.com\/lv\/53821\/"},"modified":"2025-11-19T15:35:16","modified_gmt":"2025-11-19T15:35:16","slug":"pensijas-vecuma-paaugstinasana-latvija-ir-neizbegama-progresa-zime-lente-lv","status":"publish","type":"post","link":"https:\/\/www.europesays.com\/lv\/53821\/","title":{"rendered":"Pensijas vecuma paaugstin\u0101\u0161ana Latvij\u0101 ir neizb\u0113gama progresa z\u012bme\u00a0\u2014\u00a0Lente.lv"},"content":{"rendered":"<p>Pensijas vecuma paaugstin\u0101\u0161ana \u2013 nenov\u0113r\u0161ama realit\u0101te Latvij\u0101<\/p>\n<p>Latvijas Universit\u0101tes Ekonomikas un soci\u0101lo zin\u0101t\u0146u fakult\u0101tes profesors Henrijs K\u0101lis pau\u017e skaidru p\u0101rliec\u012bbu: pensijas vecuma paaugstin\u0101\u0161ana Latvij\u0101 k\u013c\u016bst par neizb\u0113gamu soli. \u0160\u012b t\u0113ma, k\u0101 nor\u0101da profesors, tiek pla\u0161i apspriesta ne tikai m\u016bsu valst\u012b, bet ar\u012b citviet Eirop\u0101, Amerik\u0101 un daudz\u0101s cit\u0101s pasaules valst\u012bs.<\/p>\n<p>Sabiedr\u012bbas att\u012bst\u012bba un pieaugo\u0161\u0101 dz\u012bves ilguma tendences<\/p>\n<p>Galvenie faktori, kas mudina uz \u0161\u0101d\u0101m diskusij\u0101m, ir divi b\u016btiski aspekti: cilv\u0113ku dz\u012bves ilguma pieaugums un kop\u0113j\u0101s dz\u012bves kvalit\u0101tes uzlabo\u0161an\u0101s. Ilgsto\u0161i vairs nav aktu\u0101la doma, ka sasniedzot pensijas vecumu, vienk\u0101r\u0161i varam baud\u012bt peln\u012btu atp\u016btu un dz\u012bvot mier\u012bgi. M\u016bsdien\u0101s sabiedr\u012bba raug\u0101s uz n\u0101kotni daudz pla\u0161\u0101k\u0101 perspekt\u012bv\u0101. Cilv\u0113ki cen\u0161as izprast, k\u0101 saglab\u0101t savu darbasp\u0113ju un palikt pilnv\u0113rt\u012bgiem sabiedr\u012bbas locek\u013ciem, veiksm\u012bgi apvienojot gan profesion\u0101l\u0101s aktivit\u0101tes, gan br\u012bvo laiku un atp\u016btu. Profesors K\u0101lis uzsver, ka \u0161\u012bs ir visp\u0101r\u0113jas sabiedr\u012bbas p\u0101rmai\u0146as.<\/p>\n<p>Ekonomiskie faktori k\u0101 galvenais pensijas vecuma paaugstin\u0101\u0161anas dzin\u0113jsp\u0113ks<\/p>\n<p>\u201cDom\u0101ju, ka tas b\u016bs neizb\u0113gami \u2013 \u0146emot v\u0113r\u0101 visus ekonomiskos faktorus, pensijas vecums tom\u0113r b\u016bs j\u0101paaugstina,\u201d skaidri pau\u017e K\u0101lis. Objekt\u012bvi raugoties uz pa\u0161reiz\u0113jo situaciju, cilv\u0113ki dz\u012bvo ilg\u0101k un sp\u0113j saglab\u0101t darbasp\u0113ju ilg\u0101ku laika periodu. Daudzi ar\u012b pa\u0161i izsaka v\u0113lmi turpin\u0101t str\u0101d\u0101t, nevis piln\u012bb\u0101 izst\u0101ties no darba tirgus. \u0160os aspektus ir p\u0113t\u012bju\u0161i ar\u012b vair\u0101ki pasaules l\u012bme\u0146a profesori.<\/p>\n<p>Darbasp\u0113ju saglab\u0101\u0161ana un pie\u0146em\u0161ana darba vid\u0113<\/p>\n<p>Tom\u0113r \u0161aj\u0101 kontekst\u0101 past\u0101v tr\u012bs b\u016btiskas jaut\u0101jumu kopums: vai es *varu* str\u0101d\u0101t, vai es *sp\u0113ju* to dar\u012bt, un vai mani k\u0101 darbinieku *pie\u0146em* kol\u0113\u0123i. Profesors K\u0101lis uzsver, ka bie\u017ei vien \u0161iem pieredz\u0113ju\u0161ajiem darbiniekiem ir nenov\u0113rt\u0113jama darba pieredze, ko vi\u0146i var nodot t\u0101l\u0101k jaun\u0101kaj\u0101m paaudz\u0113m mentora veidol\u0101. Ja \u0161\u0101ds mentoru modelis veicina gan ment\u0101lo, gan fizisko, gan soci\u0101lo labkl\u0101j\u012bbu, tad, profesora ieskat\u0101, tas ir pareizs virziens. Jebkur\u0161 indiv\u012bds, kur\u0161 sp\u0113j realiz\u0113t \u0161os tr\u012bs komponentus, k\u013c\u016bst par pilnv\u0113rt\u012bgu sabiedr\u012bbas da\u013cu un akt\u012bvi veicina tautsaimniec\u012bbas izaugsmi.<\/p>\n","protected":false},"excerpt":{"rendered":"Pensijas vecuma paaugstin\u0101\u0161ana \u2013 nenov\u0113r\u0161ama realit\u0101te Latvij\u0101 Latvijas Universit\u0101tes Ekonomikas un soci\u0101lo zin\u0101t\u0146u fakult\u0101tes profesors Henrijs K\u0101lis pau\u017e&hellip;\n","protected":false},"author":2,"featured_media":53822,"comment_status":"","ping_status":"","sticky":false,"template":"","format":"standard","meta":{"footnotes":""},"categories":[5],"tags":[23,28,29,14687,47,32,33,22,14686,30,31,35,39,38,36,37,34,40,20,14685,26,27,24,25,21],"class_list":{"0":"post-53821","1":"post","2":"type-post","3":"status-publish","4":"format-standard","5":"has-post-thumbnail","7":"category-aktualitates","8":"tag-aktualitates","9":"tag-breaking-news","10":"tag-breakingnews","11":"tag-darbaspejas","12":"tag-ekonomika","13":"tag-featured-news","14":"tag-featurednews","15":"tag-headlines","16":"tag-iedzivotaju-dzives-ilgums","17":"tag-latest-news","18":"tag-latestnews","19":"tag-latvia","20":"tag-latvian","21":"tag-latviesu","22":"tag-latviesu-valoda","23":"tag-latviesuvaloda","24":"tag-latvija","25":"tag-lv","26":"tag-news","27":"tag-pensijas-vecums","28":"tag-popularakas-zinas","29":"tag-popularakaszinas","30":"tag-top-stories","31":"tag-topstories","32":"tag-zinas"},"share_on_mastodon":{"url":"https:\/\/pubeurope.com\/@lv\/115577102231396820","error":""},"_links":{"self":[{"href":"https:\/\/www.europesays.com\/lv\/wp-json\/wp\/v2\/posts\/53821","targetHints":{"allow":["GET"]}}],"collection":[{"href":"https:\/\/www.europesays.com\/lv\/wp-json\/wp\/v2\/posts"}],"about":[{"href":"https:\/\/www.europesays.com\/lv\/wp-json\/wp\/v2\/types\/post"}],"author":[{"embeddable":true,"href":"https:\/\/www.europesays.com\/lv\/wp-json\/wp\/v2\/users\/2"}],"replies":[{"embeddable":true,"href":"https:\/\/www.europesays.com\/lv\/wp-json\/wp\/v2\/comments?post=53821"}],"version-history":[{"count":0,"href":"https:\/\/www.europesays.com\/lv\/wp-json\/wp\/v2\/posts\/53821\/revisions"}],"wp:featuredmedia":[{"embeddable":true,"href":"https:\/\/www.europesays.com\/lv\/wp-json\/wp\/v2\/media\/53822"}],"wp:attachment":[{"href":"https:\/\/www.europesays.com\/lv\/wp-json\/wp\/v2\/media?parent=53821"}],"wp:term":[{"taxonomy":"category","embeddable":true,"href":"https:\/\/www.europesays.com\/lv\/wp-json\/wp\/v2\/categories?post=53821"},{"taxonomy":"post_tag","embeddable":true,"href":"https:\/\/www.europesays.com\/lv\/wp-json\/wp\/v2\/tags?post=53821"}],"curies":[{"name":"wp","href":"https:\/\/api.w.org\/{rel}","templated":true}]}}