{"id":5383,"date":"2025-09-26T07:33:03","date_gmt":"2025-09-26T07:33:03","guid":{"rendered":"https:\/\/www.europesays.com\/lv\/5383\/"},"modified":"2025-09-26T07:33:03","modified_gmt":"2025-09-26T07:33:03","slug":"euso-ieviesot-digitalas-identitates-maku-latviju-sagaida-vairaki-izaicinajumi-dienas-bizness","status":"publish","type":"post","link":"https:\/\/www.europesays.com\/lv\/5383\/","title":{"rendered":"Euso: Ievie\u0161ot digit\u0101l\u0101s identit\u0101tes maku, Latviju sagaida vair\u0101ki izaicin\u0101jumi :: Dienas Bizness"},"content":{"rendered":"<p class=\"text-font font-size--text-xlarge margin-3--bottom font-weight--bold padding-1--top\">Digit\u0101l\u0101s identit\u0101tes maka ievie\u0161ana Latvij\u0101 iez\u012bm\u0113s b\u016btisku soli digit\u0101laj\u0101 transform\u0101cij\u0101, ta\u010du vienlaikus rad\u012bs vair\u0101kus izaicin\u0101jumus gan valsts p\u0101rvaldei, gan priv\u0101tajam sektoram.<\/p>\n<p class=\"text-font font-size--text-xlarge margin-3--bottom\">IT uz\u0146\u0113muma \u201cEuso\u201d valdes priek\u0161s\u0113d\u0113t\u0101js Ivars Muci\u0146\u0161 uzsver, ka sare\u017e\u0123\u012bts lietot\u0101ju piesaistes process jeb onboardings, k\u0101 ar\u012b l\u012bdz\u0161in\u0113jo autentifik\u0101cijas r\u012bku, tostarp Smart-ID un eParaksta blakuspast\u0101v\u0113\u0161ana, b\u016bs liel\u0101kie p\u0101rbaud\u012bjumi, kuriem n\u0101ksies mekl\u0113t risin\u0101jumus.<\/p>\n<p class=\"text-font font-size--text-xlarge margin-3--bottom\">\u201cL\u012bdz ar digit\u0101l\u0101s identit\u0101tes maka ievie\u0161anu Latvij\u0101 b\u016btiski main\u012bsies l\u012bdz\u0161in\u0113j\u0101 digit\u0101l\u0101s autentifik\u0101cijas vide. Ta\u010du liel\u0101kais izaicin\u0101jums b\u016bs tie\u0161i pirmais solis \u2013 lietot\u0101ju piesaiste vai onboardings. Lai sist\u0113ma att\u0101lin\u0101ti p\u0101rliecin\u0101tos par personas identit\u0101ti, nepiecie\u0161ams dro\u0161s un komplic\u0113ts p\u0101rbaudes process. Atceramies, cik pi\u0146\u0137er\u012bga bija identit\u0101tes apliecin\u0101\u0161ana, ievie\u0161ot \u201cSmart-ID\u201d. Ar\u012b \u0161aj\u0101 gad\u012bjum\u0101 j\u0101r\u0113\u0137in\u0101s, ka da\u013cai sabiedr\u012bbas \u0161is solis b\u016bs sare\u017e\u0123\u012bts un laikietilp\u012bgs, kas var kav\u0113t pla\u0161u r\u012bka izmanto\u0161anu valsts m\u0113rog\u0101,\u201d nor\u0101da IT uz\u0146\u0113muma \u201cEuso\u201d valdes priek\u0161s\u0113d\u0113t\u0101js Ivars Muci\u0146\u0161.<\/p>\n<p class=\"text-font font-size--text-xlarge margin-3--bottom\">Digit\u0101l\u0101s identit\u0101tes maka ievie\u0161ana neizb\u0113gami aktualiz\u0113s jaut\u0101jumu par eParaksta, k\u0101 autentifik\u0101cijas r\u012bka n\u0101kotni. Ja digit\u0101l\u0101s identit\u0101tes maks piln\u012bb\u0101 p\u0101r\u0146ems autentifik\u0101cijas funkciju, eParaksts k\u0101 atsevi\u0161\u0137s r\u012bks ar laiku var\u0113tu zaud\u0113t savu noz\u012bmi. \u201cDigit\u0101lajam makam b\u016bs da\u013c\u0113ji j\u0101p\u0101r\u0146em eParaksta funkcijas, cit\u0101di past\u0101v\u0113s paral\u0113li risin\u0101jumi, kas nav rentabli un kas lietot\u0101jam rad\u012bs apjukumu. \u0160obr\u012bd eParaksta galven\u0101 pievienot\u0101 v\u0113rt\u012bba ir autentifik\u0101cija un dokumentu parakst\u012b\u0161ana. Ja \u0161\u012bs funkcijas nodro\u0161in\u0101s ar\u012b digit\u0101l\u0101s identit\u0101tes maks, tad eParakstam k\u0101 atsevi\u0161\u0137am risin\u0101jumam n\u0101kotn\u0113 vairs neb\u016bt vietas,\u201d skaidro I. Muci\u0146\u0161.<\/p>\n<p class=\"text-font font-size--text-xlarge margin-3--bottom\">Vienlaikus p\u0101rmai\u0146as skars ar\u012b l\u012bdz\u0161in\u0113jos priv\u0101tos autentifik\u0101cijas r\u012bkus. Univers\u0101la un dro\u0161a r\u012bka pieejam\u012bba ikvienam iedz\u012bvot\u0101jam noz\u012bm\u0113s, ka t\u0101di risin\u0101jumi k\u0101 banku individu\u0101l\u0101s aplik\u0101cijas, kodu kartes un pat tik popul\u0101rais \u201cSmart-ID\u201d pak\u0101peniski k\u013c\u016bs lieki.<\/p>\n<p class=\"text-font font-size--text-xlarge margin-3--bottom\">Digit\u0101l\u0101 identit\u0101tes maka ievie\u0161an\u0101 b\u016btiska loma b\u016bs valsts instit\u016bcij\u0101m, kur\u0101m n\u0101ksies sadarboties pla\u0161\u0101 ekosist\u0113m\u0101. Taj\u0101 pa\u0161\u0101 laik\u0101 paredzami izaicin\u0101jumi daudzu iesaist\u012bto pu\u0161u koordin\u0113\u0161ana, turkl\u0101t ar\u012b kompetenta person\u0101la tr\u016bkums var kav\u0113t procesa norisi un maka ievie\u0161anu. Papildu uzman\u012bba b\u016bs j\u0101piev\u0113r\u0161 ar\u012b dro\u0161\u012bbai. \u201cK\u0101 digit\u0101l\u0101s identit\u0101tes maks pasarg\u0101s m\u016bs no kiberuzbrukumiem un identit\u0101tes vilto\u0161anas gad\u012bjumiem? Lai mazin\u0101tu risku par viltotu identit\u0101\u0161u izmanto\u0161anu, b\u016btu lietder\u012bgi ieviest periodiskas lietot\u0101ju identit\u0101tes p\u0101rbaudes\u201d akcent\u0113 I. Muci\u0146\u0161.<\/p>\n","protected":false},"excerpt":{"rendered":"Digit\u0101l\u0101s identit\u0101tes maka ievie\u0161ana Latvij\u0101 iez\u012bm\u0113s b\u016btisku soli digit\u0101laj\u0101 transform\u0101cij\u0101, ta\u010du vienlaikus rad\u012bs vair\u0101kus izaicin\u0101jumus gan valsts p\u0101rvaldei,&hellip;\n","protected":false},"author":2,"featured_media":5384,"comment_status":"","ping_status":"","sticky":false,"template":"","format":"standard","meta":{"footnotes":""},"categories":[16],"tags":[869,77,870,76,867,35,39,38,36,37,34,871,868,40,21],"class_list":{"0":"post-5383","1":"post","2":"type-post","3":"status-publish","4":"format-standard","5":"has-post-thumbnail","7":"category-bizness","8":"tag-biznesa-zinas","9":"tag-bizness","10":"tag-bizness-latvija","11":"tag-business","12":"tag-dienas-zinas","13":"tag-latvia","14":"tag-latvian","15":"tag-latviesu","16":"tag-latviesu-valoda","17":"tag-latviesuvaloda","18":"tag-latvija","19":"tag-latvijas-biznesa-zinas","20":"tag-latvijas-zinas","21":"tag-lv","22":"tag-zinas"},"share_on_mastodon":{"url":"","error":""},"_links":{"self":[{"href":"https:\/\/www.europesays.com\/lv\/wp-json\/wp\/v2\/posts\/5383","targetHints":{"allow":["GET"]}}],"collection":[{"href":"https:\/\/www.europesays.com\/lv\/wp-json\/wp\/v2\/posts"}],"about":[{"href":"https:\/\/www.europesays.com\/lv\/wp-json\/wp\/v2\/types\/post"}],"author":[{"embeddable":true,"href":"https:\/\/www.europesays.com\/lv\/wp-json\/wp\/v2\/users\/2"}],"replies":[{"embeddable":true,"href":"https:\/\/www.europesays.com\/lv\/wp-json\/wp\/v2\/comments?post=5383"}],"version-history":[{"count":0,"href":"https:\/\/www.europesays.com\/lv\/wp-json\/wp\/v2\/posts\/5383\/revisions"}],"wp:featuredmedia":[{"embeddable":true,"href":"https:\/\/www.europesays.com\/lv\/wp-json\/wp\/v2\/media\/5384"}],"wp:attachment":[{"href":"https:\/\/www.europesays.com\/lv\/wp-json\/wp\/v2\/media?parent=5383"}],"wp:term":[{"taxonomy":"category","embeddable":true,"href":"https:\/\/www.europesays.com\/lv\/wp-json\/wp\/v2\/categories?post=5383"},{"taxonomy":"post_tag","embeddable":true,"href":"https:\/\/www.europesays.com\/lv\/wp-json\/wp\/v2\/tags?post=5383"}],"curies":[{"name":"wp","href":"https:\/\/api.w.org\/{rel}","templated":true}]}}