{"id":53834,"date":"2025-11-19T15:51:08","date_gmt":"2025-11-19T15:51:08","guid":{"rendered":"https:\/\/www.europesays.com\/lv\/53834\/"},"modified":"2025-11-19T15:51:08","modified_gmt":"2025-11-19T15:51:08","slug":"polija-pirmas-aizturesanas-aizdomas-par-sliezu-celu-spridzinasanu","status":"publish","type":"post","link":"https:\/\/www.europesays.com\/lv\/53834\/","title":{"rendered":"Polij\u0101 pirm\u0101s aiztur\u0113\u0161anas aizdom\u0101s par slie\u017eu ce\u013cu spridzin\u0101\u0161anu"},"content":{"rendered":"<p>K\u0101 zi\u0146ots, sabot\u0101\u017eas akti ned\u0113\u013cas nogal\u0113 notika uz dzelzce\u013ca l\u012bnijas Var\u0161ava-\u013bub\u013cina, kam ir svar\u012bga vieta gan iek\u0161zemes satiksm\u0113, gan pal\u012bdz\u012bbas kravu pieg\u0101d\u0113 Ukrainai.<\/p>\n<p>Varasiest\u0101des uzskata, ka boj\u0101jumi, kas div\u0101s viet\u0101s nodar\u012bti slie\u017eu ce\u013ciem, ir apzin\u0101ts kait\u0113jums, un premjerministrs Donalds Tusks vienu no slie\u017eu ce\u013cu boj\u0101jumiem nosaucis par m\u0113\u0123in\u0101jumu uzspridzin\u0101t vilcienu, atz\u012bstot, ka tas ir nepieredz\u0113ts sabot\u0101\u017eas akts.<\/p>\n<blockquote class=\"quote ck-widget\" contenteditable=\"false\">\n<p>Dro\u0161\u012bbas iest\u0101\u017eu darbu koordin\u0113jo\u0161\u0101 ministra preses sekret\u0101rs Jaceks Dob\u017einskis nor\u0101d\u012bja, ka izmekl\u0113t\u0101ji cen\u0161as noskaidrot gan nozieguma pas\u016bt\u012bt\u0101jus, gan izpild\u012bt\u0101jus.<\/p>\n<\/blockquote>\n<p>&#8220;Apstiprinu, ka pirm\u0101s aiztur\u0113\u0161anas jau notiek. Iesaist\u012btos cilv\u0113kus aiztur Iek\u0161\u0113j\u0101s dro\u0161\u012bbas dienests un policija,&#8221; \u017eurn\u0101listiem pav\u0113st\u012bja Dob\u017einskis, piebilstot, ka \u0161obr\u012bd nevar sniegt s\u012bk\u0101ku inform\u0101ciju.<\/p>\n<p>Vi\u0146\u0161 vien\u012bgi atzina, ka aiztur\u0113ti vair\u0101ki aizdom\u0101s turamie.<\/p>\n<p>&#8220;\u0160ie cilv\u0113ki \u0161obr\u012bd tiek nopratin\u0101ti, un tiek noskaidrota katras personas loma \u0161aj\u0101 terorakt\u0101 (..). Aiztur\u0113\u0161anas turpin\u0101s. M\u0113s neizsl\u0113dzam turpm\u0101kas aiztur\u0113\u0161anas,&#8221; piebilda ministra preses sekret\u0101rs.<\/p>\n<p>Vi\u0146\u0161 nor\u0101d\u012bja, ka ieg\u016bti svar\u012bgi pier\u0101d\u012bjumi un ka izmekl\u0113\u0161anai pie\u0161\u0137irta augst\u0101k\u0101 priorit\u0101te.<\/p>\n<p>K\u0101 zi\u0146ots, Tusks iepriek\u0161 pav\u0113st\u012bja, ka par slie\u017eu spridzin\u0101\u0161anu atbild\u012bgi ir divi Ukrainas pilso\u0146i, kas ilgsto\u0161i sadarboju\u0161ies ar Krievijas izl\u016bkdienestiem.<\/p>\n","protected":false},"excerpt":{"rendered":"K\u0101 zi\u0146ots, sabot\u0101\u017eas akti ned\u0113\u013cas nogal\u0113 notika uz dzelzce\u013ca l\u012bnijas Var\u0161ava-\u013bub\u013cina, kam ir svar\u012bga vieta gan iek\u0161zemes satiksm\u0113,&hellip;\n","protected":false},"author":2,"featured_media":53835,"comment_status":"","ping_status":"","sticky":false,"template":"","format":"standard","meta":{"footnotes":""},"categories":[14],"tags":[23,57,28,29,1809,32,33,22,74,30,31,35,39,38,36,37,34,40,20,72,26,27,2197,24,25,54,55,56,21,58],"class_list":{"0":"post-53834","1":"post","2":"type-post","3":"status-publish","4":"format-standard","5":"has-post-thumbnail","7":"category-zinas-no-arvalstim","8":"tag-aktualitates","9":"tag-arvalstim","10":"tag-breaking-news","11":"tag-breakingnews","12":"tag-dzelzcels","13":"tag-featured-news","14":"tag-featurednews","15":"tag-headlines","16":"tag-krievijas-iebrukums-ukraina","17":"tag-latest-news","18":"tag-latestnews","19":"tag-latvia","20":"tag-latvian","21":"tag-latviesu","22":"tag-latviesu-valoda","23":"tag-latviesuvaloda","24":"tag-latvija","25":"tag-lv","26":"tag-news","27":"tag-polija","28":"tag-popularakas-zinas","29":"tag-popularakaszinas","30":"tag-sabotaza","31":"tag-top-stories","32":"tag-topstories","33":"tag-world","34":"tag-world-news","35":"tag-worldnews","36":"tag-zinas","37":"tag-zinas-no-arvalstim"},"share_on_mastodon":{"url":"https:\/\/pubeurope.com\/@lv\/115577165101368538","error":""},"_links":{"self":[{"href":"https:\/\/www.europesays.com\/lv\/wp-json\/wp\/v2\/posts\/53834","targetHints":{"allow":["GET"]}}],"collection":[{"href":"https:\/\/www.europesays.com\/lv\/wp-json\/wp\/v2\/posts"}],"about":[{"href":"https:\/\/www.europesays.com\/lv\/wp-json\/wp\/v2\/types\/post"}],"author":[{"embeddable":true,"href":"https:\/\/www.europesays.com\/lv\/wp-json\/wp\/v2\/users\/2"}],"replies":[{"embeddable":true,"href":"https:\/\/www.europesays.com\/lv\/wp-json\/wp\/v2\/comments?post=53834"}],"version-history":[{"count":0,"href":"https:\/\/www.europesays.com\/lv\/wp-json\/wp\/v2\/posts\/53834\/revisions"}],"wp:featuredmedia":[{"embeddable":true,"href":"https:\/\/www.europesays.com\/lv\/wp-json\/wp\/v2\/media\/53835"}],"wp:attachment":[{"href":"https:\/\/www.europesays.com\/lv\/wp-json\/wp\/v2\/media?parent=53834"}],"wp:term":[{"taxonomy":"category","embeddable":true,"href":"https:\/\/www.europesays.com\/lv\/wp-json\/wp\/v2\/categories?post=53834"},{"taxonomy":"post_tag","embeddable":true,"href":"https:\/\/www.europesays.com\/lv\/wp-json\/wp\/v2\/tags?post=53834"}],"curies":[{"name":"wp","href":"https:\/\/api.w.org\/{rel}","templated":true}]}}