{"id":53848,"date":"2025-11-19T16:03:09","date_gmt":"2025-11-19T16:03:09","guid":{"rendered":"https:\/\/www.europesays.com\/lv\/53848\/"},"modified":"2025-11-19T16:03:09","modified_gmt":"2025-11-19T16:03:09","slug":"ukrainas-parlaments-atcel-tieslietu-un-energetikas-ministrus","status":"publish","type":"post","link":"https:\/\/www.europesays.com\/lv\/53848\/","title":{"rendered":"Ukrainas parlaments atce\u013c tieslietu un ener\u0123\u0113tikas ministrus"},"content":{"rendered":"<p>Balsojums otrdien nevar\u0113ja notikt, jo opoz\u012bcijas deput\u0101ti, pieprasot visas vald\u012bbas demisiju, blo\u0137\u0113ja parlamenta trib\u012bni.<\/p>\n<p>Ministru atcel\u0161ana ir sekas skand\u0101lam, ko izrais\u012bju\u0161as aps\u016bdz\u012bbas par v\u0113rien\u012bgu korupciju uz\u0146\u0113mum\u0101 &#8220;Enerhoatom&#8221;.<\/p>\n<p>Tieslietu ministra pien\u0101kumus pagaid\u0101m pild\u012bs l\u012bdz\u0161in\u0113j\u0101 ministra vietniece Ludmila Suhaka.<\/p>\n<p>Prezidenta kancelejas vad\u012bt\u0101ja vietniece Irina Mudra ir viena no kandid\u0101tiem un tieslietu ministra amatu, atsaucoties uz avotiem, v\u0113sta t\u012bmek\u013ca medijs &#8220;RBK-Ukraina&#8221;.<\/p>\n<p>Ener\u0123\u0113tikas ministra amatam tiek izskat\u012btas parlamenta deput\u0101tu Andrija Herusa un Andrija \u017dupanina kandidat\u016bras, nor\u0101da avoti.<\/p>\n<p>Ukrainas Nacion\u0101lais korupcijas apkaro\u0161anas birojs (NABU) un Specializ\u0113t\u0101 korupcijas lietu prokurat\u016bra (SAP) 10. novembr\u012b pazi\u0146oja, ka atkl\u0101ju\u0161i v\u0113rien\u012bgu korupcijas sh\u0113mu ap valsts ener\u0123\u0113tikas uz\u0146\u0113mumu &#8220;Enerhoatom&#8221;.<\/p>\n<p>Skand\u0101la centr\u0101 non\u0101ca vald\u012bbas ministri, ilggad\u0113jais prezidenta l\u012bdzgaitnieks Timurs Mindi\u010ds un finansists Oleksandrs Cukermans.<\/p>\n","protected":false},"excerpt":{"rendered":"Balsojums otrdien nevar\u0113ja notikt, jo opoz\u012bcijas deput\u0101ti, pieprasot visas vald\u012bbas demisiju, blo\u0137\u0113ja parlamenta trib\u012bni. Ministru atcel\u0161ana ir sekas&hellip;\n","protected":false},"author":2,"featured_media":53849,"comment_status":"","ping_status":"","sticky":false,"template":"","format":"standard","meta":{"footnotes":""},"categories":[14],"tags":[23,57,28,29,32,33,22,688,74,30,31,35,39,38,36,37,34,40,20,26,27,24,25,276,54,55,56,21,58],"class_list":{"0":"post-53848","1":"post","2":"type-post","3":"status-publish","4":"format-standard","5":"has-post-thumbnail","7":"category-zinas-no-arvalstim","8":"tag-aktualitates","9":"tag-arvalstim","10":"tag-breaking-news","11":"tag-breakingnews","12":"tag-featured-news","13":"tag-featurednews","14":"tag-headlines","15":"tag-korupcija","16":"tag-krievijas-iebrukums-ukraina","17":"tag-latest-news","18":"tag-latestnews","19":"tag-latvia","20":"tag-latvian","21":"tag-latviesu","22":"tag-latviesu-valoda","23":"tag-latviesuvaloda","24":"tag-latvija","25":"tag-lv","26":"tag-news","27":"tag-popularakas-zinas","28":"tag-popularakaszinas","29":"tag-top-stories","30":"tag-topstories","31":"tag-ukraina","32":"tag-world","33":"tag-world-news","34":"tag-worldnews","35":"tag-zinas","36":"tag-zinas-no-arvalstim"},"share_on_mastodon":{"url":"https:\/\/pubeurope.com\/@lv\/115577212297401273","error":""},"_links":{"self":[{"href":"https:\/\/www.europesays.com\/lv\/wp-json\/wp\/v2\/posts\/53848","targetHints":{"allow":["GET"]}}],"collection":[{"href":"https:\/\/www.europesays.com\/lv\/wp-json\/wp\/v2\/posts"}],"about":[{"href":"https:\/\/www.europesays.com\/lv\/wp-json\/wp\/v2\/types\/post"}],"author":[{"embeddable":true,"href":"https:\/\/www.europesays.com\/lv\/wp-json\/wp\/v2\/users\/2"}],"replies":[{"embeddable":true,"href":"https:\/\/www.europesays.com\/lv\/wp-json\/wp\/v2\/comments?post=53848"}],"version-history":[{"count":0,"href":"https:\/\/www.europesays.com\/lv\/wp-json\/wp\/v2\/posts\/53848\/revisions"}],"wp:featuredmedia":[{"embeddable":true,"href":"https:\/\/www.europesays.com\/lv\/wp-json\/wp\/v2\/media\/53849"}],"wp:attachment":[{"href":"https:\/\/www.europesays.com\/lv\/wp-json\/wp\/v2\/media?parent=53848"}],"wp:term":[{"taxonomy":"category","embeddable":true,"href":"https:\/\/www.europesays.com\/lv\/wp-json\/wp\/v2\/categories?post=53848"},{"taxonomy":"post_tag","embeddable":true,"href":"https:\/\/www.europesays.com\/lv\/wp-json\/wp\/v2\/tags?post=53848"}],"curies":[{"name":"wp","href":"https:\/\/api.w.org\/{rel}","templated":true}]}}