{"id":53856,"date":"2025-11-19T16:12:15","date_gmt":"2025-11-19T16:12:15","guid":{"rendered":"https:\/\/www.europesays.com\/lv\/53856\/"},"modified":"2025-11-19T16:12:15","modified_gmt":"2025-11-19T16:12:15","slug":"nakti-brist-pa-dikiem-ar-delem-filma-varzu-safari-atklaj-ka-latvija-atkal-paradijusas-kokvardes-lente-lv","status":"publish","type":"post","link":"https:\/\/www.europesays.com\/lv\/53856\/","title":{"rendered":"Nakt\u012b brist pa d\u012b\u0137iem ar d\u0113l\u0113m. Filma \u00abVar\u017eu safari\u00bb atkl\u0101j, k\u0101 Latvij\u0101 atkal par\u0101d\u012bju\u0161\u0101s kokvardes\u00a0\u2014\u00a0Lente.lv"},"content":{"rendered":"<p>Nekad nevar zin\u0101t, ko atrad\u012bsiet Latvijas dab\u0101<\/p>\n<p>Vai esat k\u0101dreiz iedom\u0101ju\u0161ies, ka Latvijas me\u017eos un purvos nakt\u012b var\u0113tu sastapt neparastas kr\u0101sas vardes? Dokument\u0101l\u0101 \u012bsfilm\u0101 &#8220;Var\u017eu safari&#8221;, kas ir da\u013ca no Latvijas Telev\u012bzijas cikla &#8220;Latvijas kods. Latvija \u0161odien&#8221;, tr\u012bs jaunie zin\u0101tnieki ir veiku\u0161i tie\u0161i \u0161\u0101du atkl\u0101jumu. Vi\u0146i br\u012bv\u0101 dab\u0101 ir sastapu\u0161i vardes, kuru kr\u0101sojums nav rakstur\u012bgs m\u016bsu re\u0123ionam \u2013 oran\u017eu un melnu sv\u012btrainu za\u013co vard\u012bti, k\u0101 ar\u012b d\u012bvaini sarkanu var\u012bti. \u0160ie neparastie nov\u0113rojumi ir rosin\u0101ju\u0161i zin\u0101tnieku interesi un mudin\u0101ju\u0161i mekl\u0113t atbildes uz jaut\u0101jumu, k\u0101p\u0113c \u0161\u0101das izmai\u0146as notiek.<\/p>\n<p>Kokvar\u017eu atgrie\u0161an\u0101s un zin\u0101tnieku p\u0113t\u012bjumi<\/p>\n<p>Filmas &#8220;Var\u017eu safari&#8221; veidot\u0101ji, re\u017eisore Agnese Laiz\u0101ne, kop\u0101 ar zin\u0101tniekiem dodas eksped\u012bcij\u0101, lai izprastu \u0161o kr\u0101\u0161\u0146o un reiz\u0113 nosl\u0113pumaino pasauli. Viens no filmas centr\u0101lajiem notikumiem ir izp\u0113te par atjaunoto kokvar\u017eu popul\u0101ciju Latvij\u0101. Agr\u0101k kokvardes Latvijas teritorij\u0101 tika uzskat\u012btas par izzudu\u0161\u0101m, ta\u010du kop\u0161 1987. gada R\u012bgas Zoolo\u0123iskais d\u0101rzs ir veicis to reintrodukciju. Kop\u0161 1990. gada Liep\u0101jas rajon\u0101 izveidot\u0101 kokvar\u017eu popul\u0101cija ir nostabiliz\u0113jusies un s\u0101kusi dab\u012bgi papla\u0161in\u0101t savu izplat\u012bbas teritoriju. \u00ab\u0160\u012b filma ir piedz\u012bvojums! To veidojot, man lik\u0101s, ka \u0161\u012b ir iesp\u0113ja doties eksped\u012bcij\u0101, nevelkot z\u0101bakus, nebrienot purv\u0101, bet piedz\u012bvojot to, ko zin\u0101tnieki redz ikdien\u0101,\u00bb par filmu st\u0101sta re\u017eisore Agnese Laiz\u0101ne. Vi\u0146a ir p\u0101rsteigta par p\u0113tnieku sp\u0113ju atpaz\u012bt kokvardes pat no att\u0101luma, dzirdot to dziedam. Senais kurzemnieku nosaukums kokvardei ir &#8220;park\u0161\u0137is&#8221;, kas raksturo t\u0101s rad\u012bt\u0101s ska\u0146as.<\/p>\n<p>Neierast\u0101s kr\u0101sas un iesp\u0113jamie c\u0113lo\u0146i<\/p>\n<p>Zin\u0101tnieku atrast\u0101s neparast\u0101s kr\u0101sas vardes \u2013 oran\u017ei-melni sv\u012btraina un sarkana \u2013 ir rad\u012bju\u0161as interesi un nelielu satraukumu. K\u0101p\u0113c \u0161\u0101das kr\u0101sas, kas nav rakstur\u012bgas Latvijas videi, par\u0101d\u0101s? Viena no teorij\u0101m ir par dz\u012bv\u0101s rad\u012bbas mobilit\u0101ti m\u016bsdien\u0101s. Augsta mobilit\u0101te, ko nodro\u0161ina kravu p\u0101rvad\u0101jumi, var veicin\u0101t sugu izplat\u012b\u0161anos jaun\u0101s vid\u0113s, kur t\u0101s iepriek\u0161 nebija sastopamas. Tom\u0113r, ja par\u0101d\u0101s vair\u0101kk\u0101rt\u0113ji zi\u0146ojumi par sarkan\u0101m vard\u0113m, tas var liecin\u0101t ar\u012b par vides pies\u0101r\u0146ojumu, kas zin\u0101tniekiem sag\u0101d\u0101 zin\u0101tnisku zi\u0146k\u0101r\u012bbu, kas mijas ar satraukumu. Lai ar\u012b prec\u012bzi iemesli \u0161\u012bm kr\u0101su izmai\u0146\u0101m v\u0113l tiek p\u0113t\u012bti, filma &#8220;Var\u017eu safari&#8221; aicina skat\u012bt\u0101jus piev\u0113rst uzman\u012bbu Latvijas dabai un t\u0101s daudzveid\u012bbai, kas nereti sp\u0113j p\u0101rsteigt ar negaid\u012btiem atkl\u0101jumiem.<\/p>\n<p>Filmas &#8220;Var\u017eu safari&#8221; un cikla &#8220;Latvijas kods. Latvija \u0161odien&#8221; pirmizr\u0101de<\/p>\n<p>Dokument\u0101l\u0101 \u012bsfilma &#8220;Var\u017eu safari&#8221; ir da\u013ca no Latvijas Telev\u012bzijas projekta &#8220;Latvijas kods. Latvija \u0161odien&#8221;, kas jau kop\u0161 2013. gada p\u0113ta un dokument\u0113 m\u016bsdienu Latvijas realit\u0101ti. Cikla ietvaros tapu\u0161\u0101s filmas aktualiz\u0113 sabiedr\u012bbai noz\u012bm\u012bgas t\u0113mas un pied\u0101v\u0101 dzi\u013c\u0101ku ieskatu Latvijas dz\u012bv\u0113. &#8220;Var\u017eu safari&#8221; pirmizr\u0101de notika 17. novembr\u012b plkst. 21.55 LTV1 un REplay.lv. Filmas tap\u0161an\u0101 piedal\u012bj\u0101s operators Toms \u0160\u0137\u0113le, ska\u0146u operators un re\u017eisors no studijas &#8220;Audilla&#8221;, k\u0101 ar\u012b m\u016bzi\u0137is Toms Krauklis, kur\u0161 rad\u012bjis filmai ori\u0123in\u0101lm\u016bziku. Filma \u013cauj ne tikai iepaz\u012bt aizraujo\u0161us dabas atkl\u0101jumus, bet ar\u012b izbaud\u012bt \u012bpa\u0161i veidotu m\u016bziku un kinom\u0101kslu.<\/p>\n","protected":false},"excerpt":{"rendered":"Nekad nevar zin\u0101t, ko atrad\u012bsiet Latvijas dab\u0101 Vai esat k\u0101dreiz iedom\u0101ju\u0161ies, ka Latvijas me\u017eos un purvos nakt\u012b var\u0113tu&hellip;\n","protected":false},"author":2,"featured_media":53857,"comment_status":"","ping_status":"","sticky":false,"template":"","format":"standard","meta":{"footnotes":""},"categories":[19],"tags":[14698,89,90,14696,35,39,38,36,37,34,8153,40,14699,14697],"class_list":{"0":"post-53856","1":"post","2":"type-post","3":"status-publish","4":"format-standard","5":"has-post-thumbnail","7":"category-izklaide","8":"tag-agneses-laizanes-filma","9":"tag-entertainment","10":"tag-izklaide","11":"tag-kokvarde","12":"tag-latvia","13":"tag-latvian","14":"tag-latviesu","15":"tag-latviesu-valoda","16":"tag-latviesuvaloda","17":"tag-latvija","18":"tag-latvijas-daba","19":"tag-lv","20":"tag-nezinamas-krasas-vardes-latvija","21":"tag-varzu-safari"},"share_on_mastodon":{"url":"https:\/\/pubeurope.com\/@lv\/115577247722446151","error":""},"_links":{"self":[{"href":"https:\/\/www.europesays.com\/lv\/wp-json\/wp\/v2\/posts\/53856","targetHints":{"allow":["GET"]}}],"collection":[{"href":"https:\/\/www.europesays.com\/lv\/wp-json\/wp\/v2\/posts"}],"about":[{"href":"https:\/\/www.europesays.com\/lv\/wp-json\/wp\/v2\/types\/post"}],"author":[{"embeddable":true,"href":"https:\/\/www.europesays.com\/lv\/wp-json\/wp\/v2\/users\/2"}],"replies":[{"embeddable":true,"href":"https:\/\/www.europesays.com\/lv\/wp-json\/wp\/v2\/comments?post=53856"}],"version-history":[{"count":0,"href":"https:\/\/www.europesays.com\/lv\/wp-json\/wp\/v2\/posts\/53856\/revisions"}],"wp:featuredmedia":[{"embeddable":true,"href":"https:\/\/www.europesays.com\/lv\/wp-json\/wp\/v2\/media\/53857"}],"wp:attachment":[{"href":"https:\/\/www.europesays.com\/lv\/wp-json\/wp\/v2\/media?parent=53856"}],"wp:term":[{"taxonomy":"category","embeddable":true,"href":"https:\/\/www.europesays.com\/lv\/wp-json\/wp\/v2\/categories?post=53856"},{"taxonomy":"post_tag","embeddable":true,"href":"https:\/\/www.europesays.com\/lv\/wp-json\/wp\/v2\/tags?post=53856"}],"curies":[{"name":"wp","href":"https:\/\/api.w.org\/{rel}","templated":true}]}}