{"id":53899,"date":"2025-11-19T17:22:09","date_gmt":"2025-11-19T17:22:09","guid":{"rendered":"https:\/\/www.europesays.com\/lv\/53899\/"},"modified":"2025-11-19T17:22:09","modified_gmt":"2025-11-19T17:22:09","slug":"reagejot-uz-sabiedribas-neapmierinatibu-rigas-mers-uzdod-svetkos-efektivak-planot-sabiedriska-transporta-darbibu","status":"publish","type":"post","link":"https:\/\/www.europesays.com\/lv\/53899\/","title":{"rendered":"Rea\u0123\u0113jot uz sabiedr\u012bbas neapmierin\u0101t\u012bbu, R\u012bgas m\u0113rs uzdod sv\u0113tkos efekt\u012bv\u0101k pl\u0101not sabiedrisk\u0101 transporta darb\u012bbu"},"content":{"rendered":"<p>Ar\u012b aizvad\u012btajos sv\u0113tkos 18. novembr\u012b &#8220;R\u012bgas satiksme&#8221; bija paredz\u0113jusi p\u0113c plkst. 17 palielin\u0101t sabiedrisk\u0101 transporta reisu skaitu, nodro\u0161inot 143 papildreisus autobusiem, 114 papildreisus tramvajiem un 127 papildreisus trolejbusiem.<\/p>\n<p>Tom\u0113r ar\u012b \u0161os reisus ietekm\u0113ja satiksmes ierobe\u017eojumi, kas tika ieviesti vakara pas\u0101kumu d\u0113\u013c. Visliel\u0101k\u0101 ietekme bija L\u0101pu g\u0101jiena laik\u0101, kad <a href=\"https:\/\/www.tvnet.lv\/term\/555404\/sabiedriskais-transports\" class=\"topicLink\" target=\"_blank\" rel=\"nofollow noopener\">sabiedriskais transports<\/a> tika novirz\u012bts uz Elizabetes ielu un kop\u0113jie sastr\u0113gumi b\u016btiski pal\u0113nin\u0101ja kust\u012bbu.<\/p>\n<p>Papildus tam Van\u0161u tilts bija sl\u0113gts aptuveni 55 min\u016btes, bet tramvaju kust\u012bba Aspazijas bulv\u0101r\u012b tika aptur\u0113ta uz 56 min\u016bt\u0113m.<\/p>\n<p>K\u0101 zi\u0146ots, otrdienas vakar\u0101 da\u013cai iedz\u012bvot\u0101ju nok\u013c\u016b\u0161ana uz sv\u0113tku pas\u0101kumiem R\u012bgas centr\u0101 izv\u0113rsusies izaicino\u0161a, nov\u0113roja a\u0123ent\u016bra LETA.<\/p>\n<p>Da\u017eviet bija p\u0101rpild\u012bts sabiedriskais transports.<\/p>\n<p>Galvaspils\u0113tas centr\u0101 bija izveidoju\u0161ies iev\u0113rojami sastr\u0113gumi, da\u013cai iedz\u012bvot\u0101ju p\u0101rvietojoties ar\u012b ar priv\u0101to transportu. Br\u012bvas autost\u0101vvietas bija man\u0101mas reti.<\/p>\n<p>Latvijas Republikas proklam\u0113\u0161anas 107. gadadien\u0101 R\u012bg\u0101 sabiedriskais transports bija bez maksas. Sv\u0113tku pas\u0101kumu laik\u0101 ieviesti ar\u012b satiksmes ierobe\u017eojumi. T\u0101pat bez maksas var\u0113ja izmantot ar\u012b &#8220;R\u012bgas satiksmes&#8221; apsaimniekot\u0101s autost\u0101vvietas ielu mal\u0101s.<\/p>\n<p>Uz\u0146\u0113mum\u0101 &#8220;R\u012bgas satiksme&#8221; jau iepriek\u0161 br\u012bdin\u0101ja, ka sv\u0113tku dien\u0101 pils\u0113tas centr\u0101 gaid\u0101ma intens\u012bv\u0101ka cilv\u0113ku pl\u016bsma, t\u0101d\u0113\u013c vair\u0101kos mar\u0161rutos kurs\u0113s liel\u0101kas ietilp\u012bbas transportl\u012bdzek\u013ci. Papildu reisi atsevi\u0161\u0137os mar\u0161rutos pl\u0101noti no plkst. 17 l\u012bdz 24.<\/p>\n","protected":false},"excerpt":{"rendered":"Ar\u012b aizvad\u012btajos sv\u0113tkos 18. novembr\u012b &#8220;R\u012bgas satiksme&#8221; bija paredz\u0113jusi p\u0113c plkst. 17 palielin\u0101t sabiedrisk\u0101 transporta reisu skaitu, nodro\u0161inot&hellip;\n","protected":false},"author":2,"featured_media":53900,"comment_status":"","ping_status":"","sticky":false,"template":"","format":"standard","meta":{"footnotes":""},"categories":[5],"tags":[23,28,29,32,33,22,30,31,35,39,38,36,37,34,40,20,26,27,172,1954,24,25,2187,21],"class_list":{"0":"post-53899","1":"post","2":"type-post","3":"status-publish","4":"format-standard","5":"has-post-thumbnail","7":"category-aktualitates","8":"tag-aktualitates","9":"tag-breaking-news","10":"tag-breakingnews","11":"tag-featured-news","12":"tag-featurednews","13":"tag-headlines","14":"tag-latest-news","15":"tag-latestnews","16":"tag-latvia","17":"tag-latvian","18":"tag-latviesu","19":"tag-latviesu-valoda","20":"tag-latviesuvaloda","21":"tag-latvija","22":"tag-lv","23":"tag-news","24":"tag-popularakas-zinas","25":"tag-popularakaszinas","26":"tag-riga","27":"tag-sabiedriskais-transports","28":"tag-top-stories","29":"tag-topstories","30":"tag-viesturs-kleinbergs","31":"tag-zinas"},"share_on_mastodon":{"url":"https:\/\/pubeurope.com\/@lv\/115577523006152576","error":""},"_links":{"self":[{"href":"https:\/\/www.europesays.com\/lv\/wp-json\/wp\/v2\/posts\/53899","targetHints":{"allow":["GET"]}}],"collection":[{"href":"https:\/\/www.europesays.com\/lv\/wp-json\/wp\/v2\/posts"}],"about":[{"href":"https:\/\/www.europesays.com\/lv\/wp-json\/wp\/v2\/types\/post"}],"author":[{"embeddable":true,"href":"https:\/\/www.europesays.com\/lv\/wp-json\/wp\/v2\/users\/2"}],"replies":[{"embeddable":true,"href":"https:\/\/www.europesays.com\/lv\/wp-json\/wp\/v2\/comments?post=53899"}],"version-history":[{"count":0,"href":"https:\/\/www.europesays.com\/lv\/wp-json\/wp\/v2\/posts\/53899\/revisions"}],"wp:featuredmedia":[{"embeddable":true,"href":"https:\/\/www.europesays.com\/lv\/wp-json\/wp\/v2\/media\/53900"}],"wp:attachment":[{"href":"https:\/\/www.europesays.com\/lv\/wp-json\/wp\/v2\/media?parent=53899"}],"wp:term":[{"taxonomy":"category","embeddable":true,"href":"https:\/\/www.europesays.com\/lv\/wp-json\/wp\/v2\/categories?post=53899"},{"taxonomy":"post_tag","embeddable":true,"href":"https:\/\/www.europesays.com\/lv\/wp-json\/wp\/v2\/tags?post=53899"}],"curies":[{"name":"wp","href":"https:\/\/api.w.org\/{rel}","templated":true}]}}