{"id":53903,"date":"2025-11-19T17:28:16","date_gmt":"2025-11-19T17:28:16","guid":{"rendered":"https:\/\/www.europesays.com\/lv\/53903\/"},"modified":"2025-11-19T17:28:16","modified_gmt":"2025-11-19T17:28:16","slug":"epsteina-lietu-atklajumi-met-enu-par-globalo-finansu-eliti-lente-lv","status":"publish","type":"post","link":"https:\/\/www.europesays.com\/lv\/53903\/","title":{"rendered":"Ep\u0161teina lietu atkl\u0101jumi met \u0113nu p\u0101r glob\u0101lo finan\u0161u eliti\u00a0\u2014\u00a0Lente.lv"},"content":{"rendered":"<p>Ep\u0161teina lietu \u0113na kr\u012bt p\u0101r glob\u0101l\u0101s biznesa elites virsotn\u0113m<\/p>\n<p>Neseni publiskotie e-pasta zi\u0146ojumi, kas atkl\u0101j augsta l\u012bme\u0146a finansistu un uz\u0146\u0113m\u0113ju kontaktu uztur\u0113\u0161anu ar D\u017eefriju Ep\u0161teinu pat daudzus gadus p\u0113c vi\u0146a s\u0101kotn\u0113j\u0101s noties\u0101\u0161anas, rada nopietnas ba\u017eas par spriestsp\u0113ju un korporat\u012bvo p\u0101rvald\u012bbu pasaules ietekm\u012bg\u0101ko aprindu vid\u016b.<\/p>\n<p>Atkl\u0101jas jaunas deta\u013cas par Ep\u0161teina sakariem ar biznesa eliti<\/p>\n<p>ASV P\u0101rst\u0101vju pal\u0101tas komitejas publiskotie t\u016bksto\u0161iem Ep\u0161teinam velt\u012btie dokumenti, tostarp nesen izskan\u0113jus\u012b e-pastu sarakste, atkal piev\u0113r\u0161 uzman\u012bbu vi\u0146a cie\u0161aj\u0101m sait\u0113m ar elites biznesa un finan\u0161u t\u012bkliem. \u0160\u012b atjaunot\u0101 interese n\u0101k ilgi p\u0113c tam, kad Ep\u0161teins 2008. gad\u0101 tika noties\u0101ts par nepilngad\u012bgas prostit\u016btas piesaist\u012b\u0161anu. 2. septembr\u012b 2025. gad\u0101 komiteja izplat\u012bja vair\u0101k nek\u0101 33 000 lappu\u0161u ar Tieslietu departamenta iesniegtajiem pa\u0161reiz\u0113jiem ierakstiem, bet novembra vid\u016b sekoja v\u0113l aptuveni 20 000 lappu\u0161u no Ep\u0161teina mantojuma, ieskaitot jaunatkl\u0101tus e-pastus. Visa \u0161\u012b inform\u0101cija ir br\u012bvi pieejama sabiedr\u012bbai.<\/p>\n<p>Larijs Samerss: no zin\u0101tnieka l\u012bdz str\u012bd\u012bgai fig\u016brai<\/p>\n<p>Viena no visatpaz\u012bstam\u0101kaj\u0101m fig\u016br\u0101m biznesa pasaul\u0113, kas min\u0113ta e-pastos, ir biju\u0161ais ASV finan\u0161u ministrs un H\u0101rvardas universit\u0101tes rektors Larijs Samerss. Viens no e-pastiem atkl\u0101j Samersa p\u0101rdomas: <\/p>\n<blockquote><p>\u00abEs cen\u0161os saprast, k\u0101p\u0113c amerik\u0101\u0146u elite uzskata, ka, ja tu nogalini savu b\u0113rnu, piekaujot un pametot, tam nav noz\u012bmes H\u0101rvardas uz\u0146em\u0161anai, bet tad, ja tu uzm\u0101cies da\u017e\u0101m sieviet\u0113m pirms 10 gadiem, tu vairs nevari str\u0101d\u0101t medijos vai anal\u012btiskos centros. NEATK\u0100RTOJIET \u0160O INSIGHT.\u00bb<\/p><\/blockquote>\n<p> Daudzi no Ep\u0161teina e-pastu dialogiem ar vado\u0161ajiem biznesa p\u0101rst\u0101vjiem ir rakst\u012bti nepiespiest\u0101, sarunvalodas ton\u012b, bie\u017ei vien ar k\u013c\u016bd\u0101m un nepareizu gramatiku, k\u0101 ar\u012b ar rupj\u0101m piez\u012bm\u0113m, ko daudzas no \u0161\u012bm person\u0101m, iesp\u0113jams, nekad nav gaid\u012bju\u0161as k\u013c\u016bt publiski. Samerss ar\u012b piemin sievie\u0161u intelekta koeficientu, rakstot: <\/p>\n<blockquote><p>\u00abEs nov\u0113roju, ka puse pasaules IQ pieder sieviet\u0113m, neminot, ka vi\u0146as veido vair\u0101k nek\u0101 51% no popul\u0101cijas.\u00bb<\/p><\/blockquote>\n<p> \u0160ie koment\u0101ri tiek izskat\u012bti kontekst\u0101 ar vi\u0146a iepriek\u0161\u0113jo str\u012bdu H\u0101rvardas universit\u0101t\u0113 2005.\u20132006. gad\u0101, kad vi\u0146a izteikumi par sievie\u0161u p\u0101rst\u0101vniec\u012bbu zin\u0101tn\u0113 un in\u017eenierzin\u0101tn\u0113s veicin\u0101ja vi\u0146a atk\u0101p\u0161anos no rektora amata. Samerss pazi\u0146ojis, ka att\u0101lin\u0101sies no publisk\u0101m saist\u012bb\u0101m p\u0113c tam, kad e-pasti atkl\u0101ja, ka vi\u0146\u0161 uztur\u0113jis draudz\u012bgus kontaktus ar Ep\u0161teinu gadiem ilgi, pat konsult\u0113jot uz\u0146\u0113mumus, vald\u012bbas un tehnolo\u0123iju firmas. Reiz slav\u0113ts k\u0101 paaudzes lab\u0101kais makroekonomikas politikas veidot\u0101js, Samerss bija prominenta fig\u016bra biju\u0161o prezidentu Bila Klintona un Baraka Obamas administr\u0101cij\u0101s. H\u0101rvardas profesors pirmdien pazi\u0146ojum\u0101 universit\u0101tes studentu laikrakstam \u00abThe Harvard Crimson\u00bb nor\u0101d\u012bja, ka v\u0113las \u00abatjaunot uztic\u012bbu un salabot attiec\u012bbas ar man vistuv\u0101kajiem cilv\u0113kiem\u00bb. Vi\u0146\u0161 piebilda: <\/p>\n<blockquote><p>\u00abEsmu dzi\u013ci kauns par sav\u0101m darb\u012bb\u0101m un apzinos s\u0101pes, ko t\u0101s ir rad\u012bju\u0161as. Es piln\u012bb\u0101 uz\u0146emos atbild\u012bbu par savu k\u013c\u016bdaino l\u0113mumu turpin\u0101t sazin\u0101ties ar Mr. Ep\u0161teinu.\u00bb<\/p><\/blockquote>\n<p>Citas iev\u0113rojamas fig\u016bras Ep\u0161teina sarakst\u0113<\/p>\n<p>T\u0101l\u0101k sniegts nepiln\u012bgs saraksts ar cit\u0101m galvenaj\u0101m ekonomikas, finan\u0161u nozares un invest\u012bciju person\u0101m, kas min\u0113tas e-pastos. Iek\u013cau\u0161ana e-pastos pati par sevi nenoz\u012bm\u0113 likump\u0101rk\u0101pumu.<\/p>\n<p>P\u012bters T\u012bls<\/p>\n<p>Kas vi\u0146\u0161 ir: PayPal un Palantir l\u012bdzdibin\u0101t\u0101js, agr\u012bnais Facebook investors, prominenta fig\u016bra ASV un glob\u0101laj\u0101 tehnolo\u0123iju sektor\u0101, k\u0101 ar\u012b riska kapit\u0101la investors. Ko atkl\u0101j dokumenti: Neseni publiskotie materi\u0101li un iepriek\u0161\u0113jie zi\u0146ojumi liecina, ka Ep\u0161teins uztur\u0113jis kontaktu ar T\u012blu 2010. gadu vid\u016b, p\u0113c tam, kad Ep\u0161teins 2008. gad\u0101 Florid\u0101 atzina savu vainu prostit\u016bcijas piepras\u012b\u0161an\u0101 ar nepilngad\u012bgo. Viens no izceltajiem e-pastiem satur Ep\u0161teina v\u0113stuli T\u012blam: \u201cTas bija jautri, tiekamies p\u0113c 3 ned\u0113\u013c\u0101m.\u201d Citi avoti apraksta, ka Ep\u0161teins v\u0113rsies pie T\u012bla par potenci\u0101l\u0101m invest\u012bcij\u0101m, tostarp par neatliekam\u0101s pal\u012bdz\u012bbas dienestu starta projektiem, lai gan publiski nav zi\u0146ots par noz\u012bm\u012bgiem dar\u012bjumiem. T\u012bla kl\u0101tb\u016btne sarakst\u0113 uzsver, ka Ep\u0161teins, lai gan bija diskredit\u0113ts finansists, joproj\u0101m bija kontakts augst\u0101k\u0101 l\u012bme\u0146a tehnolo\u0123iju investoru vid\u016b.<\/p>\n<p>Reids Hofmans<\/p>\n<p>Kas vi\u0146\u0161 ir: LinkedIn Corporation l\u012bdzdibin\u0101t\u0101js un riska kapit\u0101la firmas Greylock Partners partneris Sil\u012bcija ielej\u0101. Ko atkl\u0101j dokumenti: Hofmans ir min\u0113ts uzraudz\u012bbas komitejas Ep\u0161teinam velt\u012bto dokumentu kr\u0101jum\u0101. Atsevi\u0161\u0137i zi\u0146ojumi, kas dat\u0113ti pirms jaun\u0101k\u0101s e-pastu nopl\u016bdes, dokument\u0113 vi\u0146a dal\u012bbu sapulc\u0113s ar Ep\u0161teinu, kas saist\u012btas ar Masa\u010d\u016bsetsas Tehnolo\u0123iju instit\u016bta Media Lab un vismaz vienu viz\u012bti Ep\u0161teina priv\u0101t\u0101 sal\u0101, par ko Hofmans v\u0113l\u0101k ir atvainojies.<\/p>\n<p>D\u017ees Stalejs<\/p>\n<p>Kas vi\u0146\u0161 ir: Bijus\u012b JPMorgan invest\u012bciju bankas vad\u012bt\u0101js un v\u0113l\u0101k Barclays, vienas no Apvienot\u0101s Karalistes liel\u0101kaj\u0101m aizdev\u0113j\u0101m, izpilddirektors. Ko atkl\u0101j dokumenti: Apvienot\u0101s Karalistes regulatoru v\u0113rt\u0113jum\u0101 Stalejs un Ep\u0161teins apmain\u012bju\u0161ies ar vair\u0101k nek\u0101 1200 e-pastiem laik\u0101 no 2008. l\u012bdz 2012. gadam, kad Stalejs str\u0101d\u0101ja JPMorgan, un kontakti turpin\u0101j\u0101s ar\u012b p\u0113c Ep\u0161teina atbr\u012bvo\u0161anas no cietuma 2009. gad\u0101. Apvienot\u0101s Karalistes Finan\u0161u uzraudz\u012bbas iest\u0101de (FCA) secin\u0101ja, ka Stalejs neapdom\u012bgi maldin\u0101ja to par attiec\u012bbu dabu un apm\u0113ru, kad tika izvirz\u012bti jaut\u0101jumi p\u0113c vi\u0146a pievieno\u0161an\u0101s Barclays. Stalejs ir atzinis, ka vi\u0146am biju\u0161as int\u012bmas attiec\u012bbas ar \u00abEp\u0161teina asistenti\u00bb. Augst\u0101k\u0101 tribun\u0101la noda\u013ca v\u0113l\u0101k apstiprin\u0101ja FCA l\u0113mumu par vi\u0146a aizliegumu ie\u0146emt vado\u0161us amatus finan\u0161u pakalpojumu nozar\u0113.<\/p>\n<p>Ketl\u012bna R\u016bmmera<\/p>\n<p>Kas vi\u0146a ir: Goldman Sachs galven\u0101 juriste, bijus\u012b Balt\u0101 nama padomniece prezidentam Barakama Obamam un bijus\u012b feder\u0101l\u0101 prokurore. Ko atkl\u0101j dokumenti: Nesen publiskotie e-pasti liecina, ka R\u016bmmera uztur\u0113ja kontaktus ar Ep\u0161teinu p\u0113c vi\u0146a noties\u0101\u0161anas. Vien\u0101 sarakst\u0113 par Donaldam Trampam vi\u0146a biju\u0161\u0101 prezidenta pan\u0101kumus raksturojusi k\u0101 \u00abnopietni bied\u0113jo\u0161us\u00bb. Goldman Sachs uzst\u0101ja, ka R\u016bmmera tik\u0101s ar Ep\u0161teinu savu juristes pien\u0101kumu ietvaros un nekad nepie\u0146\u0113ma uzaicin\u0101jumu vai iesp\u0113ju lidot kop\u0101 ar vi\u0146u. 2023. gad\u0101 Ms. R\u016bmmera nor\u0101d\u012bja \u00abThe Wall Street Journal\u00bb: \u00abEs no\u017e\u0113loju, ka jebkad pazinu D\u017eefriju Ep\u0161teinu.\u00bb R\u016bmmera kop\u012bgi vada Goldman reput\u0101cijas riska komiteju. Vi\u0146as e-pasta sarakste ar Ep\u0161teinu t\u0101d\u0113j\u0101di tiek v\u0113rt\u0113ta k\u0101 p\u0101rbaude tam, k\u0101 glob\u0101l\u0101s bankas risina konfliktus starp person\u012bgajiem sakariem un institucion\u0101laj\u0101m v\u0113rt\u012bb\u0101m.<\/p>\n<p>Les Veksners<\/p>\n<p>Kas vi\u0146\u0161 ir: L Brands dibin\u0101t\u0101js, uz\u0146\u0113muma Victoria\u2019s Secret m\u0101teskomp\u0101nijas. Ko atkl\u0101j dokumenti: Ep\u0161teins gadiem ilgi p\u0101rvald\u012bja da\u013cu no Veksnera person\u012bg\u0101 mantojuma un k\u0101d\u0101 br\u012bd\u012b vi\u0146am bija pilnvaras p\u0101r da\u017e\u0101m vi\u0146a finans\u0113m. Ep\u0161teins izmantoja Manhetenas savrupm\u0101ju, kas pieder\u0113ja Veksneram saist\u012btai strukt\u016brai, k\u0101 savu galveno dz\u012bvesvietu. 2019. gad\u0101 Veksners pazi\u0146oja, ka p\u0101rtraucis saikni ar Ep\u0161teinu \u00abgandr\u012bz pirms 12 gadiem\u00bb.<\/p>\n<p>N\u0101kotnes perspekt\u012bvas<\/p>\n<p>Kopum\u0101 \u0161ie gad\u012bjumi neliecina, ka iepriek\u0161 min\u0113tie vad\u012bt\u0101ji un investori b\u016btu piedal\u012bju\u0161ies Ep\u0161teina krimin\u0101laj\u0101s darb\u012bb\u0101s. Tie gan par\u0101da, ka vado\u0161ie p\u0101rst\u0101vji no liel\u0101m bank\u0101m, fondu, tehnolo\u0123iju firm\u0101m un juridisko biroju turpin\u0101ja kontakt\u0113ties ar vi\u0146u, da\u017ek\u0101rt pat \u013coti izdev\u012bgos apst\u0101k\u013cos, pat p\u0113c tam, kad vi\u0146a noties\u0101\u0161ana bija publiski zin\u0101ma. Tagad, kad gan P\u0101rst\u0101vju pal\u0101ta, gan Sen\u0101ts p\u0101rliecino\u0161i nobalsoja par likumprojektu, kas piespie\u017e Tieslietu departamentu publiskot savus Ep\u0161teinam velt\u012btos failus, ir iesp\u0113jams, ka par\u0101d\u012bsies jauni v\u0101rdi no cit\u0101m biznesa vai finan\u0161u aprind\u0101m, kas ir sadarboju\u0161ies vai uztur\u0113ju\u0161i kontaktus ar noties\u0101to seksu\u0101lo aizsk\u0101ruma veic\u0113ju.<\/p>\n","protected":false},"excerpt":{"rendered":"Ep\u0161teina lietu \u0113na kr\u012bt p\u0101r glob\u0101l\u0101s biznesa elites virsotn\u0113m Neseni publiskotie e-pasta zi\u0146ojumi, kas atkl\u0101j augsta l\u012bme\u0146a finansistu&hellip;\n","protected":false},"author":2,"featured_media":53904,"comment_status":"","ping_status":"","sticky":false,"template":"","format":"standard","meta":{"footnotes":""},"categories":[5],"tags":[23,14706,28,29,14435,32,33,14705,22,14707,14708,30,31,35,39,38,36,37,34,40,20,26,27,24,25,21],"class_list":{"0":"post-53903","1":"post","2":"type-post","3":"status-publish","4":"format-standard","5":"has-post-thumbnail","7":"category-aktualitates","8":"tag-aktualitates","9":"tag-biznesa-sakari","10":"tag-breaking-news","11":"tag-breakingnews","12":"tag-dzefrijs-epsteins","13":"tag-featured-news","14":"tag-featurednews","15":"tag-finansu-elite","16":"tag-headlines","17":"tag-korporativa-parvaldiba","18":"tag-larijs-samerss","19":"tag-latest-news","20":"tag-latestnews","21":"tag-latvia","22":"tag-latvian","23":"tag-latviesu","24":"tag-latviesu-valoda","25":"tag-latviesuvaloda","26":"tag-latvija","27":"tag-lv","28":"tag-news","29":"tag-popularakas-zinas","30":"tag-popularakaszinas","31":"tag-top-stories","32":"tag-topstories","33":"tag-zinas"},"share_on_mastodon":{"url":"https:\/\/pubeurope.com\/@lv\/115577546603722986","error":""},"_links":{"self":[{"href":"https:\/\/www.europesays.com\/lv\/wp-json\/wp\/v2\/posts\/53903","targetHints":{"allow":["GET"]}}],"collection":[{"href":"https:\/\/www.europesays.com\/lv\/wp-json\/wp\/v2\/posts"}],"about":[{"href":"https:\/\/www.europesays.com\/lv\/wp-json\/wp\/v2\/types\/post"}],"author":[{"embeddable":true,"href":"https:\/\/www.europesays.com\/lv\/wp-json\/wp\/v2\/users\/2"}],"replies":[{"embeddable":true,"href":"https:\/\/www.europesays.com\/lv\/wp-json\/wp\/v2\/comments?post=53903"}],"version-history":[{"count":0,"href":"https:\/\/www.europesays.com\/lv\/wp-json\/wp\/v2\/posts\/53903\/revisions"}],"wp:featuredmedia":[{"embeddable":true,"href":"https:\/\/www.europesays.com\/lv\/wp-json\/wp\/v2\/media\/53904"}],"wp:attachment":[{"href":"https:\/\/www.europesays.com\/lv\/wp-json\/wp\/v2\/media?parent=53903"}],"wp:term":[{"taxonomy":"category","embeddable":true,"href":"https:\/\/www.europesays.com\/lv\/wp-json\/wp\/v2\/categories?post=53903"},{"taxonomy":"post_tag","embeddable":true,"href":"https:\/\/www.europesays.com\/lv\/wp-json\/wp\/v2\/tags?post=53903"}],"curies":[{"name":"wp","href":"https:\/\/api.w.org\/{rel}","templated":true}]}}