{"id":53913,"date":"2025-11-19T17:39:16","date_gmt":"2025-11-19T17:39:16","guid":{"rendered":"https:\/\/www.europesays.com\/lv\/53913\/"},"modified":"2025-11-19T17:39:16","modified_gmt":"2025-11-19T17:39:16","slug":"lielaka-dala-saeimas-frakciju-atbalsta-armina-meistera-iecelsanu-generalprokurora-amata","status":"publish","type":"post","link":"https:\/\/www.europesays.com\/lv\/53913\/","title":{"rendered":"Liel\u0101k\u0101 da\u013ca Saeimas frakciju atbalsta Arm\u012bna Meistera iecel\u0161anu \u0123ener\u0101lprokurora amat\u0101"},"content":{"rendered":"<p>Tre\u0161dien ar Meisteru tik\u0101s &#8220;Progres\u012bvo&#8221; Saeimas deput\u0101tu frakcija, k\u0101 ar\u012b &#8220;Jaun\u0101s vienot\u012bbas&#8221; (JV) deput\u0101tu Saeimas frakcija.<\/p>\n<p>&#8220;Progres\u012bvo&#8221; Saeimas frakcijas vad\u012bt\u0101js Andris \u0160uvajevs a\u0123ent\u016brai LETA nor\u0101d\u012bja, ka &#8220;Progres\u012bvo&#8221; deput\u0101ti Saeimas balsojum\u0101 Meisteru atbalst\u012bs.<\/p>\n<p>Atbalst\u012bt Meisteru amat\u0101 pl\u0101no ar\u012b JV Saeimas deput\u0101ti frakcija, a\u0123ent\u016brai LETA apliecin\u0101ja t\u0101s vad\u012bt\u0101js Edmunds Jur\u0113vics.<\/p>\n<p>Iepriek\u0161 Za\u013co un zemnieku savien\u012bbas (ZZS) un &#8220;Latvija pirmaj\u0101 viet\u0101&#8221; (LPV) Saeimas frakcijas pazi\u0146oju\u0161as, ka parlamenta balsojum\u0101 atbalst\u012bs Meisteru \u0123ener\u0101lprokurora amat\u0101.<\/p>\n<p>Jau zi\u0146ots, ka Meisteru tre\u0161dien \u0123ener\u0101lprokurora amat\u0101 atbalst\u012bja ar\u012b Saeimas Juridisk\u0101 komisija. Pl\u0101nots, ka <a href=\"https:\/\/www.tvnet.lv\/term\/556185\/saeima\" class=\"topicLink\" target=\"_blank\" rel=\"nofollow noopener\">Saeima<\/a> par vi\u0146a iecel\u0161anu amat\u0101 lems ceturtdien.<\/p>\n<p>Likums paredz, ka \u0123ener\u0101lprokuroru p\u0113c Tieslietu padomes priek\u0161likuma amat\u0101 uz pieciem gadiem iece\u013c Saeima. Viena un t\u0101 pati persona var b\u016bt par \u0123ener\u0101lprokuroru ne vair\u0101k k\u0101 divus termi\u0146us p\u0113c k\u0101rtas.<\/p>\n<p>Meisters no 2018. gada maija ir R\u012bgas tiesas apgabala prokurat\u016bras virsprokurors. 2023. gad\u0101 vi\u0146\u0161 iecelts \u0161aj\u0101 amat\u0101 uz otru termi\u0146u. No 2000. gada vi\u0146\u0161 str\u0101d\u0101jis da\u017e\u0101d\u0101s prokurat\u016bras strukt\u016brvien\u012bb\u0101s, tostarp bijis R\u012bgas pils\u0113tas Centra rajona prokurat\u016bras virsprokurors un Finan\u0161u un ekonomisko noziegumu izmekl\u0113\u0161anas prokurat\u016bras virsprokurors.<\/p>\n","protected":false},"excerpt":{"rendered":"Tre\u0161dien ar Meisteru tik\u0101s &#8220;Progres\u012bvo&#8221; Saeimas deput\u0101tu frakcija, k\u0101 ar\u012b &#8220;Jaun\u0101s vienot\u012bbas&#8221; (JV) deput\u0101tu Saeimas frakcija. &#8220;Progres\u012bvo&#8221; Saeimas&hellip;\n","protected":false},"author":2,"featured_media":53914,"comment_status":"","ping_status":"","sticky":false,"template":"","format":"standard","meta":{"footnotes":""},"categories":[12],"tags":[23,28,29,32,33,8749,22,30,31,35,39,38,36,37,34,40,20,26,27,141,24,25,21],"class_list":{"0":"post-53913","1":"post","2":"type-post","3":"status-publish","4":"format-standard","5":"has-post-thumbnail","7":"category-latvija","8":"tag-aktualitates","9":"tag-breaking-news","10":"tag-breakingnews","11":"tag-featured-news","12":"tag-featurednews","13":"tag-generalprokuratura","14":"tag-headlines","15":"tag-latest-news","16":"tag-latestnews","17":"tag-latvia","18":"tag-latvian","19":"tag-latviesu","20":"tag-latviesu-valoda","21":"tag-latviesuvaloda","22":"tag-latvija","23":"tag-lv","24":"tag-news","25":"tag-popularakas-zinas","26":"tag-popularakaszinas","27":"tag-saeima","28":"tag-top-stories","29":"tag-topstories","30":"tag-zinas"},"share_on_mastodon":{"url":"https:\/\/pubeurope.com\/@lv\/115577590062045949","error":""},"_links":{"self":[{"href":"https:\/\/www.europesays.com\/lv\/wp-json\/wp\/v2\/posts\/53913","targetHints":{"allow":["GET"]}}],"collection":[{"href":"https:\/\/www.europesays.com\/lv\/wp-json\/wp\/v2\/posts"}],"about":[{"href":"https:\/\/www.europesays.com\/lv\/wp-json\/wp\/v2\/types\/post"}],"author":[{"embeddable":true,"href":"https:\/\/www.europesays.com\/lv\/wp-json\/wp\/v2\/users\/2"}],"replies":[{"embeddable":true,"href":"https:\/\/www.europesays.com\/lv\/wp-json\/wp\/v2\/comments?post=53913"}],"version-history":[{"count":0,"href":"https:\/\/www.europesays.com\/lv\/wp-json\/wp\/v2\/posts\/53913\/revisions"}],"wp:featuredmedia":[{"embeddable":true,"href":"https:\/\/www.europesays.com\/lv\/wp-json\/wp\/v2\/media\/53914"}],"wp:attachment":[{"href":"https:\/\/www.europesays.com\/lv\/wp-json\/wp\/v2\/media?parent=53913"}],"wp:term":[{"taxonomy":"category","embeddable":true,"href":"https:\/\/www.europesays.com\/lv\/wp-json\/wp\/v2\/categories?post=53913"},{"taxonomy":"post_tag","embeddable":true,"href":"https:\/\/www.europesays.com\/lv\/wp-json\/wp\/v2\/tags?post=53913"}],"curies":[{"name":"wp","href":"https:\/\/api.w.org\/{rel}","templated":true}]}}