{"id":53919,"date":"2025-11-19T17:44:10","date_gmt":"2025-11-19T17:44:10","guid":{"rendered":"https:\/\/www.europesays.com\/lv\/53919\/"},"modified":"2025-11-19T17:44:10","modified_gmt":"2025-11-19T17:44:10","slug":"reuters-asv-trampa-slepenaja-plana-pieprasa-ukrainai-atteikties-no-teritorijam-un-samazinat-armiju-tvnet","status":"publish","type":"post","link":"https:\/\/www.europesays.com\/lv\/53919\/","title":{"rendered":"Reuters: ASV Trampa slepenaj\u0101 pl\u0101n\u0101 pieprasa Ukrainai atteikties no teritorij\u0101m un samazin\u0101t armiju &#8211; TVNET"},"content":{"rendered":"<ol>\n<li><a href=\"https:\/\/news.google.com\/rss\/articles\/CBMixgFBVV95cUxPTDlYSl9YZkpOMkx5OHFJWXZRZnJpWU1CcUxucjNZa1NZbGNtc2g2MU1wWXprZVo2d3ZONXdKNEZFY0NaNV95UTBLMVZVOWYxeTBVVUxHaFpmWG9VR1R1aDZDVDBrTUwtQjVMM19mYko1cnRITEttM1J3T090dVZ5cEVQX3dUTEdNclpoVzlwRjg1ak8wUUkxOFROOEE2OTQ5cndkc2xmOEtpM3h6TTc2ZGU1WEoyWFRHbVZPakRQMzVjeDVVT2c?oc=5\" target=\"_blank\" rel=\"nofollow noopener\">Reuters: ASV Trampa slepenaj\u0101 pl\u0101n\u0101 pieprasa Ukrainai atteikties no teritorij\u0101m un samazin\u0101t armiju<\/a>&nbsp;&nbsp;TVNET<\/li>\n<li><a href=\"https:\/\/news.google.com\/rss\/articles\/CBMiuwFBVV95cUxPQ282S2o4NExkejd2NU14Q29rbjcxWEJRbnc5d1d6RW5pYXZ5RjFOdE1BR1VoQWN6cVF6a2FNMG5xbGQ5Y2MzOTlzT0FCdnVrbTdnNVJYeFg0WEVaZ2NaWHdiMXE5dDRoVzNMYVpicU02YVl0RWxtOVRSV3dWVDdQbGxNOG9EZnVhT0pjRUE5MmhwQ0EwbWxJLVZNeEdfMzE0VFhKSHJwV2puLWN6ZGRINW1fRmxUOGhqQkFZ?oc=5\" target=\"_blank\" rel=\"nofollow noopener\">Avoti: ASV kop\u0101 ar Krieviju slepeni izstr\u0101d\u0101 jaunu pl\u0101nu kara nosl\u0113g\u0161anai Ukrain\u0101<\/a>&nbsp;&nbsp;Jauns.lv<\/li>\n<li><a href=\"https:\/\/news.google.com\/rss\/articles\/CBMiugFBVV95cUxPdzd3emlJTUxtNS11Q0FlX19GUXk3SF9yeXR4X29weThuX1hYYVdsWmhxbzh4b3N2M3BuVjJaeXB6emk1VDd1R1JfTm92ZExHUE5IN2hQaDdpamd6OEFjdGxOR3VqbU90b21tWnBfZ2g3eGc5cVBxR2VyWVlJZUhBTHd0RkhTZ3dtMDZfN0c2dHBUU2xxQ1E2TlVxVnZjVHBnZHMwbGVNMlI5M0VxaDUxSmUxTHZHZjJoWGc?oc=5\" target=\"_blank\" rel=\"nofollow noopener\">Biju\u0161ais Lielbrit\u0101nijas izl\u016bkdienesta vad\u012bt\u0101js: Putins jau ir izpl\u0101nojis Ukrainas n\u0101kotni<\/a>&nbsp;&nbsp;Apollo.lv<\/li>\n<li><a href=\"https:\/\/news.google.com\/rss\/articles\/CBMirAFBVV95cUxPalRZY01sUmluQzJSNEotTHpTcXhwdWhxQmxwNElpdHVwNzEyRGp6eUJpQWVjeXZDWGNyWXY0QlE0RjNiczZkOFZVMUNsSGMxaFA1RWtlSVFhR1Vya2NjWjI5UnpVSXEtTTgwVDJWeGJ1VVVwdW5xYXhfNlYtVkJNbnFybWRfVnJMMkg2WXpLeXpSRUZaQUdSclZCV2s3VGpyZ1FTNjJMS05tVzNS?oc=5\" target=\"_blank\" rel=\"nofollow noopener\">ASV un Krievija r\u012bko slepenas sarunas, lai izbeigtu karu Ukrain\u0101, v\u0113sta medijs<\/a>&nbsp;&nbsp;tv3.lv<\/li>\n<li><a href=\"https:\/\/news.google.com\/rss\/articles\/CBMivgFBVV95cUxPckhHWFVaNzRLVVJtQ0loTTRUQy14RVJQWmlVRmY3anVxYWFnQnBnWGlsNk4yb1hSVmZEWWVRYzltLTgtaUg5emFTbTlSTVhyYnJhaW5ablM3cW9xNldsZmFWSnJjdWpncG5IT05kVmxjcVNZeDg3cmh3a3N5dEs3TlNMRXQtQWZBYW1mbkVCTmJZNnJ6OUZTblRGX0VQZFd2SlVxcXd5M3JESWxDWVZ3dGN0a01jZENsdWg2NkV30gHDAUFVX3lxTFBBcmZuVXUtcXJHbGgweElZZGkwRTlzZjZvbFoxM0tfRE8yVGV0N0dwRG9ZeW4xU3FsZXZaV1JsTzlCMm1zN2UzQkZoYUZBaklxQkg3R29jdVl2QWJsLWtZU2paNy1uUlAyMFdDQ3dUVzJNY2dWdmRIVHlRV0RZSGtRUTZtSnhkTWVGNHlOWEgxQm11ZHhaNGdweG9rZzJuSk5aY2g5ZjRCNGZHR19rUTllYTNENFY4NDRBVDBDZUZUZXN5Yw?oc=5\" target=\"_blank\" rel=\"nofollow noopener\">ASV var\u0113tu prezent\u0113t mierpl\u0101nu attiec\u012bb\u0101 uz Ukrainu l\u012bdz ned\u0113\u013cas beig\u0101m<\/a>&nbsp;&nbsp;bb.lv<\/li>\n<\/ol>\n","protected":false},"excerpt":{"rendered":"Reuters: ASV Trampa slepenaj\u0101 pl\u0101n\u0101 pieprasa Ukrainai atteikties no teritorij\u0101m un samazin\u0101t armiju&nbsp;&nbsp;TVNET Avoti: ASV kop\u0101 ar Krieviju&hellip;\n","protected":false},"author":2,"featured_media":53920,"comment_status":"","ping_status":"","sticky":false,"template":"","format":"standard","meta":{"footnotes":""},"categories":[14],"tags":[23,57,292,28,29,542,32,33,22,14709,14710,74,30,31,35,39,38,36,37,34,40,20,26,27,24,25,276,178,54,55,56,21,58],"class_list":{"0":"post-53919","1":"post","2":"type-post","3":"status-publish","4":"format-standard","5":"has-post-thumbnail","7":"category-zinas-no-arvalstim","8":"tag-aktualitates","9":"tag-arvalstim","10":"tag-asv","11":"tag-breaking-news","12":"tag-breakingnews","13":"tag-donalds-tramps","14":"tag-featured-news","15":"tag-featurednews","16":"tag-headlines","17":"tag-kara-izbeigsana","18":"tag-kremla-prasibas","19":"tag-krievijas-iebrukums-ukraina","20":"tag-latest-news","21":"tag-latestnews","22":"tag-latvia","23":"tag-latvian","24":"tag-latviesu","25":"tag-latviesu-valoda","26":"tag-latviesuvaloda","27":"tag-latvija","28":"tag-lv","29":"tag-news","30":"tag-popularakas-zinas","31":"tag-popularakaszinas","32":"tag-top-stories","33":"tag-topstories","34":"tag-ukraina","35":"tag-volodimirs-zelenskis","36":"tag-world","37":"tag-world-news","38":"tag-worldnews","39":"tag-zinas","40":"tag-zinas-no-arvalstim"},"share_on_mastodon":{"url":"","error":"Validation failed: Text character limit of 500 exceeded"},"_links":{"self":[{"href":"https:\/\/www.europesays.com\/lv\/wp-json\/wp\/v2\/posts\/53919","targetHints":{"allow":["GET"]}}],"collection":[{"href":"https:\/\/www.europesays.com\/lv\/wp-json\/wp\/v2\/posts"}],"about":[{"href":"https:\/\/www.europesays.com\/lv\/wp-json\/wp\/v2\/types\/post"}],"author":[{"embeddable":true,"href":"https:\/\/www.europesays.com\/lv\/wp-json\/wp\/v2\/users\/2"}],"replies":[{"embeddable":true,"href":"https:\/\/www.europesays.com\/lv\/wp-json\/wp\/v2\/comments?post=53919"}],"version-history":[{"count":0,"href":"https:\/\/www.europesays.com\/lv\/wp-json\/wp\/v2\/posts\/53919\/revisions"}],"wp:featuredmedia":[{"embeddable":true,"href":"https:\/\/www.europesays.com\/lv\/wp-json\/wp\/v2\/media\/53920"}],"wp:attachment":[{"href":"https:\/\/www.europesays.com\/lv\/wp-json\/wp\/v2\/media?parent=53919"}],"wp:term":[{"taxonomy":"category","embeddable":true,"href":"https:\/\/www.europesays.com\/lv\/wp-json\/wp\/v2\/categories?post=53919"},{"taxonomy":"post_tag","embeddable":true,"href":"https:\/\/www.europesays.com\/lv\/wp-json\/wp\/v2\/tags?post=53919"}],"curies":[{"name":"wp","href":"https:\/\/api.w.org\/{rel}","templated":true}]}}