{"id":5392,"date":"2025-09-26T07:46:08","date_gmt":"2025-09-26T07:46:08","guid":{"rendered":"https:\/\/www.europesays.com\/lv\/5392\/"},"modified":"2025-09-26T07:46:08","modified_gmt":"2025-09-26T07:46:08","slug":"polija-aicina-savus-pilsonus-nekavejoties-pamest-baltkrieviju","status":"publish","type":"post","link":"https:\/\/www.europesays.com\/lv\/5392\/","title":{"rendered":"Polija aicina savus pilso\u0146us nekav\u0113joties pamest Baltkrieviju"},"content":{"rendered":"<p>Pazi\u0146ojum\u0101 teikts, ka \u0161\u0101ds l\u0113mums pie\u0146emts, jo re\u0123ion\u0101 pieaugusi spriedze, turpin\u0101s Krievijas uzs\u0101ktais kar\u0161 pret Ukrainu, bet Baltkrievij\u0101 notiek patva\u013c\u012bgas Polijas pilso\u0146u aiztur\u0113\u0161anas.<\/p>\n<p>Ministrija br\u012bdina, ka krasas dro\u0161\u012bbas situ\u0101cijas pasliktin\u0101\u0161an\u0101s gad\u012bjum\u0101, kad tiek sl\u0113gtas robe\u017eas vai rodas k\u0101di citi neparedz\u0113ti apst\u0101k\u013ci, evaku\u0101cija var b\u016bt iev\u0113rojami sare\u017e\u0123\u012bt\u0101ka vai visp\u0101r neiesp\u0113jama.<\/p>\n<p>&#8220;\u0100rlietu ministrija v\u0113r\u0161as pie Polijas pilso\u0146iem, kas joproj\u0101m ir Baltkrievijas Republik\u0101, ar aicin\u0101jumu nekav\u0113joties pamest t\u0101s teritoriju, izmantojot pieejamos komerci\u0101los un person\u012bgos l\u012bdzek\u013cus,&#8221; teikts pazi\u0146ojum\u0101.<\/p>\n","protected":false},"excerpt":{"rendered":"Pazi\u0146ojum\u0101 teikts, ka \u0161\u0101ds l\u0113mums pie\u0146emts, jo re\u0123ion\u0101 pieaugusi spriedze, turpin\u0101s Krievijas uzs\u0101ktais kar\u0161 pret Ukrainu, bet Baltkrievij\u0101&hellip;\n","protected":false},"author":2,"featured_media":5393,"comment_status":"","ping_status":"","sticky":false,"template":"","format":"standard","meta":{"footnotes":""},"categories":[14],"tags":[23,57,2416,28,29,32,33,22,234,74,30,31,35,39,38,36,37,34,40,20,72,26,27,24,25,54,55,56,21,58],"class_list":{"0":"post-5392","1":"post","2":"type-post","3":"status-publish","4":"format-standard","5":"has-post-thumbnail","7":"category-zinas-no-arvalstim","8":"tag-aktualitates","9":"tag-arvalstim","10":"tag-baltkrievija","11":"tag-breaking-news","12":"tag-breakingnews","13":"tag-featured-news","14":"tag-featurednews","15":"tag-headlines","16":"tag-krievija","17":"tag-krievijas-iebrukums-ukraina","18":"tag-latest-news","19":"tag-latestnews","20":"tag-latvia","21":"tag-latvian","22":"tag-latviesu","23":"tag-latviesu-valoda","24":"tag-latviesuvaloda","25":"tag-latvija","26":"tag-lv","27":"tag-news","28":"tag-polija","29":"tag-popularakas-zinas","30":"tag-popularakaszinas","31":"tag-top-stories","32":"tag-topstories","33":"tag-world","34":"tag-world-news","35":"tag-worldnews","36":"tag-zinas","37":"tag-zinas-no-arvalstim"},"share_on_mastodon":{"url":"","error":""},"_links":{"self":[{"href":"https:\/\/www.europesays.com\/lv\/wp-json\/wp\/v2\/posts\/5392","targetHints":{"allow":["GET"]}}],"collection":[{"href":"https:\/\/www.europesays.com\/lv\/wp-json\/wp\/v2\/posts"}],"about":[{"href":"https:\/\/www.europesays.com\/lv\/wp-json\/wp\/v2\/types\/post"}],"author":[{"embeddable":true,"href":"https:\/\/www.europesays.com\/lv\/wp-json\/wp\/v2\/users\/2"}],"replies":[{"embeddable":true,"href":"https:\/\/www.europesays.com\/lv\/wp-json\/wp\/v2\/comments?post=5392"}],"version-history":[{"count":0,"href":"https:\/\/www.europesays.com\/lv\/wp-json\/wp\/v2\/posts\/5392\/revisions"}],"wp:featuredmedia":[{"embeddable":true,"href":"https:\/\/www.europesays.com\/lv\/wp-json\/wp\/v2\/media\/5393"}],"wp:attachment":[{"href":"https:\/\/www.europesays.com\/lv\/wp-json\/wp\/v2\/media?parent=5392"}],"wp:term":[{"taxonomy":"category","embeddable":true,"href":"https:\/\/www.europesays.com\/lv\/wp-json\/wp\/v2\/categories?post=5392"},{"taxonomy":"post_tag","embeddable":true,"href":"https:\/\/www.europesays.com\/lv\/wp-json\/wp\/v2\/tags?post=5392"}],"curies":[{"name":"wp","href":"https:\/\/api.w.org\/{rel}","templated":true}]}}