{"id":53925,"date":"2025-11-19T17:49:12","date_gmt":"2025-11-19T17:49:12","guid":{"rendered":"https:\/\/www.europesays.com\/lv\/53925\/"},"modified":"2025-11-19T17:49:12","modified_gmt":"2025-11-19T17:49:12","slug":"miti-kave-pareju-uz-elektroauto-liecina-vispasaules-aptauja-uzladets","status":"publish","type":"post","link":"https:\/\/www.europesays.com\/lv\/53925\/","title":{"rendered":"M\u012bti kav\u0113 p\u0101reju uz elektroauto, liecina vispasaules aptauja \u2013 Uzl\u0101d\u0113ts"},"content":{"rendered":"<p>Saska\u0146\u0101 ar 2025.\u00a0gada glob\u0101lo elektroauto vad\u012bt\u0101ju aptauju 83% elektroauto vad\u012bt\u0101ju vis\u0101 pasaul\u0113 uzskata, ka ir nepiecie\u0161ami politikas pas\u0101kumi, lai veicin\u0101tu elektrisko transportl\u012bdzek\u013cu p\u0101rdo\u0161anas apjomus vi\u0146u valst\u012bs.<\/p>\n<p>Aicin\u0101jums p\u0113c politikas r\u012bc\u012bbas ir sp\u0113c\u012bgs vis\u0101s iesaist\u012btaj\u0101s valst\u012bs. Peters Haugnelands, Global EV alliance (GEVA) priek\u0161s\u0113d\u0113t\u0101ja vietnieks un Norv\u0113\u0123ijas Elektroautomobi\u013cu asoci\u0101cijas \u0123ener\u0101lsekret\u0101ra pal\u012bgs, uzsver aptaujas rezult\u0101tu glob\u0101lo noz\u012bmi:\u00a0\u201cTas ir skaidrs v\u0113st\u012bjums politi\u0137iem ikvien\u0101 valst\u012b, kas cen\u0161as elektrific\u0113t autotransportu un palielin\u0101t elektroauto p\u0101rdo\u0161anas apjomus: ir nepiecie\u0161ama politikas r\u012bc\u012bba, lai pa\u0101trin\u0101tu ievie\u0161anu. Politi\u0137i nevar vienk\u0101r\u0161i atsl\u0101bt un pie\u0146emt, ka tirgus un pat\u0113r\u0113t\u0101ji pa\u0161i atrisin\u0101s \u0161o probl\u0113mu.\u201d<\/p>\n<p>  <a id=\"post-banner-link-2\" href=\"https:\/\/uzladets.lv\/hyundai25Ioniq5\" target=\"_blank\" rel=\"nofollow noopener\"><br \/>\n    <img id=\"post-banner-image-2\" loading=\"lazy\" decoding=\"async\" width=\"932\" height=\"300\"\/><br \/>\n  <\/a><\/p>\n<p>Rezult\u0101ti tika prezent\u0113ti t\u012bmek\u013ca semin\u0101r\u0101 pirmdien, 17. novembr\u012b, kur\u0101 pulc\u0113j\u0101s simtiem dal\u012bbnieku no visas pasaules, tostarp \u017eurn\u0101listi, politikas veidot\u0101ji, elektroauto aizst\u0101vji, tai skait\u0101 ar\u012b <a href=\"https:\/\/elektroautobiedriba.lv\" title=\"\" rel=\"nofollow noopener\" target=\"_blank\">Latvijas Elektroauto biedr\u012bba<\/a> (LEAB), un entuziasti. \u0160is ir otrais gads, kad GEVA kop\u0101 ar dal\u012bborganiz\u0101cij\u0101m veic aptauju. Vair\u0101k nek\u0101 26\u00a0000 elektroautovad\u012bt\u0101ju no 30 da\u017e\u0101d\u0101m valst\u012bm dal\u012bj\u0101s sav\u0101s atzi\u0146\u0101s par dz\u012bvi k\u0101 elektroautomobi\u013cu \u012bpa\u0161niekiem.<\/p>\n<p><a href=\"https:\/\/uzladets.lv\/elektrumdrive251014kv\" target=\"_blank\" rel=\"nofollow noopener\"><img decoding=\"async\" src=\"https:\/\/www.europesays.com\/lv\/wp-content\/uploads\/2025\/10\/1761817448_751_Uzladets.lv_300x250px-8.png\" style=\"max-width: 300px; max-height:250px;\"\/><\/a><img loading=\"lazy\" decoding=\"async\" src=\"https:\/\/www.europesays.com\/lv\/wp-content\/uploads\/2025\/10\/1761054191_51_\" border=\"0\" width=\"1\" height=\"1\"\/><\/p>\n<p>Visi aptaujas rezult\u0101ti ir pieejami \u0161eit: <a href=\"https:\/\/survey.globalevalliance.com\/\" title=\"\" rel=\"nofollow noopener\" target=\"_blank\">survey.globalEValliance.com<\/a><\/p>\n<p>Daudz\u0101s valst\u012bs uzl\u0101de joproj\u0101m ir probl\u0113ma<\/p>\n<p>Aptauja ar\u012b izce\u013c galven\u0101s probl\u0113mas, kas j\u0101risina, lai p\u0101rliecin\u0101tu vair\u0101k cilv\u0113ku izv\u0113l\u0113ties elektroauto, izv\u0113loties jaunu transportl\u012bdzekli. Piem\u0113ram, Kostarik\u0101 76% elektroautovad\u012bt\u0101ju nor\u0101da, ka uzl\u0101des iesp\u0113jas ce\u013ca mal\u0101 ir viens no liel\u0101kajiem \u0161\u0137\u0113r\u0161\u013ciem elektroauto ievie\u0161anai. Braz\u012blij\u0101 \u0161is skaitlis ir 65%, bet Indij\u0101 \u2013 74%.<\/p>\n<p><img loading=\"lazy\" decoding=\"async\" width=\"1024\" height=\"479\" src=\"https:\/\/www.europesays.com\/lv\/wp-content\/uploads\/2025\/11\/image_2025-11-19_191857405-1024x479.png\" alt=\"Do you experience queues at the fast charging stations?&#10;GEVA survey 2025\" class=\"wp-image-18016\"  \/>Cik bie\u017ei piedz\u012bvo rindu pie \u0101tr\u0101s uzl\u0101des stacijas? (2025.g. GEVA aptaujas rezult\u0101ti)<\/p>\n<blockquote class=\"wp-block-quote is-layout-flow wp-block-quote-is-layout-flow\">\n<p>Lai gan liel\u0101k\u0101 da\u013ca elektroauto vad\u012bt\u0101ju uzl\u0101d\u0113jas m\u0101j\u0101s, uzticams \u0101tr\u0101s uzl\u0101des t\u012bkls ir b\u016btisks, lai mudin\u0101tu cilv\u0113kus izv\u0113l\u0113ties elektrisko automa\u0161\u012bnu, nevis automa\u0161\u012bnu ar fosilo degvielu. Risin\u0101jumi da\u017e\u0101d\u0101s valst\u012bs at\u0161\u0137irsies, ta\u010du labs s\u0101kumpunkts ir cie\u0161a sadarb\u012bba starp priv\u0101tajiem ori\u0123in\u0101l\u0101 apr\u012bkojuma ra\u017eot\u0101jiem (OEM), pat\u0113r\u0113t\u0101jiem un politikas veidot\u0101jiem.<\/p>\n<p>Silvija Rohasa, GEVA valdes locekle un Kostarikas Elektromobilit\u0101tes asoci\u0101cijas ASOMOVE izpilddirektore<\/p><\/blockquote>\n<p>Tom\u0113r situ\u0101cija uzlabojas. 2024.\u00a0gada aptauj\u0101 23% elektroauto vad\u012bt\u0101ju vis\u0101 pasaul\u0113 min\u0113ja sliktu \u0101tr\u0101s uzl\u0101des staciju p\u0101rkl\u0101jumu k\u0101 elektroauto \u012bpa\u0161umties\u012bbu tr\u016bkumu. \u0160\u012b gada aptauj\u0101 \u0161is skaitlis ir samazin\u0101jies l\u012bdz 18%.\u00a0\u201cIr iepriecino\u0161i redz\u0113t progresu, ta\u010du laba \u0101tr\u0101s uzl\u0101des staciju p\u0101rkl\u0101juma nodro\u0161in\u0101\u0161ana nav vienreiz\u0113js uzdevums \u2014 tas prasa nep\u0101rtrauktus uzlabojumus,\u201d\u00a0piebilst Rohasa.\u00a0<\/p>\n<p><img loading=\"lazy\" decoding=\"async\" width=\"1024\" height=\"493\" src=\"https:\/\/www.europesays.com\/lv\/wp-content\/uploads\/2025\/11\/image_2025-11-19_192220344-1024x493.png\" alt=\"I often experience range anxiety&#10;GEVA 2025 survey results\" class=\"wp-image-18017\"  \/>Cik bie\u017ei izj\u016bti nobraukuma trauksmi? (2025.g. GEVA aptaujas rezult\u0101ti)<\/p>\n<p>Past\u0101v\u012bgie m\u012bti ir galvenais \u0161\u0137\u0113rslis<\/p>\n<p>\u0160\u012b gada aptauja sniedz ar\u012b jaunu ieskatu par to, k\u0101 m\u012bti par elektroauto ietekm\u0113 to ievie\u0161anu. Vis\u0101 pasaul\u0113 77% respondentu nor\u0101da, ka past\u0101v\u012bgie m\u012bti par elektroautomobi\u013ciem ir viens no liel\u0101kajiem \u0161\u0137\u0113r\u0161\u013ciem elektroautomobi\u013cu ievie\u0161anai vi\u0146u valst\u012bs. <\/p>\n<p><img loading=\"lazy\" decoding=\"async\" width=\"1024\" height=\"366\" src=\"https:\/\/www.europesays.com\/lv\/wp-content\/uploads\/2025\/11\/Global-2025_vs_Global-2024-converted-from-svg-1024x366.webp.webp\" alt=\"What do you think is the greatest barrier towards EV adoption in your country? (maximum of three choices)\" class=\"wp-image-18014\"  \/>(No ang\u013cu valodas) Kas j\u016bsupr\u0101t ir liel\u0101kais kav\u0113klis, lai pa\u0101trin\u0101tu elektroauto piepras\u012bjumu j\u016bsu valst\u012b? (L\u012bdz 3 atbild\u0113m) (2025.g. GEVA aptaujas rezult\u0101ti)<\/p>\n<blockquote class=\"wp-block-quote is-layout-flow wp-block-quote-is-layout-flow\">\n<p>M\u012bti ac\u012bmredzami neietekm\u0113 eso\u0161os elektroauto vad\u012bt\u0101jus, jo vi\u0146i no pieredzes zina, ka \u0161ie m\u012bti ir nepatiesi. Rezult\u0101ti uzsver, cik svar\u012bgi ir dot \u012bstajiem lietot\u0101jiem balsi sabiedriskaj\u0101 diskusij\u0101, lai pal\u012bdz\u0113tu klied\u0113t \u0161\u0101dus mald\u012bgus priek\u0161status. Dezinform\u0101cija par elektroauto ir nopietns izaicin\u0101jums. T\u0101 var mazin\u0101t politikas veidot\u0101ju p\u0101rliec\u012bbu, ka tie ir dz\u012bvotsp\u0113j\u012bgs risin\u0101jums klimata p\u0101rmai\u0146\u0101m un viet\u0113jam gaisa pies\u0101r\u0146ojumam. <\/p>\n<p>D\u017eoels Levins, GEVA priek\u0161s\u0113d\u0113t\u0101js un Plug in America direktors<\/p><\/blockquote>\n<p>Daudz\u0101s valst\u012bs izplat\u012bts m\u012bts ir t\u0101ds, ka elektroauto rada ugunsb\u012bstam\u012bbu. 88% aptauj\u0101to elektroauto vad\u012bt\u0101ju nor\u0101da, ka neuztraucas par to, ka vi\u0146u transportl\u012bdzek\u013ci rada ugunsb\u012bstam\u012bbu.<\/p>\n<p><img loading=\"lazy\" decoding=\"async\" width=\"1024\" height=\"519\" src=\"https:\/\/www.europesays.com\/lv\/wp-content\/uploads\/2025\/11\/image_2025-11-19_191547652-1024x519.png\" alt=\"I\u2019m worried that my EV might be a fire hazard&#10;GEVA survey 2025 results\" class=\"wp-image-18015\"  \/>\u201cEsmu uztraucies par to, ka mums auto var\u0113tu b\u016bt ugunsnedro\u0161s\u201d (2025.g. GEVA aptaujas rezult\u0101ti)<\/p>\n<p>Z\u012bmola reput\u0101cijai ir noz\u012bme<\/p>\n<p>\u0160\u012b gada aptauj\u0101 tika iek\u013cauts jauns jaut\u0101jums:\u00a0\u201cVai ir k\u0101di automa\u0161\u012bnu z\u012bmoli, no kuriem j\u016bs izvair\u012btos politisku iemeslu d\u0113\u013c?\u201d\u00a0Vis\u0101 pasaul\u0113 53% atbild\u0113ja apstiprino\u0161i, lai gan atbildes da\u017e\u0101d\u0101s valst\u012bs iev\u0113rojami at\u0161\u0137iras. D\u0101nij\u0101 \u0161is skaitlis sasniedz pat 71%, bet Braz\u012blij\u0101\u00a0\u2014 16%.<\/p>\n<blockquote class=\"wp-block-quote is-layout-flow wp-block-quote-is-layout-flow\">\n<p>Kopum\u0101 m\u0113s redzam, ka valst\u012bs, kur elektrotransportl\u012bdzek\u013cu ievie\u0161ana joproj\u0101m ir ierobe\u017eota un automa\u0161\u012bnu kl\u0101sts ir \u0161aurs, z\u012bmoliem ir maz\u0101ka ietekme uz pat\u0113r\u0113t\u0101ju izv\u0113li.<\/p>\n<p>Ellena H\u012bpa, GEVA vad\u012bbas komitejas locekle un N\u012bderlandes Elektrotransportl\u012bdzek\u013cu vad\u012bt\u0101ju asoci\u0101cijas direktore<\/p><\/blockquote>\n<p>Atv\u0113rt\u0101 atbil\u017eu jaut\u0101jum\u0101 aptauja respondentiem dod ar\u012b iesp\u0113ju uzrakst\u012bt, k\u0101du z\u012bmolu un\/vai valstis vi\u0146i politisku iemeslu d\u0113\u013c izvair\u012btos. Vairums jeb 42%, min Tesla, 12% min\u0113ja \u0136\u012bnu, bet 1% min\u0113ja BYD.<\/p>\n<p><img loading=\"lazy\" decoding=\"async\" width=\"1024\" height=\"499\" src=\"https:\/\/www.europesays.com\/lv\/wp-content\/uploads\/2025\/11\/image_2025-11-19_192535168-1024x499.png\" alt=\"What brands and\/or countries\/regions would you avoid for political reasons?  GEVA 2025 survey results\" class=\"wp-image-18018\"  \/>No kuriem autora\u017eot\u0101jiem un\/vai valst\u012bm\/re\u0123ioniem izvair\u012btos? (2025.g. GEVA aptaujas rezult\u0101ti)<\/p>\n<blockquote class=\"wp-block-quote is-layout-flow wp-block-quote-is-layout-flow\">\n<p>Rezult\u0101ti liecina, ka, lai gan cena un transportl\u012bdzek\u013ca \u012bpa\u0161\u012bbas joproj\u0101m ir domin\u0113jo\u0161ie faktori pirk\u0161anas l\u0113mumos, z\u012bmola reput\u0101cija ietekm\u0113 ar\u012b pat\u0113r\u0113t\u0101ju l\u0113mumus.<\/p>\n<p>Ellena H\u012bpa, GEVA vad\u012bbas komitejas locekle un N\u012bderlandes Elektrotransportl\u012bdzek\u013cu vad\u012bt\u0101ju asoci\u0101cijas direktore<\/p><\/blockquote>\n<p>Apmierin\u0101t\u012bba pieaug<\/p>\n<p>86% elektroauto vad\u012bt\u0101ju apgalvo, ka ir \u013coti apmierin\u0101ti ar elektroautomobi\u013ca vad\u012b\u0161anu, sal\u012bdzinot ar 82\u00a0% pag\u0101ju\u0161aj\u0101 gad\u0101.<\/p>\n<blockquote class=\"wp-block-quote is-layout-flow wp-block-quote-is-layout-flow\">\n<p>T\u0101 k\u0101 elektroauto ievie\u0161anu p\u0101rsvar\u0101 veicina cilv\u0113ki, kas, ieg\u0101d\u0101joties jaunu automa\u0161\u012bnu, izv\u0113las elektroauto, augsta apmierin\u0101t\u012bba ir \u013coti svar\u012bga \u2013 gan korporat\u012bvajiem autoparkiem, gan priv\u0101tajiem pat\u0113r\u0113t\u0101jiem. Tas atvieglo citu p\u0101rliecin\u0101\u0161anu, sekot \u0161im piem\u0113ram, samazinot autotransporta rad\u012bt\u0101s emisijas un uzlabojot viet\u0113j\u0101 gaisa kvalit\u0101ti.<\/p>\n<p>Kristians P\u0113ters, GEVA biedru priek\u0161s\u0113d\u0113t\u0101js un Austrijas EMC ElektroMobilit\u00e4tsClub direktors<\/p><\/blockquote>\n<p><img loading=\"lazy\" decoding=\"async\" width=\"1024\" height=\"469\" src=\"https:\/\/www.europesays.com\/lv\/wp-content\/uploads\/2025\/11\/image_2025-11-19_192741771-1024x469.png\" alt=\"Climate change is a big problem&#10;GEVA 2025 survey results\" class=\"wp-image-18019\"  \/>Klimata p\u0101rmai\u0146as ir noz\u012bm\u012bga probl\u0113ma (2025.g. GEVA aptaujas rezult\u0101ti)<\/p>\n<p>Par aptauju<\/p>\n<p>Aptaujas, ko veica Glob\u0101l\u0101 elektroautomobi\u013cu alianse (Global EV Alliance, GEVA), m\u0113r\u0137auditorija bija elektroauto vad\u012bt\u0101ji un \u012bpa\u0161nieki vis\u0101 pasaul\u0113, izmantojot atv\u0113rtu tie\u0161saistes veidlapu. Aptaujas, kas tika veikta septembr\u012b un oktobr\u012b, galvenie izplat\u012bt\u0101ji bija nacion\u0101l\u0101s elektroauto asoci\u0101cijas.<\/p>\n<p>Lai nodro\u0161in\u0101tu, ka glob\u0101lie rezult\u0101ti prec\u012bzi atspogu\u013co elektroauto vad\u012bt\u0101ju viedok\u013cus, atbildes ir sv\u0113rtas, pamatojoties uz katras valsts \u012bpatsvaru kop\u0113j\u0101 elektroauto park\u0101.<\/p>\n<p><a href=\"https:\/\/mistape.com\" target=\"_blank\" rel=\"nofollow noopener\" class=\"mistape-link mistape-logo\"><\/a><\/p>\n<p>Ja rakst\u0101 paman\u012bji k\u013c\u016bdu, padod mums par to zi\u0146u, iez\u012bm\u0113jot a\u010dg\u0101rno tekstu un nospie\u017eot Ctrl+Enter. Paldies!<\/p>\n<p>&#13;<br \/>\n                    0&#13;<br \/>\n                    0&#13;<br \/>\n                    balsojumi<\/p>\n<p>Raksta nov\u0113rt\u0113jums<\/p>\n<p>\t\tPost navigation<\/p>\n","protected":false},"excerpt":{"rendered":"Saska\u0146\u0101 ar 2025.\u00a0gada glob\u0101lo elektroauto vad\u012bt\u0101ju aptauju 83% elektroauto vad\u012bt\u0101ju vis\u0101 pasaul\u0113 uzskata, ka ir nepiecie\u0161ami politikas pas\u0101kumi,&hellip;\n","protected":false},"author":2,"featured_media":53926,"comment_status":"","ping_status":"","sticky":false,"template":"","format":"standard","meta":{"footnotes":""},"categories":[16],"tags":[77,76,14711,35,39,38,36,37,34,13863,40,8582,8626,2205],"class_list":{"0":"post-53925","1":"post","2":"type-post","3":"status-publish","4":"format-standard","5":"has-post-thumbnail","7":"category-bizness","8":"tag-bizness","9":"tag-business","10":"tag-geva","11":"tag-latvia","12":"tag-latvian","13":"tag-latviesu","14":"tag-latviesu-valoda","15":"tag-latviesuvaloda","16":"tag-latvija","17":"tag-leab","18":"tag-lv","19":"tag-miti","20":"tag-pieredze","21":"tag-statistika"},"share_on_mastodon":{"url":"https:\/\/pubeurope.com\/@lv\/115577629397194395","error":""},"_links":{"self":[{"href":"https:\/\/www.europesays.com\/lv\/wp-json\/wp\/v2\/posts\/53925","targetHints":{"allow":["GET"]}}],"collection":[{"href":"https:\/\/www.europesays.com\/lv\/wp-json\/wp\/v2\/posts"}],"about":[{"href":"https:\/\/www.europesays.com\/lv\/wp-json\/wp\/v2\/types\/post"}],"author":[{"embeddable":true,"href":"https:\/\/www.europesays.com\/lv\/wp-json\/wp\/v2\/users\/2"}],"replies":[{"embeddable":true,"href":"https:\/\/www.europesays.com\/lv\/wp-json\/wp\/v2\/comments?post=53925"}],"version-history":[{"count":0,"href":"https:\/\/www.europesays.com\/lv\/wp-json\/wp\/v2\/posts\/53925\/revisions"}],"wp:featuredmedia":[{"embeddable":true,"href":"https:\/\/www.europesays.com\/lv\/wp-json\/wp\/v2\/media\/53926"}],"wp:attachment":[{"href":"https:\/\/www.europesays.com\/lv\/wp-json\/wp\/v2\/media?parent=53925"}],"wp:term":[{"taxonomy":"category","embeddable":true,"href":"https:\/\/www.europesays.com\/lv\/wp-json\/wp\/v2\/categories?post=53925"},{"taxonomy":"post_tag","embeddable":true,"href":"https:\/\/www.europesays.com\/lv\/wp-json\/wp\/v2\/tags?post=53925"}],"curies":[{"name":"wp","href":"https:\/\/api.w.org\/{rel}","templated":true}]}}