{"id":53933,"date":"2025-11-19T18:02:12","date_gmt":"2025-11-19T18:02:12","guid":{"rendered":"https:\/\/www.europesays.com\/lv\/53933\/"},"modified":"2025-11-19T18:02:12","modified_gmt":"2025-11-19T18:02:12","slug":"krievu-izlukkugis-pret-britu-armijas-pilotiem-versis-lazeru","status":"publish","type":"post","link":"https:\/\/www.europesays.com\/lv\/53933\/","title":{"rendered":"Krievu izl\u016bkku\u0123is pret britu armijas pilotiem v\u0113rsis l\u0101zeru"},"content":{"rendered":"<p>K\u0101 nor\u0101d\u012bja ministrs, <a href=\"https:\/\/www.tvnet.lv\/term\/555491\/lielbritanija\" class=\"topicLink\" target=\"_blank\" rel=\"nofollow noopener\">Lielbrit\u0101nija<\/a> ir gatava rea\u0123\u0113t un ir izstr\u0101d\u0101tas &#8220;milit\u0101ras opcijas&#8221;, ja ku\u0123is dosies uz dienvidiem.<\/p>\n<p>Ku\u0123is, kas paredz\u0113ts izl\u016bkdatu v\u0101k\u0161anai un svar\u012bgu zem\u016bdens kabe\u013cu kart\u0113\u0161anai, atrodas uz zieme\u013ciem no Skotijas, p\u0113d\u0113j\u0101s ned\u0113\u013c\u0101s iebraucot Lielbrit\u0101nijas ekskluz\u012bv\u0101s ekonomisk\u0101s zonas \u016bde\u0146os.<\/p>\n<p>&#8220;M\u0113s iesaist\u012bj\u0101m Karalisk\u0101s flotes fregati un Karalisko gaisa sp\u0113ku lidma\u0161\u012bnas P-8, lai monitor\u0113tu un izsekotu katru \u0161\u012b ku\u0123a kust\u012bbu, un \u0161o nori\u0161u gait\u0101 &#8220;Jantar&#8221; v\u0113rsa l\u0101zerus pret m\u016bsu pilotiem,&#8221; preses konferenc\u0113 Dauningstr\u012bt\u0101 sac\u012bja ministrs.<\/p>\n<p>&#8220;\u0160\u012b Krievijas r\u012bc\u012bba ir \u013coti b\u012bstama. \u0160\u012b \u0161ogad ir otr\u0101 reize, kad ku\u0123is &#8220;Jantar&#8221; ir devies uz Lielbrit\u0101nijas \u016bde\u0146iem,&#8221; nor\u0101d\u012bja H\u012blijs.<\/p>\n<p>&#8220;Mans v\u0113st\u012bjums Krievijai un [diktatoram Vladimiram] Putinam ir \u0161\u0101ds &#8211; m\u0113s j\u016bs redzam, m\u0113s zin\u0101m, ko j\u016bs dar\u0101t. Ja &#8220;Jantar&#8221; \u0161oned\u0113\u013c dosies uz dienvidiem, m\u0113s esam gatavi,&#8221; uzsv\u0113ra ministrs.<\/p>\n<p><img decoding=\"async\" class=\"figure__image\" onclick=\"triggerEvent('articleImageClick', { id: 17286749, focus: 'single-image', focusIndex: '17286749' })\" onkeydown=\"if (event.key === 'Enter') {&#10;        triggerEvent('articleImageClick', { id: 17286749, focus: 'single-image', focusIndex: '17286749' })&#10;        }\" role=\"button\" tabindex=\"0\" data-focus-from=\"single-image\" data-focus-index=\"17286749\" src=\"https:\/\/www.europesays.com\/lv\/wp-content\/uploads\/2025\/11\/17286749t1h83b9.jpg\" onload=\"this.parentElement.classList.remove('figure__image-loading')\" alt=\"Ekr\u0101ns, kur\u0101 redzams att\u0113ls ar Krievijas milit\u0101ro ku\u0123i \u201cJantar\u201d, kas darbojas pie Skotijas zieme\u013cu krasta. \u0160is att\u0113ls tiek demonstr\u0113ts Dauningstr\u012btas preses konferen\u010du z\u0101l\u0113 Londonas centr\u0101, kad tur ar runu uzst\u0101jas Lielbrit\u0101nijas aizsardz\u012bbas ministrs D\u017eons H\u012blijs\"\/>Ekr\u0101ns, kur\u0101 redzams att\u0113ls ar Krievijas milit\u0101ro ku\u0123i \u201cJantar\u201d, kas darbojas pie Skotijas zieme\u013cu krasta. \u0160is att\u0113ls tiek demonstr\u0113ts Dauningstr\u012btas preses konferen\u010du z\u0101l\u0113 Londonas centr\u0101, kad tur ar runu uzst\u0101jas Lielbrit\u0101nijas aizsardz\u012bbas ministrs D\u017eons H\u012blijs Foto: AFP \/ Scanpix<\/p>\n<p>&#8220;Jantar&#8221; atrad\u0101s Lielbrit\u0101nijas ekskluz\u012bvaj\u0101 ekonomiskaj\u0101 zon\u0101, kas sniedzas l\u012bdz 200 j\u016bras j\u016bdz\u0113m no krasta, k\u0101 ar\u012b tuvu teritori\u0101lo \u016bde\u0146u robe\u017eai, kas ir 12 j\u016bras j\u016bd\u017eu att\u0101lum\u0101 no krasta.<\/p>\n<p>Incidents ar l\u0101zeru noticis p\u0113d\u0113jo divu ned\u0113\u013cu laik\u0101.<\/p>\n","protected":false},"excerpt":{"rendered":"K\u0101 nor\u0101d\u012bja ministrs, Lielbrit\u0101nija ir gatava rea\u0123\u0113t un ir izstr\u0101d\u0101tas &#8220;milit\u0101ras opcijas&#8221;, ja ku\u0123is dosies uz dienvidiem. Ku\u0123is,&hellip;\n","protected":false},"author":2,"featured_media":53934,"comment_status":"","ping_status":"","sticky":false,"template":"","format":"standard","meta":{"footnotes":""},"categories":[14],"tags":[23,57,28,29,32,33,22,234,74,30,31,35,39,38,36,37,34,487,40,20,26,27,24,25,54,55,56,21,58],"class_list":{"0":"post-53933","1":"post","2":"type-post","3":"status-publish","4":"format-standard","5":"has-post-thumbnail","7":"category-zinas-no-arvalstim","8":"tag-aktualitates","9":"tag-arvalstim","10":"tag-breaking-news","11":"tag-breakingnews","12":"tag-featured-news","13":"tag-featurednews","14":"tag-headlines","15":"tag-krievija","16":"tag-krievijas-iebrukums-ukraina","17":"tag-latest-news","18":"tag-latestnews","19":"tag-latvia","20":"tag-latvian","21":"tag-latviesu","22":"tag-latviesu-valoda","23":"tag-latviesuvaloda","24":"tag-latvija","25":"tag-lielbritanija","26":"tag-lv","27":"tag-news","28":"tag-popularakas-zinas","29":"tag-popularakaszinas","30":"tag-top-stories","31":"tag-topstories","32":"tag-world","33":"tag-world-news","34":"tag-worldnews","35":"tag-zinas","36":"tag-zinas-no-arvalstim"},"share_on_mastodon":{"url":"https:\/\/pubeurope.com\/@lv\/115577680429967760","error":""},"_links":{"self":[{"href":"https:\/\/www.europesays.com\/lv\/wp-json\/wp\/v2\/posts\/53933","targetHints":{"allow":["GET"]}}],"collection":[{"href":"https:\/\/www.europesays.com\/lv\/wp-json\/wp\/v2\/posts"}],"about":[{"href":"https:\/\/www.europesays.com\/lv\/wp-json\/wp\/v2\/types\/post"}],"author":[{"embeddable":true,"href":"https:\/\/www.europesays.com\/lv\/wp-json\/wp\/v2\/users\/2"}],"replies":[{"embeddable":true,"href":"https:\/\/www.europesays.com\/lv\/wp-json\/wp\/v2\/comments?post=53933"}],"version-history":[{"count":0,"href":"https:\/\/www.europesays.com\/lv\/wp-json\/wp\/v2\/posts\/53933\/revisions"}],"wp:featuredmedia":[{"embeddable":true,"href":"https:\/\/www.europesays.com\/lv\/wp-json\/wp\/v2\/media\/53934"}],"wp:attachment":[{"href":"https:\/\/www.europesays.com\/lv\/wp-json\/wp\/v2\/media?parent=53933"}],"wp:term":[{"taxonomy":"category","embeddable":true,"href":"https:\/\/www.europesays.com\/lv\/wp-json\/wp\/v2\/categories?post=53933"},{"taxonomy":"post_tag","embeddable":true,"href":"https:\/\/www.europesays.com\/lv\/wp-json\/wp\/v2\/tags?post=53933"}],"curies":[{"name":"wp","href":"https:\/\/api.w.org\/{rel}","templated":true}]}}