{"id":53939,"date":"2025-11-19T18:09:13","date_gmt":"2025-11-19T18:09:13","guid":{"rendered":"https:\/\/www.europesays.com\/lv\/53939\/"},"modified":"2025-11-19T18:09:13","modified_gmt":"2025-11-19T18:09:13","slug":"no-nakama-gada-tiesibas-uz-apmaksatu-veselibas-aprupi-bus-personam-ar-latvija-deklaretu-dzivesvietu","status":"publish","type":"post","link":"https:\/\/www.europesays.com\/lv\/53939\/","title":{"rendered":"No n\u0101kam\u0101 gada ties\u012bbas uz apmaks\u0101tu vesel\u012bbas apr\u016bpi b\u016bs person\u0101m ar Latvij\u0101 deklar\u0113tu dz\u012bvesvietu"},"content":{"rendered":"<p>Saska\u0146\u0101 ar sp\u0113k\u0101 eso\u0161o regul\u0113jumu kop\u0161 2025. gada 1. janv\u0101ra personas, kuras slimo ar alkohola, narkotisko, psihotropo vai toksisko vielu atkar\u012bbu, sa\u0146emot narkolo\u0123isko \u0101rst\u0113\u0161anu, ir atbr\u012bvotas no pacientu l\u012bdzmaks\u0101jumu veik\u0161anas. Eso\u0161ais regul\u0113jums ir attiecin\u0101ms tikai uz person\u0101m, kuras lieto atkar\u012bbu izraiso\u0161as vielas &#8211; alkoholu, narkotiskas, psihotropas vai toksiskas vielas, bet netiek attiecin\u0101ts uz person\u0101m, kuras cie\u0161 no procesu atkar\u012bb\u0101m, piem\u0113ram, azartsp\u0113\u013cu atkar\u012bbas.<\/p>\n<p>Lai nodro\u0161in\u0101tu, ka vis\u0101m person\u0101m, kuras cie\u0161 no atkar\u012bb\u0101m, tiktu nodro\u0161in\u0101ta vien\u0101da iesp\u0113ja sa\u0146emt vesel\u012bbas apr\u016bpes pakalpojumus, neveicot l\u012bdzmaks\u0101jumu, uzskait\u012bjums papildin\u0101ts ar person\u0101m, kur\u0101m ir patolo\u0123iska tieksme uz azartsp\u0113l\u0113m.<\/p>\n<blockquote class=\"quote ck-widget\" contenteditable=\"false\">\n<p>\u0160obr\u012bd cilv\u0113kiem ir ties\u012bbas sa\u0146emt valsts apmaks\u0101tos vesel\u012bbas apr\u016bpes pakalpojumus neatkar\u012bgi no valsts soci\u0101l\u0101s apdro\u0161in\u0101\u0161anas iemaksu veik\u0161anas vai citu krit\u0113riju izpildes.<\/p>\n<\/blockquote>\n<p>Paredz\u0113ts, ka likums st\u0101sies sp\u0113k\u0101 2026. gada 1. janv\u0101r\u012b.<\/p>\n<p>Par likumprojektu v\u0113l j\u0101lemj Saeim\u0101.<\/p>\n<p>P\u0113c Pilson\u012bbas un migr\u0101cijas lietu p\u0101rvaldes datiem, 2024. gada septembra beig\u0101s 214 313 Latvijas valstspieder\u012bgo savu dz\u012bvesvietu bija deklar\u0113ju\u0161i \u0101rzem\u0113s. Atbilsto\u0161i Nacion\u0101l\u0101 vesel\u012bbas dienesta datiem, 2024. gad\u0101 l\u012bdz septembrim 12 805 \u0161o cilv\u0113ku Latvij\u0101 sa\u0146\u0113mu\u0161i valsts apmaks\u0101tos vesel\u012bbas apr\u016bpes pakalpojumus. Tas noz\u012bm\u0113, ka \u0161\u012bs personas ierobe\u017eo vesel\u012bbas apr\u016bpes pakalpojumu pieejam\u012bbu tiem iedz\u012bvot\u0101jiem, kas dz\u012bvo un str\u0101d\u0101 Latvij\u0101, nor\u0101d\u012bjusi VM.<\/p>\n","protected":false},"excerpt":{"rendered":"Saska\u0146\u0101 ar sp\u0113k\u0101 eso\u0161o regul\u0113jumu kop\u0161 2025. gada 1. janv\u0101ra personas, kuras slimo ar alkohola, narkotisko, psihotropo vai&hellip;\n","protected":false},"author":2,"featured_media":53940,"comment_status":"","ping_status":"","sticky":false,"template":"","format":"standard","meta":{"footnotes":""},"categories":[12],"tags":[23,28,29,32,33,22,30,31,35,39,38,36,37,34,40,8944,20,14712,26,27,24,25,181,787,1454,21],"class_list":{"0":"post-53939","1":"post","2":"type-post","3":"status-publish","4":"format-standard","5":"has-post-thumbnail","7":"category-latvija","8":"tag-aktualitates","9":"tag-breaking-news","10":"tag-breakingnews","11":"tag-featured-news","12":"tag-featurednews","13":"tag-headlines","14":"tag-latest-news","15":"tag-latestnews","16":"tag-latvia","17":"tag-latvian","18":"tag-latviesu","19":"tag-latviesu-valoda","20":"tag-latviesuvaloda","21":"tag-latvija","22":"tag-lv","23":"tag-nacionalais-veselibas-dienests","24":"tag-news","25":"tag-obligata-veselibas-apdrosinasana","26":"tag-popularakas-zinas","27":"tag-popularakaszinas","28":"tag-top-stories","29":"tag-topstories","30":"tag-veseliba","31":"tag-veselibas-aprupe","32":"tag-veselibas-ministrija","33":"tag-zinas"},"share_on_mastodon":{"url":"https:\/\/pubeurope.com\/@lv\/115577707696960754","error":""},"_links":{"self":[{"href":"https:\/\/www.europesays.com\/lv\/wp-json\/wp\/v2\/posts\/53939","targetHints":{"allow":["GET"]}}],"collection":[{"href":"https:\/\/www.europesays.com\/lv\/wp-json\/wp\/v2\/posts"}],"about":[{"href":"https:\/\/www.europesays.com\/lv\/wp-json\/wp\/v2\/types\/post"}],"author":[{"embeddable":true,"href":"https:\/\/www.europesays.com\/lv\/wp-json\/wp\/v2\/users\/2"}],"replies":[{"embeddable":true,"href":"https:\/\/www.europesays.com\/lv\/wp-json\/wp\/v2\/comments?post=53939"}],"version-history":[{"count":0,"href":"https:\/\/www.europesays.com\/lv\/wp-json\/wp\/v2\/posts\/53939\/revisions"}],"wp:featuredmedia":[{"embeddable":true,"href":"https:\/\/www.europesays.com\/lv\/wp-json\/wp\/v2\/media\/53940"}],"wp:attachment":[{"href":"https:\/\/www.europesays.com\/lv\/wp-json\/wp\/v2\/media?parent=53939"}],"wp:term":[{"taxonomy":"category","embeddable":true,"href":"https:\/\/www.europesays.com\/lv\/wp-json\/wp\/v2\/categories?post=53939"},{"taxonomy":"post_tag","embeddable":true,"href":"https:\/\/www.europesays.com\/lv\/wp-json\/wp\/v2\/tags?post=53939"}],"curies":[{"name":"wp","href":"https:\/\/api.w.org\/{rel}","templated":true}]}}