{"id":53949,"date":"2025-11-19T18:26:09","date_gmt":"2025-11-19T18:26:09","guid":{"rendered":"https:\/\/www.europesays.com\/lv\/53949\/"},"modified":"2025-11-19T18:26:09","modified_gmt":"2025-11-19T18:26:09","slug":"turcijas-prezidents-aicina-atsakt-ukrainas-un-krievijas-sarunas-stambula","status":"publish","type":"post","link":"https:\/\/www.europesays.com\/lv\/53949\/","title":{"rendered":"Turcijas prezidents aicina ats\u0101kt Ukrainas un Krievijas sarunas Stambul\u0101"},"content":{"rendered":"<p>&#8220;\u0160odienas sarun\u0101s m\u0113s ar\u012b uzsv\u0113r\u0101m nepiecie\u0161am\u012bbu turpin\u0101t Stambulas procesu ar pragmatisku un uz rezult\u0101tiem orient\u0113tu pieeju,&#8221; p\u0113c tik\u0161an\u0101s ar Ukrainas prezidentu Volodimiru Zelenski kop\u012bg\u0101 preses konferenc\u0113 Ankar\u0101 pav\u0113st\u012bja Erdogans.<\/p>\n<blockquote class=\"quote ck-widget\" contenteditable=\"false\">\n<p>&#8220;M\u0113s ar\u012b sagaid\u0101m, ka visi m\u016bsu partneri, kas v\u0113las asinsizlie\u0161anas p\u0101rtrauk\u0161anu re\u0123ion\u0101, ie\u0146ems konstrukt\u012bvu nost\u0101ju pret Stambulas procesu,&#8221; piebilda Turcijas prezidents.<\/p>\n<\/blockquote>\n<p>No maija l\u012bdz j\u016blijam Stambul\u0101 notika tr\u012bs sarunu k\u0101rtas starp Ukrainas un Krievijas p\u0101rst\u0101vjiem, kas nek\u0101dus re\u0101lus pan\u0101kumus gan nedeva.<\/p>\n<p>Erdogans nor\u0101d\u012bja, ka karadarb\u012bbas intensific\u0113\u0161an\u0101s d\u0113\u013c esot nepiecie\u0161ams ats\u0101kt Stambulas sarunas.<\/p>\n<p>&#8220;Konkr\u0113ti pieaugo\u0161ie uzbrukumi ener\u0123\u0113tikas infrastrukt\u016brai un dz\u012bv\u012bbu zaud\u0113\u0161ana rada nelabojamu kait\u0113jumu ab\u0101m pus\u0113m,&#8221; atzina Turcijas l\u012bderis, piebilstot, ka no Ankaras viedok\u013ca Stambulas procesa atdz\u012bvin\u0101\u0161ana n\u0101k\u0161ot par labu.<\/p>\n<p>Vi\u0146\u0161 ar\u012b izteic\u0101s, ka <a href=\"https:\/\/www.apollo.lv\/term\/555475\/turcija\" class=\"topicLink\" target=\"_blank\" rel=\"nofollow noopener\">Turcija<\/a> vienm\u0113r esot gatava apspriest ar Maskavu priek\u0161likumus uguns p\u0101rtrauk\u0161anai un ilgsto\u0161a miera sasnieg\u0161anai.<\/p>\n<blockquote class=\"quote ck-widget\" contenteditable=\"false\">\n<p>&#8220;\u0160aj\u0101 nol\u016bk\u0101 m\u0113s augstu v\u0113rt\u0113jam ar\u012b m\u016bsu sabiedrot\u0101 &#8211; Savienoto Valstu &#8211; iesaist\u012b\u0161anos \u0161aj\u0101 proces\u0101,&#8221; piebilda Erdogans.<\/p>\n<\/blockquote>\n<p>Vien\u012bgais, ko deva Stambulas sarunu tr\u012bs k\u0101rtas, bija liela m\u0113roga g\u016bstek\u0146u apmai\u0146a, un Zelenskis tre\u0161dien Ankar\u0101 pauda cer\u012bbu l\u012bdz gada beig\u0101m ats\u0101kt g\u016bstek\u0146u apmai\u0146as ar Krieviju.<\/p>\n","protected":false},"excerpt":{"rendered":"&#8220;\u0160odienas sarun\u0101s m\u0113s ar\u012b uzsv\u0113r\u0101m nepiecie\u0161am\u012bbu turpin\u0101t Stambulas procesu ar pragmatisku un uz rezult\u0101tiem orient\u0113tu pieeju,&#8221; p\u0113c tik\u0161an\u0101s&hellip;\n","protected":false},"author":2,"featured_media":53950,"comment_status":"","ping_status":"","sticky":false,"template":"","format":"standard","meta":{"footnotes":""},"categories":[14],"tags":[23,57,28,29,32,33,22,234,30,31,35,39,38,36,37,34,40,20,26,27,24,25,2380,276,178,54,55,56,21,58],"class_list":{"0":"post-53949","1":"post","2":"type-post","3":"status-publish","4":"format-standard","5":"has-post-thumbnail","7":"category-zinas-no-arvalstim","8":"tag-aktualitates","9":"tag-arvalstim","10":"tag-breaking-news","11":"tag-breakingnews","12":"tag-featured-news","13":"tag-featurednews","14":"tag-headlines","15":"tag-krievija","16":"tag-latest-news","17":"tag-latestnews","18":"tag-latvia","19":"tag-latvian","20":"tag-latviesu","21":"tag-latviesu-valoda","22":"tag-latviesuvaloda","23":"tag-latvija","24":"tag-lv","25":"tag-news","26":"tag-popularakas-zinas","27":"tag-popularakaszinas","28":"tag-top-stories","29":"tag-topstories","30":"tag-turcija","31":"tag-ukraina","32":"tag-volodimirs-zelenskis","33":"tag-world","34":"tag-world-news","35":"tag-worldnews","36":"tag-zinas","37":"tag-zinas-no-arvalstim"},"share_on_mastodon":{"url":"https:\/\/pubeurope.com\/@lv\/115577774690732022","error":""},"_links":{"self":[{"href":"https:\/\/www.europesays.com\/lv\/wp-json\/wp\/v2\/posts\/53949","targetHints":{"allow":["GET"]}}],"collection":[{"href":"https:\/\/www.europesays.com\/lv\/wp-json\/wp\/v2\/posts"}],"about":[{"href":"https:\/\/www.europesays.com\/lv\/wp-json\/wp\/v2\/types\/post"}],"author":[{"embeddable":true,"href":"https:\/\/www.europesays.com\/lv\/wp-json\/wp\/v2\/users\/2"}],"replies":[{"embeddable":true,"href":"https:\/\/www.europesays.com\/lv\/wp-json\/wp\/v2\/comments?post=53949"}],"version-history":[{"count":0,"href":"https:\/\/www.europesays.com\/lv\/wp-json\/wp\/v2\/posts\/53949\/revisions"}],"wp:featuredmedia":[{"embeddable":true,"href":"https:\/\/www.europesays.com\/lv\/wp-json\/wp\/v2\/media\/53950"}],"wp:attachment":[{"href":"https:\/\/www.europesays.com\/lv\/wp-json\/wp\/v2\/media?parent=53949"}],"wp:term":[{"taxonomy":"category","embeddable":true,"href":"https:\/\/www.europesays.com\/lv\/wp-json\/wp\/v2\/categories?post=53949"},{"taxonomy":"post_tag","embeddable":true,"href":"https:\/\/www.europesays.com\/lv\/wp-json\/wp\/v2\/tags?post=53949"}],"curies":[{"name":"wp","href":"https:\/\/api.w.org\/{rel}","templated":true}]}}