{"id":53951,"date":"2025-11-19T18:27:09","date_gmt":"2025-11-19T18:27:09","guid":{"rendered":"https:\/\/www.europesays.com\/lv\/53951\/"},"modified":"2025-11-19T18:27:09","modified_gmt":"2025-11-19T18:27:09","slug":"rigas-satiksme-guvusi-macibu-pec-bardaka-valsts-svetkos-nakotne-svetku-laika-reisi-japlano-efektivak","status":"publish","type":"post","link":"https:\/\/www.europesays.com\/lv\/53951\/","title":{"rendered":"&#8220;R\u012bgas satiksme&#8221; guvusi m\u0101c\u012bbu p\u0113c &#8220;bardaka&#8221; valsts sv\u0113tkos \u2013 n\u0101kotn\u0113 sv\u0113tku laik\u0101 reisi j\u0101pl\u0101no efekt\u012bv\u0101k"},"content":{"rendered":"<p>R\u012bgas m\u0113rs Viesturs Kleinbergs (P) uzdevis nodro\u0161in\u0101t, lai n\u0101kotn\u0113 sabiedrisk\u0101 transporta satiksme sv\u0113tku laik\u0101 tiktu pl\u0101nota efekt\u012bv\u0101k un iedz\u012bvot\u0101ji par to sa\u0146emtu savlaic\u012bgu inform\u0101ciju.<\/p>\n<p>Ar\u012b aizvad\u012btajos sv\u0113tkos 18. novembr\u012b &#8220;R\u012bgas satiksme&#8221; bija paredz\u0113jusi p\u0113c plkst. 17 palielin\u0101t sabiedrisk\u0101 transporta reisu skaitu, nodro\u0161inot 143 papildreisus autobusiem, 114 papildreisus tramvajiem un 127 papildreisus trolejbusiem.<\/p>\n<p>Tom\u0113r ar\u012b \u0161os reisus ietekm\u0113ja satiksmes ierobe\u017eojumi, kas tika ieviesti vakara pas\u0101kumu d\u0113\u013c. <\/p>\n<p>Visliel\u0101k\u0101 ietekme bija L\u0101pu g\u0101jiena laik\u0101, kad sabiedriskais transports tika novirz\u012bts uz Elizabetes ielu un kop\u0113jie sastr\u0113gumi b\u016btiski pal\u0113nin\u0101ja kust\u012bbu.<\/p>\n<p>Papildus tam Van\u0161u tilts bija sl\u0113gts aptuveni 55 min\u016btes, bet tramvaju kust\u012bba Aspazijas bulv\u0101r\u012b tika aptur\u0113ta uz 56 min\u016bt\u0113m.<\/p>\n<blockquote><p>Otrdienas vakar\u0101 da\u013cai iedz\u012bvot\u0101ju nok\u013c\u016b\u0161ana uz sv\u0113tku pas\u0101kumiem R\u012bgas centr\u0101 izv\u0113rsusies izaicino\u0161a.<\/p><\/blockquote>\n<p>Da\u017eviet bija p\u0101rpild\u012bts sabiedriskais transports.<\/p>\n<p>Galvaspils\u0113tas centr\u0101 bija izveidoju\u0161ies iev\u0113rojami sastr\u0113gumi, da\u013cai iedz\u012bvot\u0101ju p\u0101rvietojoties ar\u012b ar priv\u0101to transportu. Br\u012bvas autost\u0101vvietas bija man\u0101mas reti.<\/p>\n<p>Latvijas Republikas proklam\u0113\u0161anas 107. gadadien\u0101 R\u012bg\u0101 sabiedriskais transports bija bez maksas. Sv\u0113tku pas\u0101kumu laik\u0101 ieviesti ar\u012b satiksmes ierobe\u017eojumi. T\u0101pat bez maksas var\u0113ja izmantot ar\u012b &#8220;R\u012bgas satiksmes&#8221; apsaimniekot\u0101s autost\u0101vvietas ielu mal\u0101s.<\/p>\n<p>Uz\u0146\u0113mum\u0101 &#8220;R\u012bgas satiksme&#8221; jau iepriek\u0161 br\u012bdin\u0101ja, ka sv\u0113tku dien\u0101 pils\u0113tas centr\u0101 gaid\u0101ma intens\u012bv\u0101ka cilv\u0113ku pl\u016bsma, t\u0101d\u0113\u013c vair\u0101kos mar\u0161rutos kurs\u0113s liel\u0101kas ietilp\u012bbas transportl\u012bdzek\u013ci. Papildu reisi atsevi\u0161\u0137os mar\u0161rutos pl\u0101noti no plkst. 17 l\u012bdz 24.<\/p>\n","protected":false},"excerpt":{"rendered":"R\u012bgas m\u0113rs Viesturs Kleinbergs (P) uzdevis nodro\u0161in\u0101t, lai n\u0101kotn\u0113 sabiedrisk\u0101 transporta satiksme sv\u0113tku laik\u0101 tiktu pl\u0101nota efekt\u012bv\u0101k un&hellip;\n","protected":false},"author":2,"featured_media":53952,"comment_status":"","ping_status":"","sticky":false,"template":"","format":"standard","meta":{"footnotes":""},"categories":[12],"tags":[129,14560,23,28,29,32,33,22,30,31,35,39,38,36,37,34,40,20,26,27,14561,14562,24,25,21],"class_list":{"0":"post-53951","1":"post","2":"type-post","3":"status-publish","4":"format-standard","5":"has-post-thumbnail","7":"category-latvija","8":"tag-__typenameadvicekeyword","9":"tag-id982","10":"tag-aktualitates","11":"tag-breaking-news","12":"tag-breakingnews","13":"tag-featured-news","14":"tag-featurednews","15":"tag-headlines","16":"tag-latest-news","17":"tag-latestnews","18":"tag-latvia","19":"tag-latvian","20":"tag-latviesu","21":"tag-latviesu-valoda","22":"tag-latviesuvaloda","23":"tag-latvija","24":"tag-lv","25":"tag-news","26":"tag-popularakas-zinas","27":"tag-popularakaszinas","28":"tag-slugrigas-satiksme","29":"tag-titlerigas-satiksme","30":"tag-top-stories","31":"tag-topstories","32":"tag-zinas"},"share_on_mastodon":{"url":"https:\/\/pubeurope.com\/@lv\/115577778602419697","error":""},"_links":{"self":[{"href":"https:\/\/www.europesays.com\/lv\/wp-json\/wp\/v2\/posts\/53951","targetHints":{"allow":["GET"]}}],"collection":[{"href":"https:\/\/www.europesays.com\/lv\/wp-json\/wp\/v2\/posts"}],"about":[{"href":"https:\/\/www.europesays.com\/lv\/wp-json\/wp\/v2\/types\/post"}],"author":[{"embeddable":true,"href":"https:\/\/www.europesays.com\/lv\/wp-json\/wp\/v2\/users\/2"}],"replies":[{"embeddable":true,"href":"https:\/\/www.europesays.com\/lv\/wp-json\/wp\/v2\/comments?post=53951"}],"version-history":[{"count":0,"href":"https:\/\/www.europesays.com\/lv\/wp-json\/wp\/v2\/posts\/53951\/revisions"}],"wp:featuredmedia":[{"embeddable":true,"href":"https:\/\/www.europesays.com\/lv\/wp-json\/wp\/v2\/media\/53952"}],"wp:attachment":[{"href":"https:\/\/www.europesays.com\/lv\/wp-json\/wp\/v2\/media?parent=53951"}],"wp:term":[{"taxonomy":"category","embeddable":true,"href":"https:\/\/www.europesays.com\/lv\/wp-json\/wp\/v2\/categories?post=53951"},{"taxonomy":"post_tag","embeddable":true,"href":"https:\/\/www.europesays.com\/lv\/wp-json\/wp\/v2\/tags?post=53951"}],"curies":[{"name":"wp","href":"https:\/\/api.w.org\/{rel}","templated":true}]}}