{"id":53980,"date":"2025-11-19T19:22:08","date_gmt":"2025-11-19T19:22:08","guid":{"rendered":"https:\/\/www.europesays.com\/lv\/53980\/"},"modified":"2025-11-19T19:22:08","modified_gmt":"2025-11-19T19:22:08","slug":"meisters-ir-maksimali-javienkarso-pirmstiesas-kriminalprocess-un-jaoptimize-iztiesasana-apollo-lv","status":"publish","type":"post","link":"https:\/\/www.europesays.com\/lv\/53980\/","title":{"rendered":"Meisters: ir maksim\u0101li j\u0101vienk\u0101r\u0161o pirmstiesas krimin\u0101lprocess un j\u0101optimiz\u0113 izties\u0101\u0161ana &#8211; Apollo.lv"},"content":{"rendered":"<ol>\n<li><a href=\"https:\/\/news.google.com\/rss\/articles\/CBMiuAFBVV95cUxPVVl4Uk1rODNRX0pEemtnUktBbU1iVVpDc0lpODNETjR4SVRaT2pHcFFkNHA1Nnp1ZFlzbmxQanBuSEZKLUYyQWhWZnFzc0RjbU42Mk9UZTdZWEstYnB3TzZKYlFXVHhPZ3o5RWpGQU9ZSDVac2g3eS1RUEFlTVdUR3Vfdk1lazJTUWROYkZ4b1hqU0dCS3BFM0dSQ2VDRUFUWFB1TTlBcTRrdmNWMHMzUVlJQzJLN1U5?oc=5\" target=\"_blank\" rel=\"nofollow noopener\">Meisters: ir maksim\u0101li j\u0101vienk\u0101r\u0161o pirmstiesas krimin\u0101lprocess un j\u0101optimiz\u0113 izties\u0101\u0161ana<\/a>&nbsp;&nbsp;Apollo.lv<\/li>\n<li><a href=\"https:\/\/news.google.com\/rss\/articles\/CBMizAFBVV95cUxQUjAzTmpYdmdVOWUzVEhIZGU1MGpNQjBOVHJBM3JEeXVqT2NVUVlZWnRSS1V6RkZsTktxaERhRmJYbTJfU2pZczVZSXJBWUdQQ3FKeGVBUVFSM0E0VTcxYm9nbWVwaGw0UnhiTXJOY2tPUEdOSEhjdGRQZmRRTDlpcUtqaXE5T09rTzRmMEpaTFM1X3RURlpsMDZTbi0xTG9JTlZCR0RhNHduSjFNSjRROWFBZ3BHMDl6YXdfeUh6X244SW9VT2RYSWF0V28?oc=5\" target=\"_blank\" rel=\"nofollow noopener\">Saeimas komisija atbalsta Arm\u012bna Meistera iecel\u0161anu par \u0123ener\u0101lprokuroru \/ Raksts<\/a>&nbsp;&nbsp;LSM<\/li>\n<li><a href=\"https:\/\/news.google.com\/rss\/articles\/CBMitwFBVV95cUxONVRNSzlQM09CZWFOdFoydUxXeUVzU2VzU3VfWU5uOVBYSGoyNDlHZGhYSnFFTWlzZ3hzQU9zaDk2eGVidnQzc0RmMnV5SW5KeDhVUTV2d3NHeVRscmw5QU1IbmNmY0loeHJDTll3YU1HdExaQUwzVjJpOExjSjBJdEdYcXlzWGxrWk9QMVNUa2NIa1ZsNnMtSi1sZVFCMDB6N1FRc2U3ZEpVRnBDcDUwUU5UTENXaG8?oc=5\" target=\"_blank\" rel=\"nofollow noopener\">Liel\u0101k\u0101 da\u013ca Saeimas frakciju atbalsta Arm\u012bna Meistera iecel\u0161anu \u0123ener\u0101lprokurora amat\u0101<\/a>&nbsp;&nbsp;TVNET<\/li>\n<li><a href=\"https:\/\/news.google.com\/rss\/articles\/CBMipwFBVV95cUxQU1lOSFBTUXdiVnFlaGhYcTVXVGpqS2ZSblNHTFhuS3lQcWR1X05MYlJfd1F0aHFKWURGeDFhSkdoVWd3c2tPRTBZMlFHTEJ1WXVlaUlPc0hGNzU3V0pwMEpFcWJuRHBXeUYxSXlIVFoyYm1KU19rT0FJazRDNXRaZW1ZSjUzQnZFR0ItZXFnSHNSWlhYVmQ3ZWVqMWdkZnBwZ3NZbG5wZw?oc=5\" target=\"_blank\" rel=\"nofollow noopener\">Saeimas komisij\u0101 atbalsta Arm\u012bna Meistera iecel\u0161anu \u0123ener\u0101lprokurora amat\u0101<\/a>&nbsp;&nbsp;Apollo.lv<\/li>\n<li><a href=\"https:\/\/news.google.com\/rss\/articles\/CBMiuAFBVV95cUxNa2pjaFdTYnF6eVBoWkkzbU1WUjZFb3BzcFg2dmczcVVrd2plZmFGX3BDV05KbUNnYTc0S1hwU2JjaVBpam5WTFBLVnF6MkpGRk1nMU8tOVM2bkJXdmdPOWk1alBlSC01VkVoVVpkWWc4Ym51aFktUlR5UTZtNlB5a292bzVFeWtvN3JCVVRsOWFDbnlxckI0VlNHc3l0TUVkd2c2aUFHV056anZKTUtWTWV6X3lCNkJQ?oc=5\" target=\"_blank\" rel=\"nofollow noopener\">Saeima ceturtdien lems par jauna \u0123ener\u0101lprokurora iecel\u0161anu<\/a>&nbsp;&nbsp;Saeima<\/li>\n<\/ol>\n","protected":false},"excerpt":{"rendered":"Meisters: ir maksim\u0101li j\u0101vienk\u0101r\u0161o pirmstiesas krimin\u0101lprocess un j\u0101optimiz\u0113 izties\u0101\u0161ana&nbsp;&nbsp;Apollo.lv Saeimas komisija atbalsta Arm\u012bna Meistera iecel\u0161anu par \u0123ener\u0101lprokuroru \/&hellip;\n","protected":false},"author":2,"featured_media":53981,"comment_status":"","ping_status":"","sticky":false,"template":"","format":"standard","meta":{"footnotes":""},"categories":[12],"tags":[23,12075,28,29,32,33,12073,22,30,31,35,39,38,36,37,34,40,20,26,27,24,25,21],"class_list":{"0":"post-53980","1":"post","2":"type-post","3":"status-publish","4":"format-standard","5":"has-post-thumbnail","7":"category-latvija","8":"tag-aktualitates","9":"tag-armins-meisters","10":"tag-breaking-news","11":"tag-breakingnews","12":"tag-featured-news","13":"tag-featurednews","14":"tag-generalprokurors","15":"tag-headlines","16":"tag-latest-news","17":"tag-latestnews","18":"tag-latvia","19":"tag-latvian","20":"tag-latviesu","21":"tag-latviesu-valoda","22":"tag-latviesuvaloda","23":"tag-latvija","24":"tag-lv","25":"tag-news","26":"tag-popularakas-zinas","27":"tag-popularakaszinas","28":"tag-top-stories","29":"tag-topstories","30":"tag-zinas"},"share_on_mastodon":{"url":"https:\/\/pubeurope.com\/@lv\/115577994783875331","error":""},"_links":{"self":[{"href":"https:\/\/www.europesays.com\/lv\/wp-json\/wp\/v2\/posts\/53980","targetHints":{"allow":["GET"]}}],"collection":[{"href":"https:\/\/www.europesays.com\/lv\/wp-json\/wp\/v2\/posts"}],"about":[{"href":"https:\/\/www.europesays.com\/lv\/wp-json\/wp\/v2\/types\/post"}],"author":[{"embeddable":true,"href":"https:\/\/www.europesays.com\/lv\/wp-json\/wp\/v2\/users\/2"}],"replies":[{"embeddable":true,"href":"https:\/\/www.europesays.com\/lv\/wp-json\/wp\/v2\/comments?post=53980"}],"version-history":[{"count":0,"href":"https:\/\/www.europesays.com\/lv\/wp-json\/wp\/v2\/posts\/53980\/revisions"}],"wp:featuredmedia":[{"embeddable":true,"href":"https:\/\/www.europesays.com\/lv\/wp-json\/wp\/v2\/media\/53981"}],"wp:attachment":[{"href":"https:\/\/www.europesays.com\/lv\/wp-json\/wp\/v2\/media?parent=53980"}],"wp:term":[{"taxonomy":"category","embeddable":true,"href":"https:\/\/www.europesays.com\/lv\/wp-json\/wp\/v2\/categories?post=53980"},{"taxonomy":"post_tag","embeddable":true,"href":"https:\/\/www.europesays.com\/lv\/wp-json\/wp\/v2\/tags?post=53980"}],"curies":[{"name":"wp","href":"https:\/\/api.w.org\/{rel}","templated":true}]}}