{"id":53990,"date":"2025-11-19T19:37:12","date_gmt":"2025-11-19T19:37:12","guid":{"rendered":"https:\/\/www.europesays.com\/lv\/53990\/"},"modified":"2025-11-19T19:37:12","modified_gmt":"2025-11-19T19:37:12","slug":"par-vietu-uefa-regionu-kausa-spekosies-kurzemes-un-zemgales-izlases-futbols-sportacentrs-com","status":"publish","type":"post","link":"https:\/\/www.europesays.com\/lv\/53990\/","title":{"rendered":"Par vietu UEFA Re\u0123ionu kaus\u0101 sp\u0113kosies Kurzemes un Zemgales izlases \u2013 Futbols \u2013 Sportacentrs.com"},"content":{"rendered":"<p>A grup\u0101 Kurzemes komandas amatieri c\u012bn\u012bj\u0101s neiz\u0161\u0137irti 1:1 ar Vidzemi, kad v\u0101rtus guva attiec\u012bgi Remirs Mosei\u010denko un Valters Gaismi\u0146\u0161, k\u0101 ar\u012b ar 6:0 p\u0101rsp\u0113ja Zieme\u013caustrumu p\u0101rst\u0101vjus, kad pa trim v\u0101rtiem guva M\u0101rti\u0146\u0161 Blumbergs un Rainers Hermanis.<\/p>\n<p>Savuk\u0101rt B grup\u0101 Zemgales izlases kont\u0101 bija 0:0 neiz\u0161\u0137irts pret Latgales komandu un 1:0 uzvara p\u0101r R\u012bgas p\u0101rst\u0101vjiem, kad vien\u012bgos v\u0101rtus guva R\u016bdolfs La\u0137is.<\/p>\n<p>Fin\u0101ls, kura uzvar\u0113t\u0101js var\u0113s piedal\u012bties UEFA amatieru turn\u012br\u0101, notiks 22. novembr\u012b plkst. 14:00 &#8220;Rimi Olimpiskaj\u0101 centr\u0101&#8221;.<\/p>\n<p>Katra re\u0123iona izlasi veido sp\u0113l\u0113t\u0101ji no vismaz tr\u012bs da\u017e\u0101diem attiec\u012bg\u0101 re\u0123iona klubiem, kas piedal\u0101s LFF futbola amatieru l\u012bme\u0146a sacens\u012bb\u0101s. Attiec\u012bgie sp\u0113l\u0113t\u0101ji nekad nav biju\u0161i profesion\u0101\u013ci un nav sp\u0113l\u0113ju\u0161i Latvijas vai citas valsts augst\u0101kaj\u0101 l\u012bg\u0101.<\/p>\n<p>\u0160\u012b ir pirm\u0101 reize v\u0113stur\u0113, kad Latvijas p\u0101rst\u0101vji UEFA Re\u0123ionu kausa izc\u012b\u0146\u0101 tiek noskaidroti centraliz\u0113t\u0101s atlases sacens\u012bb\u0101s. Iepriek\u0161\u0113jos divos turn\u012bros 2024. un 2022. gad\u0101 tika komplekt\u0113ts apvienotais Latvijas izlases sast\u0101vs no da\u017e\u0101d\u0101m viet\u0113j\u0101m amatieru komand\u0101m, bet pirms tam UEFA Re\u0123ionu kaus\u0101 tradicion\u0101li piedal\u012bj\u0101s klubu komandas.<\/p>\n<p>Latvija izlase, k\u0101 ierasts, UEFA Re\u0123ionu kaus\u0101 iesaist\u012bsies no otr\u0101s k\u0101rtas turn\u012bra, kas notiks n\u0101kam\u0101 gada izska\u0146\u0101. Izloze paredz\u0113ta 10. decembr\u012b \u0160veic\u0113.<\/p>\n<p>Izmantotie resursi:<br \/><a target=\"_blank\" href=\"http:\/\/www.lff.lv\" rel=\"nofollow noopener\">Latvijas Futbola feder\u0101cija<\/a><\/p>\n","protected":false},"excerpt":{"rendered":"A grup\u0101 Kurzemes komandas amatieri c\u012bn\u012bj\u0101s neiz\u0161\u0137irti 1:1 ar Vidzemi, kad v\u0101rtus guva attiec\u012bgi Remirs Mosei\u010denko un Valters&hellip;\n","protected":false},"author":2,"featured_media":53991,"comment_status":"","ping_status":"","sticky":false,"template":"","format":"standard","meta":{"footnotes":""},"categories":[17],"tags":[676,35,39,38,36,37,34,40,67],"class_list":{"0":"post-53990","1":"post","2":"type-post","3":"status-publish","4":"format-standard","5":"has-post-thumbnail","7":"category-sports","8":"tag-futbols","9":"tag-latvia","10":"tag-latvian","11":"tag-latviesu","12":"tag-latviesu-valoda","13":"tag-latviesuvaloda","14":"tag-latvija","15":"tag-lv","16":"tag-sports"},"share_on_mastodon":{"url":"https:\/\/pubeurope.com\/@lv\/115578053790178502","error":""},"_links":{"self":[{"href":"https:\/\/www.europesays.com\/lv\/wp-json\/wp\/v2\/posts\/53990","targetHints":{"allow":["GET"]}}],"collection":[{"href":"https:\/\/www.europesays.com\/lv\/wp-json\/wp\/v2\/posts"}],"about":[{"href":"https:\/\/www.europesays.com\/lv\/wp-json\/wp\/v2\/types\/post"}],"author":[{"embeddable":true,"href":"https:\/\/www.europesays.com\/lv\/wp-json\/wp\/v2\/users\/2"}],"replies":[{"embeddable":true,"href":"https:\/\/www.europesays.com\/lv\/wp-json\/wp\/v2\/comments?post=53990"}],"version-history":[{"count":0,"href":"https:\/\/www.europesays.com\/lv\/wp-json\/wp\/v2\/posts\/53990\/revisions"}],"wp:featuredmedia":[{"embeddable":true,"href":"https:\/\/www.europesays.com\/lv\/wp-json\/wp\/v2\/media\/53991"}],"wp:attachment":[{"href":"https:\/\/www.europesays.com\/lv\/wp-json\/wp\/v2\/media?parent=53990"}],"wp:term":[{"taxonomy":"category","embeddable":true,"href":"https:\/\/www.europesays.com\/lv\/wp-json\/wp\/v2\/categories?post=53990"},{"taxonomy":"post_tag","embeddable":true,"href":"https:\/\/www.europesays.com\/lv\/wp-json\/wp\/v2\/tags?post=53990"}],"curies":[{"name":"wp","href":"https:\/\/api.w.org\/{rel}","templated":true}]}}