{"id":54018,"date":"2025-11-19T19:57:15","date_gmt":"2025-11-19T19:57:15","guid":{"rendered":"https:\/\/www.europesays.com\/lv\/54018\/"},"modified":"2025-11-19T19:57:15","modified_gmt":"2025-11-19T19:57:15","slug":"asv-kongress-teju-vienpratigi-nobalso-par-epstina-failu-publiskosanu","status":"publish","type":"post","link":"https:\/\/www.europesays.com\/lv\/54018\/","title":{"rendered":"ASV Kongress teju vienpr\u0101t\u012bgi nobalso par Epst\u012bna failu publisko\u0161anu"},"content":{"rendered":"<p>Likumprojekts P\u0101rst\u0101vju pal\u0101t\u0101 tika pie\u0146emts ar 427 bals\u012bm par un vienu pret, savuk\u0101rt Sen\u0101ts to atbalst\u012bja bez apsprie\u0161anas.<\/p>\n<blockquote class=\"quote ck-widget\" contenteditable=\"false\">\n<p>\u0160is likums paredz, ka Tieslietu ministrijai b\u016bs j\u0101publisko visi lietas dokumenti, sarakste un izmekl\u0113\u0161anas dati, kam nav slepen\u012bbas statusa.<\/p>\n<\/blockquote>\n<p>Ned\u0113\u013cas nogal\u0113 Tramps aicin\u0101ja republik\u0101\u0146u kongresme\u0146us balsot par likumprojektu, sakot, ka vi\u0146am neesot nek\u0101 sl\u0113pjama.<\/p>\n<p>Republik\u0101\u0146u kongresme\u0146i pag\u0101ju\u0161aj\u0101 ned\u0113\u013c\u0101 publiskoja Epst\u012bna mantojuma dokumentus 23 000 lappu\u0161u apjom\u0101, un P\u0101rst\u0101vju pal\u0101tas demokr\u0101ti piev\u0113rsa uzman\u012bbu e-pasta v\u0113stul\u0113m, kur\u0101s piemin\u0113ts Tramps. Tom\u0113r nav pier\u0101d\u012bjumu, ka vi\u0146\u0161 b\u016btu bijis iesaist\u012bts noziegumos.<\/p>\n<p>Epst\u012bns tika aps\u016bdz\u0113ts vair\u0101ku desmitu nepilngad\u012bgu meite\u0146u seksu\u0101l\u0101 izmanto\u0161an\u0101 un cilv\u0113ku tirdzniec\u012bb\u0101 seksu\u0101l\u0101s izmanto\u0161anas nol\u016bk\u0101.<\/p>\n<p>Tiesu t\u0101 ar\u012b nesagaid\u012bjis, Epst\u012bns izdar\u012bja pa\u0161n\u0101v\u012bbu feder\u0101laj\u0101 aiztur\u0113\u0161anas centr\u0101 \u0145ujork\u0101 2019. gada august\u0101 dienu p\u0113c tam, kad tika publiskoti dokumenti, kas dod pla\u0161\u0101ku ieskatu vi\u0146a vad\u012btaj\u0101 seksu\u0101lo pakalpojumu tirdzniec\u012bbas t\u012bkl\u0101 laik\u0101 no 2002. l\u012bdz 2005. gadam.<\/p>\n","protected":false},"excerpt":{"rendered":"Likumprojekts P\u0101rst\u0101vju pal\u0101t\u0101 tika pie\u0146emts ar 427 bals\u012bm par un vienu pret, savuk\u0101rt Sen\u0101ts to atbalst\u012bja bez apsprie\u0161anas.&hellip;\n","protected":false},"author":2,"featured_media":54019,"comment_status":"","ping_status":"","sticky":false,"template":"","format":"standard","meta":{"footnotes":""},"categories":[14],"tags":[23,57,28,29,542,7438,32,33,22,30,31,35,39,38,36,37,34,40,20,26,27,24,25,54,55,56,21,58],"class_list":{"0":"post-54018","1":"post","2":"type-post","3":"status-publish","4":"format-standard","5":"has-post-thumbnail","7":"category-zinas-no-arvalstim","8":"tag-aktualitates","9":"tag-arvalstim","10":"tag-breaking-news","11":"tag-breakingnews","12":"tag-donalds-tramps","13":"tag-dzefrijs-epstins","14":"tag-featured-news","15":"tag-featurednews","16":"tag-headlines","17":"tag-latest-news","18":"tag-latestnews","19":"tag-latvia","20":"tag-latvian","21":"tag-latviesu","22":"tag-latviesu-valoda","23":"tag-latviesuvaloda","24":"tag-latvija","25":"tag-lv","26":"tag-news","27":"tag-popularakas-zinas","28":"tag-popularakaszinas","29":"tag-top-stories","30":"tag-topstories","31":"tag-world","32":"tag-world-news","33":"tag-worldnews","34":"tag-zinas","35":"tag-zinas-no-arvalstim"},"share_on_mastodon":{"url":"https:\/\/pubeurope.com\/@lv\/115578132417089334","error":""},"_links":{"self":[{"href":"https:\/\/www.europesays.com\/lv\/wp-json\/wp\/v2\/posts\/54018","targetHints":{"allow":["GET"]}}],"collection":[{"href":"https:\/\/www.europesays.com\/lv\/wp-json\/wp\/v2\/posts"}],"about":[{"href":"https:\/\/www.europesays.com\/lv\/wp-json\/wp\/v2\/types\/post"}],"author":[{"embeddable":true,"href":"https:\/\/www.europesays.com\/lv\/wp-json\/wp\/v2\/users\/2"}],"replies":[{"embeddable":true,"href":"https:\/\/www.europesays.com\/lv\/wp-json\/wp\/v2\/comments?post=54018"}],"version-history":[{"count":0,"href":"https:\/\/www.europesays.com\/lv\/wp-json\/wp\/v2\/posts\/54018\/revisions"}],"wp:featuredmedia":[{"embeddable":true,"href":"https:\/\/www.europesays.com\/lv\/wp-json\/wp\/v2\/media\/54019"}],"wp:attachment":[{"href":"https:\/\/www.europesays.com\/lv\/wp-json\/wp\/v2\/media?parent=54018"}],"wp:term":[{"taxonomy":"category","embeddable":true,"href":"https:\/\/www.europesays.com\/lv\/wp-json\/wp\/v2\/categories?post=54018"},{"taxonomy":"post_tag","embeddable":true,"href":"https:\/\/www.europesays.com\/lv\/wp-json\/wp\/v2\/tags?post=54018"}],"curies":[{"name":"wp","href":"https:\/\/api.w.org\/{rel}","templated":true}]}}