{"id":54032,"date":"2025-11-19T20:13:11","date_gmt":"2025-11-19T20:13:11","guid":{"rendered":"https:\/\/www.europesays.com\/lv\/54032\/"},"modified":"2025-11-19T20:13:11","modified_gmt":"2025-11-19T20:13:11","slug":"sagaidam-aizsardzibas-speli-bet-cinisimies-tikai-par-uzvaru-lente-lv","status":"publish","type":"post","link":"https:\/\/www.europesays.com\/lv\/54032\/","title":{"rendered":"Sagaid\u0101m aizsardz\u012bbas sp\u0113li, bet c\u012bn\u012bsimies tikai par uzvaru\u00a0\u2014\u00a0Lente.lv"},"content":{"rendered":"<p>Latvijas izlases cer\u012bbas pirms iz\u0161\u0137iro\u0161\u0101s c\u012b\u0146as pret Serbiju<\/p>\n<p>Vladislavs Gutkovskis, viens no Latvijas futbola izlases uzbruc\u0113jiem, pirms gaid\u0101m\u0101s 2026. gada Pasaules kausa kvalifik\u0101cijas turn\u012bra sp\u0113les pret Serbiju atzinis, ka komanda ir gatava smagam darbam un iesp\u0113jamiem aizsardz\u012bbas uzdevumiem. Sestdien Dubo\u010dic\u0101 paredz\u0113taj\u0101 sp\u0113l\u0113 Latvijas futbolisti c\u012bn\u012bsies vien\u012bgi par uzvaru, apliecinot savu ap\u0146\u0113m\u012bbu un v\u0113lmi nosl\u0113gt kvalifik\u0101cijas ciklu pozit\u012bv\u0101 not\u012b. \u0160\u012b ir p\u0113d\u0113j\u0101 un iz\u0161\u0137iro\u0161\u0101 sp\u0113le Latvijas izlasei \u0161aj\u0101 turn\u012br\u0101, t\u0101d\u0113\u013c katrs sp\u0113l\u0113t\u0101js apzin\u0101s savu atbild\u012bbu.<\/p>\n<p>Gutkovska strat\u0113\u0123isk\u0101s p\u0101rdomas<\/p>\n<p>Uzbruc\u0113js preses konferenc\u0113 atkl\u0101ja savas prognozes par gaid\u0101mo sp\u0113li, nor\u0101dot uz iesp\u0113jamo scen\u0101riju, kur\u0101 liel\u0101k\u0101 da\u013ca ma\u010da tiks aizvad\u012bta aizsardz\u012bb\u0101. &#8220;Varb\u016bt liel\u0101ko da\u013cu ma\u010da aizvad\u012bsim aizsardz\u012bb\u0101,&#8221; Gutkovskis pauda, uzsverot komandas gatav\u012bbu piel\u0101goties pretinieka sp\u0113les stilam un strat\u0113\u0123ijai. \u0160\u0101ds nov\u0113rt\u0113jums liecina par r\u016bp\u012bgu anal\u012bzi un gatav\u012bbu st\u0101ties pret\u012b sp\u0113c\u012bgam pretiniekam, kur\u0161, visticam\u0101k, domin\u0113s bumbas kontrol\u0113. Latvijas izlasei b\u016bs nepiecie\u0161ama gan disciplin\u0113ta aizsardz\u012bba, gan ar\u012b sp\u0113ja izmantot ret\u0101s uzbrukuma iesp\u0113jas, lai g\u016btu v\u0101rtus.<\/p>\n<p>Ap\u0146\u0113m\u012bba un c\u012b\u0146as spars<\/p>\n<p>Neskatoties uz iesp\u0113jamaj\u0101m gr\u016bt\u012bb\u0101m un pretinieka sp\u0113ku, Gutkovskis stingri uzsv\u0113ra komandas galveno m\u0113r\u0137i \u2013 uzvaru. &#8220;C\u012bn\u012bsimies tikai par uzvaru,&#8221; vi\u0146\u0161 teica, piebilstot, ka katrs sp\u0113l\u0113t\u0101js dos visu savu sp\u0113ku, lai sasniegtu \u0161o m\u0113r\u0137i. \u0160\u0101da ap\u0146\u0113m\u012bba ir \u013coti svar\u012bga, it \u012bpa\u0161i sp\u0113l\u0113s pret favor\u012bt\u0113m. Futbol\u0101, k\u0101 zin\u0101ms, viss ir iesp\u0113jams, un ar c\u012b\u0146as sparu un taktiska discipl\u012bnu var p\u0101rsteigt pat vissp\u0113c\u012bg\u0101kos pretiniekus. Latvijas izlasei \u0161\u012b sp\u0113le ir ne tikai p\u0113d\u0113j\u0101 kvalifik\u0101cijas c\u012b\u0146a, bet ar\u012b iesp\u0113ja par\u0101d\u012bt savu progresu un raksturu.<\/p>\n<p>Ce\u013c\u0161 l\u012bdz p\u0113d\u0113jai sp\u0113lei<\/p>\n<p>Latvijas futbola izlase \u0161aj\u0101 Pasaules kausa kvalifik\u0101cijas cikl\u0101 ir piedz\u012bvojusi da\u017e\u0101dus rezult\u0101tus, ta\u010du katra sp\u0113le ir devusi v\u0113rt\u012bgu pieredzi. Komanda ir pilnveidojusi savu sniegumu un ieguvusi p\u0101rliec\u012bbu par sav\u0101m sp\u0113j\u0101m. Pret Serbiju gaid\u0101m\u0101 sp\u0113le ir k\u0101 p\u0113d\u0113jais p\u0101rbaud\u012bjums, kur\u0101 par\u0101d\u012bt visu apg\u016bto un dot Latvijas l\u012bdzjut\u0113jiem iemeslu lepoties. At\u0161\u0137ir\u012bb\u0101 no cit\u0101m sp\u0113l\u0113m, kur\u0101s rezult\u0101ts nebija tik iz\u0161\u0137iro\u0161s, \u0161oreiz katrs moments laukum\u0101 b\u016bs \u012bpa\u0161i svar\u012bgs.<\/p>\n<p>Cer\u012bbas uz pan\u0101kumu<\/p>\n<p>Lai gan Serbija tiek uzskat\u012bta par favor\u012bti, Latvijas izlase cer uz pozit\u012bvu rezult\u0101tu. Futbols ir komandas sp\u0113le, kur\u0101 uzvar\u0113t var ne tikai talant\u012bg\u0101kie, bet ar\u012b visvienot\u0101kie un vislab\u0101k sagatavotie. Gutkovska un p\u0101r\u0113jo sp\u0113l\u0113t\u0101ju noska\u0146ojums liecina par gatav\u012bbu dot visu sevi laukum\u0101 un c\u012bn\u012bties l\u012bdz pat sp\u0113les beig\u0101m. \u0160\u012b c\u012b\u0146a b\u016bs emocion\u0101li pies\u0101tin\u0101ta, un Latvijas l\u012bdzjut\u0113ji noteikti atbalst\u012bs savu komandu, cerot uz negaid\u012btu, bet peln\u012btu uzvaru.<\/p>\n","protected":false},"excerpt":{"rendered":"Latvijas izlases cer\u012bbas pirms iz\u0161\u0137iro\u0161\u0101s c\u012b\u0146as pret Serbiju Vladislavs Gutkovskis, viens no Latvijas futbola izlases uzbruc\u0113jiem, pirms gaid\u0101m\u0101s&hellip;\n","protected":false},"author":2,"featured_media":54033,"comment_status":"","ping_status":"","sticky":false,"template":"","format":"standard","meta":{"footnotes":""},"categories":[17],"tags":[6896,35,39,38,36,37,34,4016,40,5171,243,67,14566],"class_list":{"0":"post-54032","1":"post","2":"type-post","3":"status-publish","4":"format-standard","5":"has-post-thumbnail","7":"category-sports","8":"tag-futbola-strategija","9":"tag-latvia","10":"tag-latvian","11":"tag-latviesu","12":"tag-latviesu-valoda","13":"tag-latviesuvaloda","14":"tag-latvija","15":"tag-latvijas-futbola-izlase","16":"tag-lv","17":"tag-pasaules-kausa-kvalifikacija","18":"tag-serbija","19":"tag-sports","20":"tag-vladislavs-gutkovskis"},"share_on_mastodon":{"url":"https:\/\/pubeurope.com\/@lv\/115578195377654557","error":""},"_links":{"self":[{"href":"https:\/\/www.europesays.com\/lv\/wp-json\/wp\/v2\/posts\/54032","targetHints":{"allow":["GET"]}}],"collection":[{"href":"https:\/\/www.europesays.com\/lv\/wp-json\/wp\/v2\/posts"}],"about":[{"href":"https:\/\/www.europesays.com\/lv\/wp-json\/wp\/v2\/types\/post"}],"author":[{"embeddable":true,"href":"https:\/\/www.europesays.com\/lv\/wp-json\/wp\/v2\/users\/2"}],"replies":[{"embeddable":true,"href":"https:\/\/www.europesays.com\/lv\/wp-json\/wp\/v2\/comments?post=54032"}],"version-history":[{"count":0,"href":"https:\/\/www.europesays.com\/lv\/wp-json\/wp\/v2\/posts\/54032\/revisions"}],"wp:featuredmedia":[{"embeddable":true,"href":"https:\/\/www.europesays.com\/lv\/wp-json\/wp\/v2\/media\/54033"}],"wp:attachment":[{"href":"https:\/\/www.europesays.com\/lv\/wp-json\/wp\/v2\/media?parent=54032"}],"wp:term":[{"taxonomy":"category","embeddable":true,"href":"https:\/\/www.europesays.com\/lv\/wp-json\/wp\/v2\/categories?post=54032"},{"taxonomy":"post_tag","embeddable":true,"href":"https:\/\/www.europesays.com\/lv\/wp-json\/wp\/v2\/tags?post=54032"}],"curies":[{"name":"wp","href":"https:\/\/api.w.org\/{rel}","templated":true}]}}