{"id":54046,"date":"2025-11-19T21:05:08","date_gmt":"2025-11-19T21:05:08","guid":{"rendered":"https:\/\/www.europesays.com\/lv\/54046\/"},"modified":"2025-11-19T21:05:08","modified_gmt":"2025-11-19T21:05:08","slug":"ta-nav-aiziesana-nav-punkts-markuss-riva-nak-klaja-ar-pazinojumu-ko-neviens-negaidija","status":"publish","type":"post","link":"https:\/\/www.europesays.com\/lv\/54046\/","title":{"rendered":"\u201cT\u0101 nav aizie\u0161ana, nav punkts\u201d \u2013 Markuss Riva n\u0101k klaj\u0101 ar pazi\u0146ojumu, ko neviens negaid\u012bja"},"content":{"rendered":"<p>            Markus Riva<\/p>\n<p>21:18, 19. novembris 2025<\/p>\n<p>\nLatvie\u0161u m\u016bzi\u0137is Markuss Riva ir viens no tiem m\u0101ksliniekiem, kur\u0161 m\u0113r\u0137tiec\u012bgi daudzu gadu garum\u0101 piedal\u012bjies nacion\u0101laj\u0101 atlas\u0113, lai ieg\u016btu iesp\u0113ju k\u0101pt uz liel\u0101s \u201cEirov\u012bzijas\u201d skatuves. Vai tas notiks ar\u012b n\u0101kamgad?<\/p>\n<p>        Las\u012bt\u0101kie<br \/>\n        <a data-imagesrc=\"{&quot;300&quot;:&quot;https:\\\/\\\/lastatic.ams3.cdn.digitaloceanspaces.com\\\/2025\\\/11\\\/IMG_6071-300x240.jpg&quot;,&quot;500&quot;:&quot;https:\\\/\\\/lastatic.ams3.cdn.digitaloceanspaces.com\\\/2025\\\/11\\\/IMG_6071-500x401.jpg&quot;,&quot;800&quot;:&quot;https:\\\/\\\/lastatic.ams3.cdn.digitaloceanspaces.com\\\/2025\\\/11\\\/IMG_6071-800x641.jpg&quot;,&quot;968&quot;:&quot;https:\\\/\\\/lastatic.ams3.cdn.digitaloceanspaces.com\\\/2025\\\/11\\\/IMG_6071.jpg&quot;}\" data-focuspoint=\"&quot;&quot;\" data-p=\"2467706\" href=\"https:\/\/www.la.lv\/ko-talak-jani-saslika-svetki-soctiklos-uzvirmo-neapmierinatiba-par-dzirdeto-18-novembra-koncerta-pie-brivibas-pieminekla\" class=\"content-item lazy-load\" wp_automatic_readability=\"26.5\" rel=\"nofollow noopener\" target=\"_blank\"><\/p>\n<p>                                <img decoding=\"async\" src=\"\" alt=\"\" style=\"\" data-imageid=\"\"\/><\/p>\n<p>\n                                                \u201cKo t\u0101l\u0101k? J\u0101\u0146i \u2013 \u0161a\u0161lika sv\u0113tki?\u201d Soct\u012bklos uzvirmo neapmierin\u0101t\u012bba par dzird\u0113to 18. novembra koncert\u0101 pie Br\u012bv\u012bbas pieminek\u013ca\n                            <\/p>\n<p><\/a><a data-imagesrc=\"{&quot;300&quot;:&quot;https:\\\/\\\/lastatic.ams3.cdn.digitaloceanspaces.com\\\/2025\\\/11\\\/FotoJet-59-300x200.jpg&quot;,&quot;1024&quot;:&quot;https:\\\/\\\/lastatic.ams3.cdn.digitaloceanspaces.com\\\/2025\\\/11\\\/FotoJet-59-1024x683.jpg&quot;,&quot;1536&quot;:&quot;https:\\\/\\\/lastatic.ams3.cdn.digitaloceanspaces.com\\\/2025\\\/11\\\/FotoJet-59-1536x1024.jpg&quot;,&quot;500&quot;:&quot;https:\\\/\\\/lastatic.ams3.cdn.digitaloceanspaces.com\\\/2025\\\/11\\\/FotoJet-59-500x333.jpg&quot;,&quot;800&quot;:&quot;https:\\\/\\\/lastatic.ams3.cdn.digitaloceanspaces.com\\\/2025\\\/11\\\/FotoJet-59-800x533.jpg&quot;,&quot;1800&quot;:&quot;https:\\\/\\\/lastatic.ams3.cdn.digitaloceanspaces.com\\\/2025\\\/11\\\/FotoJet-59.jpg&quot;}\" data-focuspoint=\"&quot;&quot;\" data-p=\"2467966\" href=\"https:\/\/www.la.lv\/runa-vairs-nav-par-to-vai-bet-gan-kad-nopludusas-sarunas-detalas-no-slegtas-konferences-vilna\" class=\"content-item lazy-load\" wp_automatic_readability=\"27\" rel=\"nofollow noopener\" target=\"_blank\"><\/p>\n<p>                                <img decoding=\"async\" src=\"\" alt=\"\" style=\"\" data-imageid=\"\"\/><\/p>\n<p>\n                                                \u201cRuna vairs nav par to, vai\u2026 bet gan \u2013 kad?\u201d Nopl\u016bdu\u0161as sarunas deta\u013cas no sl\u0113gtas konferences Vi\u013c\u0146\u0101\n                            <\/p>\n<p><\/a><a data-imagesrc=\"{&quot;300&quot;:&quot;https:\\\/\\\/lastatic.ams3.cdn.digitaloceanspaces.com\\\/2023\\\/03\\\/afp_339k93m-1-300x200.jpg&quot;,&quot;1024&quot;:&quot;https:\\\/\\\/lastatic.ams3.cdn.digitaloceanspaces.com\\\/2023\\\/03\\\/afp_339k93m-1-1024x683.jpg&quot;,&quot;768&quot;:&quot;https:\\\/\\\/lastatic.ams3.cdn.digitaloceanspaces.com\\\/2023\\\/03\\\/afp_339k93m-1-768x512.jpg&quot;,&quot;200&quot;:&quot;https:\\\/\\\/lastatic.ams3.cdn.digitaloceanspaces.com\\\/2023\\\/03\\\/afp_339k93m-1-200x133.jpg&quot;,&quot;400&quot;:&quot;https:\\\/\\\/lastatic.ams3.cdn.digitaloceanspaces.com\\\/2023\\\/03\\\/afp_339k93m-1-400x267.jpg&quot;,&quot;500&quot;:&quot;https:\\\/\\\/lastatic.ams3.cdn.digitaloceanspaces.com\\\/2023\\\/03\\\/afp_339k93m-1-500x333.jpg&quot;,&quot;800&quot;:&quot;https:\\\/\\\/lastatic.ams3.cdn.digitaloceanspaces.com\\\/2023\\\/03\\\/afp_339k93m-1-800x533.jpg&quot;,&quot;1000&quot;:&quot;https:\\\/\\\/lastatic.ams3.cdn.digitaloceanspaces.com\\\/2023\\\/03\\\/afp_339k93m-1-1000x667.jpg&quot;,&quot;1140&quot;:&quot;https:\\\/\\\/lastatic.ams3.cdn.digitaloceanspaces.com\\\/2023\\\/03\\\/afp_339k93m-1.jpg&quot;}\" data-focuspoint=\"&quot;&quot;\" data-p=\"2467896\" href=\"https:\/\/www.la.lv\/kartejais-krievu-drons-parkapis-nato-dalibvalsts-gaisa-telpu-debesis-pacelti-reaktivie-iznicinataji\" class=\"content-item lazy-load\" wp_automatic_readability=\"26.5\" rel=\"nofollow noopener\" target=\"_blank\"><\/p>\n<p>                                <img decoding=\"async\" src=\"\" alt=\"\" style=\"\" data-imageid=\"\"\/><\/p>\n<p>\n                                                K\u0101rt\u0113jais krievu drons p\u0101rk\u0101pis NATO dal\u012bbvalsts gaisa telpu \u2013 debes\u012bs pacelti reakt\u012bvie izn\u012bcin\u0101t\u0101ji\n                            <\/p>\n<p><\/a><br \/>\n        <a class=\"read-more\" href=\"https:\/\/www.la.lv\/top\" rel=\"nofollow noopener\" target=\"_blank\">Las\u012bt citas zi\u0146as<\/a><\/p>\n<p>M\u016bzi\u0137is soci\u0101lo mediju platform\u0101 \u201cFacebook\u201d n\u0101cis klaj\u0101 ar pazi\u0146ojumu un jau laikus sabiedr\u012bbu sagatavo tam, kas gaid\u0101ms pavasar\u012b. Vi\u0146\u0161 raksta:<\/p>\n<blockquote><p>\u201cGribu jums uzreiz god\u012bgi pateikt \u2013 \u0161ogad neesmu pieteicies \u201cSupernov\u0101\u201d. T\u0101tad\u2026 \u0161ogad es vienk\u0101r\u0161i izl\u0113mu nepiedal\u012bties.<\/p><\/blockquote>\n<p>    CITI \u0160OBR\u012aD LASA<\/p>\n<p>\u201cSupernova\u201d man vienm\u0113r bijusi k\u0101 t\u0101ds liels piedz\u012bvojums, kur katru gadu atkal j\u016btu j\u016bsu atbalstu, zi\u0146as, koment\u0101rus, gaid\u012b\u0161anu\u2026 un tas man tie\u0161\u0101m ir \u013coti daudz noz\u012bm\u0113jis. Bez j\u016bs\u00adu tic\u012bbas un ener\u0123ijas tas viss neb\u016btu bijis t\u0101ds, k\u0101ds bija.<\/p>\n<p>Bet \u0161ogad sajutu, ka man vajag pauzi. \u201cEirov\u012bzijas\u201d vide p\u0113d\u0113j\u0101 laik\u0101 k\u013cuvusi diezgan saspringta \u2013 daudz vis\u0101du skand\u0101lu, politikas. Es sapratu, ka man pa\u0161am vajag nedaudz atk\u0101pties, lai saglab\u0101tu galvu mier\u0101 un pastr\u0101d\u0101tu pie sav\u0101m person\u012bgaj\u0101m liet\u0101m, kas ar\u012b \u0161obr\u012bd ir svar\u012bgas.<\/p>\n<p>T\u0101 nav aizie\u0161ana, nav punkts \u2013 dr\u012bz\u0101k komats. Mazliet ieelpot, mazliet sak\u0101rtot sevi un tad iet t\u0101l\u0101k ar jaunu sp\u0113ku. Paldies jums, ka esat ar mani visus \u0161os gadus. J\u016bs man esat milz\u012bgs sp\u0113ks un iedvesma. M\u0113s noteikti v\u0113l tiksimies.\u201d\ud83e\udd0d<\/p>\n<p>Koment\u0101ru sada\u013c\u0101 cilv\u0113ki m\u016bzi\u0137im velta iedro\u0161in\u0101juma v\u0101rdus un apstiprina, ka \u0161\u0101da doma ir pareiza.<\/p>\n<p>Agnija raksta: \u201c\u0145em padus\u0113 \u201cTalsu Balto Kori\u201d un piedalies \u201cEirov\u012bzij\u0101\u201d tici man Latvijai p\u0101rved\u012bsi m\u0101j\u0101s uzvaru.\u201d<\/p>\n<p>Ar\u012b Valdis m\u016bzi\u0137im velta iedro\u0161in\u0101juma v\u0101rdus: \u201cIr labi. Met mieru, lai tur jaunie c\u012bn\u0101s. Tu ar savu pieredzi un pa\u0161laik sasniegto turpini iekarot Latvijas iedz\u012bvot\u0101ju sirdis kop\u0101 ar Talsu kori aran\u017e\u0113jot un iedziedot gan eso\u0161as, gan jaunas dziesmas, \u0161\u012b ir tava ni\u0161a talanta realiz\u0113\u0161an\u0101.\u201d<\/p>\n<p>Kas sak\u0101ms citiem lietot\u0101jiem?<\/p>\n<p>\u201cNov\u0113rt\u0113ju \u0161\u012b gada veikumu. Blakus dzied\u0101t\u0101ja talantam man \u013coti pat\u012bk pas\u0101kuma vad\u012bt\u0101ja dotumi- raita valoda, reakcija situ\u0101cij\u0101s, kuras nevar paredz\u0113t, cie\u0146piln\u0101 iztur\u0113\u0161an\u0101s. Pat\u012bk skatuves t\u0113rpi. Baltais koris ir sird\u012b uz m\u016b\u017eu. Paldies! V\u0113lu veiksmi! Ener\u0123ijas apmai\u0146a ir s\u0101kusies! Sabile un Talsi, lai vienm\u0113r sp\u0113ka avots!\u201d<\/p>\n<p>\u201cProtams, tas jau jums ir lab\u0101k zin\u0101ms. Tas viss tie\u0161\u0101m prasa lielu atdevi, izskat\u0101s jau skaisti, tas gala rezult\u0101ts. Gaid\u0101m p\u0113c atp\u016btas atkal jaunas tik\u0161an\u0101s. Lai jums veic\u0101s vienm\u0113r un visur. Liels PRIEKS par jums. Lai j\u016bs sarg\u0101 no debes\u012bm, un saprot uz zemes.\u201d<\/p>\n<p>\u201cTie\u0161i vakar p\u0113c lielisk\u0101 koncerta Ventspil\u012b ar draugiem run\u0101j\u0101m, ka \u0161ogad j\u0101atce\u013c balso\u0161ana un j\u0101\u013cauj braukt vien\u012bgajam cilv\u0113kam, kam r\u016bp un ir tik daudzgad\u012bga, neizs\u012bksto\u0161a v\u0113lme tur b\u016bt. Marku, J\u016bs esat peln\u012bjis b\u016bt uz liel\u0101s Eirov\u012bzijas skatuves! Bet, iesp\u0113jams, to visi drazu ar\u012b nevajag.\u201d<\/p>\n<p>T\u0113mas<\/p>\n<p>    SAIST\u012aTIE RAKSTI<\/p>\n","protected":false},"excerpt":{"rendered":"Markus Riva 21:18, 19. novembris 2025 Latvie\u0161u m\u016bzi\u0137is Markuss Riva ir viens no tiem m\u0101ksliniekiem, kur\u0161 m\u0113r\u0137tiec\u012bgi daudzu&hellip;\n","protected":false},"author":2,"featured_media":54047,"comment_status":"","ping_status":"","sticky":false,"template":"","format":"standard","meta":{"footnotes":""},"categories":[5],"tags":[23,28,29,32,33,22,30,31,35,39,38,36,37,34,40,20,26,27,24,25,21],"class_list":{"0":"post-54046","1":"post","2":"type-post","3":"status-publish","4":"format-standard","5":"has-post-thumbnail","7":"category-aktualitates","8":"tag-aktualitates","9":"tag-breaking-news","10":"tag-breakingnews","11":"tag-featured-news","12":"tag-featurednews","13":"tag-headlines","14":"tag-latest-news","15":"tag-latestnews","16":"tag-latvia","17":"tag-latvian","18":"tag-latviesu","19":"tag-latviesu-valoda","20":"tag-latviesuvaloda","21":"tag-latvija","22":"tag-lv","23":"tag-news","24":"tag-popularakas-zinas","25":"tag-popularakaszinas","26":"tag-top-stories","27":"tag-topstories","28":"tag-zinas"},"share_on_mastodon":{"url":"https:\/\/pubeurope.com\/@lv\/115578399842634259","error":""},"_links":{"self":[{"href":"https:\/\/www.europesays.com\/lv\/wp-json\/wp\/v2\/posts\/54046","targetHints":{"allow":["GET"]}}],"collection":[{"href":"https:\/\/www.europesays.com\/lv\/wp-json\/wp\/v2\/posts"}],"about":[{"href":"https:\/\/www.europesays.com\/lv\/wp-json\/wp\/v2\/types\/post"}],"author":[{"embeddable":true,"href":"https:\/\/www.europesays.com\/lv\/wp-json\/wp\/v2\/users\/2"}],"replies":[{"embeddable":true,"href":"https:\/\/www.europesays.com\/lv\/wp-json\/wp\/v2\/comments?post=54046"}],"version-history":[{"count":0,"href":"https:\/\/www.europesays.com\/lv\/wp-json\/wp\/v2\/posts\/54046\/revisions"}],"wp:featuredmedia":[{"embeddable":true,"href":"https:\/\/www.europesays.com\/lv\/wp-json\/wp\/v2\/media\/54047"}],"wp:attachment":[{"href":"https:\/\/www.europesays.com\/lv\/wp-json\/wp\/v2\/media?parent=54046"}],"wp:term":[{"taxonomy":"category","embeddable":true,"href":"https:\/\/www.europesays.com\/lv\/wp-json\/wp\/v2\/categories?post=54046"},{"taxonomy":"post_tag","embeddable":true,"href":"https:\/\/www.europesays.com\/lv\/wp-json\/wp\/v2\/tags?post=54046"}],"curies":[{"name":"wp","href":"https:\/\/api.w.org\/{rel}","templated":true}]}}