{"id":54101,"date":"2025-11-19T23:43:16","date_gmt":"2025-11-19T23:43:16","guid":{"rendered":"https:\/\/www.europesays.com\/lv\/54101\/"},"modified":"2025-11-19T23:43:16","modified_gmt":"2025-11-19T23:43:16","slug":"reika-hiphopa-uzliesmojums-palladium-audiovizuals-sovs-kas-parsteidz-lente-lv","status":"publish","type":"post","link":"https:\/\/www.europesays.com\/lv\/54101\/","title":{"rendered":"Reika hiphopa uzliesmojums &#8220;Palladium&#8221;: audiovizu\u0101ls \u0161ovs, kas p\u0101rsteidz\u00a0\u2014\u00a0Lente.lv"},"content":{"rendered":"<p>Reika koncerts &#8220;Palladium&#8221; z\u0101l\u0113 \u2013 jaud\u012bgs audiovizu\u0101ls notikums<\/p>\n<p>14. novembr\u012b koncertz\u0101le \u201cPalladium\u201d k\u013cuva par ener\u0123ijas epicentru, kur\u0101 satik\u0101s m\u016bzika, m\u0101ksliniecisk\u0101 izpausme un patiesa skan\u0113juma sp\u0113ks. Reperis Arvis Reiks saviem daudzajiem klaus\u012bt\u0101jiem d\u0101v\u0101ja ne tikai koncertu, bet iespaid\u012bgu audiovizu\u0101lu \u0161ovu, kas p\u0101rliecino\u0161i apliecin\u0101ja \u2013 Latvijas hiphopa ainava sp\u0113j b\u016bt gan jaud\u012bga, gan est\u0113tiski izsmalcin\u0101ta.<\/p>\n<p>Reika debija uz liel\u0101s skatuves un muzik\u0101l\u0101 daudzveid\u012bba<\/p>\n<p>\u0160is pas\u0101kums iez\u012bm\u0113ja noz\u012bm\u012bgu pagrieziena punktu Arvja Reika karjer\u0101 \u2013 vi\u0146a pirmo lielo solo koncertu \u201cPalladium\u201d z\u0101l\u0113. M\u0101kslinieks, kur\u0161 jau kop\u0161 12 gadu vecuma aizr\u0101vies ar repa rad\u012b\u0161anu, sevi ir pier\u0101d\u012bjis k\u0101 vienu no spilgt\u0101kajiem un daudzsolo\u0161\u0101kajiem jaun\u0101s paaudzes hiphopa izpild\u012bt\u0101jiem Latvij\u0101. Koncert\u0101 skan\u0113ja gan jau iem\u012b\u013coti singli, gan \u012bpa\u0161i sagatavoti muzik\u0101li p\u0101rsteigumi. Vakars bija r\u016bp\u012bgi veidots, apvienojot dz\u012bvo m\u016bziku, hiphopu un house m\u016bzikas elementus, radot unik\u0101lu un pl\u016bsto\u0161u skan\u0113jumu, kas sp\u0113ja aizraut ikvienu kl\u0101teso\u0161o.<\/p>\n<p>Vizu\u0101l\u0101 noform\u0113juma un person\u012bg\u0101s v\u0113st\u012bjuma siner\u0123ija<\/p>\n<p>Paral\u0113li muzik\u0101lajai baudai, \u012bpa\u0161a uzman\u012bba tika piev\u0113rsta ar\u012b atmosf\u0113rai un vizu\u0101lajam st\u0101st\u012bjumam. Reiks atkl\u0101ja sevi jaun\u0101 gaism\u0101, pied\u0101v\u0101jot ne tikai jautru un atrakt\u012bvu gaisotni, bet ar\u012b rosinot uz nopietn\u0101m p\u0101rdom\u0101m. \u0160is audiovizu\u0101lais spr\u0101dziens bija r\u016bp\u012bgi izpl\u0101nots, apvienojot da\u017e\u0101dus stilus un iek\u013caujot personiskus elementus, lai rad\u012btu \u201cskaistu Latvijas sv\u0113tku saj\u016btu\u201d. \u0160\u0101ds koncepts \u013c\u0101va Arvim Reikam par\u0101d\u012bt sevi v\u0113l neredz\u0113t\u0101 un dzi\u013c\u0101k\u0101 aspekt\u0101, padarot vakaru par spilgtu un emocion\u0101li pies\u0101tin\u0101tu pieredzi gan ilggad\u0113jiem faniem, gan jaunajiem klaus\u012bt\u0101jiem.<\/p>\n<p>Viesm\u0101kslinieku pievienot\u0101 v\u0113rt\u012bba un koncertu kopskats<\/p>\n<p>Uz skatuves Reikam pievienoj\u0101s vair\u0101ki viesm\u0101kslinieki, tostarp Deniss, Lelde Dreimane, Patrisha un Emilija, papildinot izr\u0101di ar savu talantu un sniedzot papildu dinamiku. \u0160is kopum\u0101 bija pas\u0101kums, kas apliecin\u0101ja Latvijas hiphopa skatuves potenci\u0101lu un sp\u0113ju rad\u012bt est\u0113tiski baud\u0101mus un ener\u0123iski pies\u0101tin\u0101tus \u0161ovus, kas atst\u0101j palieko\u0161u iespaidu uz skat\u012bt\u0101jiem.<\/p>\n","protected":false},"excerpt":{"rendered":"Reika koncerts &#8220;Palladium&#8221; z\u0101l\u0113 \u2013 jaud\u012bgs audiovizu\u0101ls notikums 14. novembr\u012b koncertz\u0101le \u201cPalladium\u201d k\u013cuva par ener\u0123ijas epicentru, kur\u0101 satik\u0101s&hellip;\n","protected":false},"author":2,"featured_media":54102,"comment_status":"","ping_status":"","sticky":false,"template":"","format":"standard","meta":{"footnotes":""},"categories":[19],"tags":[10591,14752,89,14751,90,35,39,38,4658,36,37,34,40,4635],"class_list":{"0":"post-54101","1":"post","2":"type-post","3":"status-publish","4":"format-standard","5":"has-post-thumbnail","7":"category-izklaide","8":"tag-arvis-reiks","9":"tag-audiovizuals-sovs","10":"tag-entertainment","11":"tag-hophopa-koncerts","12":"tag-izklaide","13":"tag-latvia","14":"tag-latvian","15":"tag-latviesu","16":"tag-latviesu-hiphops","17":"tag-latviesu-valoda","18":"tag-latviesuvaloda","19":"tag-latvija","20":"tag-lv","21":"tag-palladium-riga"},"share_on_mastodon":{"url":"https:\/\/pubeurope.com\/@lv\/115579021136799940","error":""},"_links":{"self":[{"href":"https:\/\/www.europesays.com\/lv\/wp-json\/wp\/v2\/posts\/54101","targetHints":{"allow":["GET"]}}],"collection":[{"href":"https:\/\/www.europesays.com\/lv\/wp-json\/wp\/v2\/posts"}],"about":[{"href":"https:\/\/www.europesays.com\/lv\/wp-json\/wp\/v2\/types\/post"}],"author":[{"embeddable":true,"href":"https:\/\/www.europesays.com\/lv\/wp-json\/wp\/v2\/users\/2"}],"replies":[{"embeddable":true,"href":"https:\/\/www.europesays.com\/lv\/wp-json\/wp\/v2\/comments?post=54101"}],"version-history":[{"count":0,"href":"https:\/\/www.europesays.com\/lv\/wp-json\/wp\/v2\/posts\/54101\/revisions"}],"wp:featuredmedia":[{"embeddable":true,"href":"https:\/\/www.europesays.com\/lv\/wp-json\/wp\/v2\/media\/54102"}],"wp:attachment":[{"href":"https:\/\/www.europesays.com\/lv\/wp-json\/wp\/v2\/media?parent=54101"}],"wp:term":[{"taxonomy":"category","embeddable":true,"href":"https:\/\/www.europesays.com\/lv\/wp-json\/wp\/v2\/categories?post=54101"},{"taxonomy":"post_tag","embeddable":true,"href":"https:\/\/www.europesays.com\/lv\/wp-json\/wp\/v2\/tags?post=54101"}],"curies":[{"name":"wp","href":"https:\/\/api.w.org\/{rel}","templated":true}]}}