{"id":54107,"date":"2025-11-20T00:37:08","date_gmt":"2025-11-20T00:37:08","guid":{"rendered":"https:\/\/www.europesays.com\/lv\/54107\/"},"modified":"2025-11-20T00:37:08","modified_gmt":"2025-11-20T00:37:08","slug":"mis-visums-finala-prieksvakara-tiesnesis-atkapjas-sejot-saubas-par-godigumu-lente-lv-2","status":"publish","type":"post","link":"https:\/\/www.europesays.com\/lv\/54107\/","title":{"rendered":"Mis Visums fin\u0101la priek\u0161vakar\u0101 \u2013 tiesnesis atk\u0101pjas, s\u0113jot \u0161aubas par god\u012bgumu\u00a0\u2014\u00a0Lente.lv"},"content":{"rendered":"<p>Skaistumkonkursa &#8220;Mis Visums&#8221; aizkulis\u0113s valda nezi\u0146a un dr\u0101ma<\/p>\n<p>Presti\u017eais skaistumkonkurss &#8220;Mis Visums&#8221; piedz\u012bvo satricin\u0101jumus vien da\u017eas dienas pirms grandioz\u0101 fin\u0101la. Viens no konkursa tiesne\u0161iem ir negaid\u012bti atk\u0101pies no saviem amata pien\u0101kumiem, metot \u0113nu uz notieko\u0161o. Vi\u0146a aizie\u0161anas iemesls, p\u0113c pa\u0161a tiesne\u0161a v\u0101rdiem, ir &#8220;caursp\u012bd\u012bguma tr\u016bkums&#8221; fin\u0101listu atlases proces\u0101, radot ba\u017eas par god\u012bgumu un objektivit\u0101ti.<\/p>\n<p>Nepieredz\u0113ta kr\u012bze pirms fin\u0101la<\/p>\n<p>\u0160is negaid\u012btais solis ir rad\u012bjis nezi\u0146u un spriedzi konkursa organizatoru un dal\u012bbnie\u010du vid\u016b. Atk\u0101pu\u0161ais tiesnesis sav\u0101 pazi\u0146ojum\u0101 izteicis nopietnas ba\u017eas par to, k\u0101 notikusi meite\u0146u atlase fin\u0101lam, nor\u0101dot uz iesp\u0113jam\u0101m manipul\u0101cij\u0101m vai netaisn\u012bgu iztur\u0113\u0161anos. \u0160\u0101das aps\u016bdz\u012bbas skaistumkonkursu pasaul\u0113 ir \u013coti retas un rada nopietnas jaut\u0101jumus par &#8220;Mis Visums&#8221; reput\u0101ciju.<\/p>\n<p>Atsauc\u012bba un turpm\u0101k\u0101s sekas<\/p>\n<p>Lai gan ofici\u0101lu koment\u0101ru no konkursa r\u012bkot\u0101jiem v\u0113l nav, publiskaj\u0101 telp\u0101 izskan da\u017e\u0101das spekul\u0101cijas. Da\u017ei nor\u0101da, ka \u0161\u012b situ\u0101cija var\u0113tu negat\u012bvi ietekm\u0113t konkursa turpm\u0101ko norisi un uzticam\u012bbu. Citi cer, ka tas kalpos k\u0101 pamats turpm\u0101kiem uzlabojumiem un liel\u0101kas atkl\u0101t\u012bbas nodro\u0161in\u0101\u0161anai n\u0101kotn\u0113. Fin\u0101la izn\u0101kums un visa konkursa gaisotne nu ir apv\u012bta skaidr\u012bbas tr\u016bkuma un iesp\u0113jama skand\u0101la noska\u0146\u0101.<\/p>\n","protected":false},"excerpt":{"rendered":"Skaistumkonkursa &#8220;Mis Visums&#8221; aizkulis\u0113s valda nezi\u0146a un dr\u0101ma Presti\u017eais skaistumkonkurss &#8220;Mis Visums&#8221; piedz\u012bvo satricin\u0101jumus vien da\u017eas dienas pirms&hellip;\n","protected":false},"author":2,"featured_media":54108,"comment_status":"","ping_status":"","sticky":false,"template":"","format":"standard","meta":{"footnotes":""},"categories":[19],"tags":[14757,89,14756,90,35,39,38,36,37,34,40,14753,14754,14755],"class_list":{"0":"post-54107","1":"post","2":"type-post","3":"status-publish","4":"format-standard","5":"has-post-thumbnail","7":"category-izklaide","8":"tag-caurspidiguma-trukums","9":"tag-entertainment","10":"tag-finalistu-atlase","11":"tag-izklaide","12":"tag-latvia","13":"tag-latvian","14":"tag-latviesu","15":"tag-latviesu-valoda","16":"tag-latviesuvaloda","17":"tag-latvija","18":"tag-lv","19":"tag-mis-visums-skandals","20":"tag-skaistumkonkurss","21":"tag-tiesnesa-atkapsanas"},"share_on_mastodon":{"url":"https:\/\/pubeurope.com\/@lv\/115579233451017943","error":""},"_links":{"self":[{"href":"https:\/\/www.europesays.com\/lv\/wp-json\/wp\/v2\/posts\/54107","targetHints":{"allow":["GET"]}}],"collection":[{"href":"https:\/\/www.europesays.com\/lv\/wp-json\/wp\/v2\/posts"}],"about":[{"href":"https:\/\/www.europesays.com\/lv\/wp-json\/wp\/v2\/types\/post"}],"author":[{"embeddable":true,"href":"https:\/\/www.europesays.com\/lv\/wp-json\/wp\/v2\/users\/2"}],"replies":[{"embeddable":true,"href":"https:\/\/www.europesays.com\/lv\/wp-json\/wp\/v2\/comments?post=54107"}],"version-history":[{"count":0,"href":"https:\/\/www.europesays.com\/lv\/wp-json\/wp\/v2\/posts\/54107\/revisions"}],"wp:featuredmedia":[{"embeddable":true,"href":"https:\/\/www.europesays.com\/lv\/wp-json\/wp\/v2\/media\/54108"}],"wp:attachment":[{"href":"https:\/\/www.europesays.com\/lv\/wp-json\/wp\/v2\/media?parent=54107"}],"wp:term":[{"taxonomy":"category","embeddable":true,"href":"https:\/\/www.europesays.com\/lv\/wp-json\/wp\/v2\/categories?post=54107"},{"taxonomy":"post_tag","embeddable":true,"href":"https:\/\/www.europesays.com\/lv\/wp-json\/wp\/v2\/tags?post=54107"}],"curies":[{"name":"wp","href":"https:\/\/api.w.org\/{rel}","templated":true}]}}