{"id":5411,"date":"2025-09-26T08:00:07","date_gmt":"2025-09-26T08:00:07","guid":{"rendered":"https:\/\/www.europesays.com\/lv\/5411\/"},"modified":"2025-09-26T08:00:07","modified_gmt":"2025-09-26T08:00:07","slug":"temeju-mest-vel-divus-metrus-talak-vieglatletika-sportacentrs-com","status":"publish","type":"post","link":"https:\/\/www.europesays.com\/lv\/5411\/","title":{"rendered":"&#8220;T\u0113m\u0113ju mest v\u0113l divus metrus t\u0101l\u0101k&#8221; \u2013 Vieglatl\u0113tika \u2013 Sportacentrs.com"},"content":{"rendered":"<p>29 gadus vec\u0101 Anete Sieti\u0146a pag\u0101ju\u0161aj\u0101 ned\u0113\u013cas nogal\u0113 Jap\u0101n\u0101 piedz\u012bvoja savas karjeras spo\u017e\u0101ko mirkli, izc\u012bnot sudrabu pasaules \u010dempion\u0101t\u0101. Par piedz\u012bvotaj\u0101m emocij\u0101m sarun\u0101 ar mediju p\u0101rst\u0101vjiem sportiste teica: &#8220;Esmu \u013coti, \u013coti priec\u012bga. V\u0113l l\u012bdz galam nav aptverts tas viss, kas notiek. Dom\u0101ju, ka paies laiks, patur\u0113\u0161u kakl\u0101 ilg\u0101k \u0161o meda\u013cu un tad aptver\u0161u to visu.&#8221;<\/p>\n<p>&#8220;Viss ce\u013c\u0161 no b\u0113rna k\u0101jas l\u012bdz \u0161ai dienai. Tas ir bijis pak\u0101penisks process, kas likumsakar\u012bgi ir novedis l\u012bdz \u0161ai meda\u013cai,&#8221; kl\u0101st\u012bja vieglatl\u0113te, kura Tokij\u0101 ar p\u0113d\u0113jo metienu person\u012bg\u0101 rekorda apjom\u0101 (64,64 metri) no tre\u0161\u0101s poz\u012bcijas pac\u0113l\u0101s l\u012bdz sudraba meda\u013cu dodo\u0161ajai vietai.<\/p>\n<p>Pirms diviem gadiem Budape\u0161t\u0101 pasaules \u010dempion\u0101t\u0101 pirms p\u0113d\u0113j\u0101s metienu s\u0113rijas tobr\u012bd v\u0113l Koci\u0146as uzv\u0101rdu neso\u0161\u0101 sportiste ar\u012b bija sudraba poz\u012bcij\u0101, bet divas konkurentes ar saviem metieniem izst\u016bma latvieti no meda\u013cnie\u010du pulka. Tagad, protams, bija liels prieks b\u016bt tai, kura uzlabo savas poz\u012bcijas ar p\u0113d\u0113jiem raid\u012bjumiem, par ko Sieti\u0146a izteic\u0101s: &#8220;Tas bija salds mirklis. P\u0113c piekt\u0101 metiena zin\u0101ju, ka bez meda\u013cas m\u0101j\u0101s neie\u0161u.&#8221;<\/p>\n<p>Iepriek\u0161 Sieti\u0146a atkl\u0101ja, ka meda\u013cu velta 2023. gad\u0101 m\u016b\u017e\u012bb\u0101 aizg\u0101ju\u0161ajai le\u0123end\u0101rajai \u0161\u0137\u0113pme\u0161anas trenerei Valent\u012bnai Eidukai. \u0160odien lidost\u0101 sportiste ar\u012b pateic\u0101s p\u0101r\u0113jiem treneriem, kuri pal\u012bdz\u0113ju\u0161i ce\u013c\u0101 l\u012bdz godalgas izc\u012bn\u012b\u0161anai: &#8220;Esmu pateic\u012bga ar\u012b manai pirmajai trenerei Rasmai Turkai. Vi\u0146a \u0161eit pat st\u0101v. Vi\u0146a no Salacgr\u012bvas izveda mani l\u012bdz lielajai skatuvei. Paldies Indrai Eversonei un ar\u012b \u0161\u012b br\u012b\u017ea trenerim Gintam Palameikam, kur\u0161 ieguld\u012bja \u013coti lielu darbu, lai es atrastos \u0161eit. Es dom\u0101ju, ka tas nav viss, ko m\u0113s kop\u0101 varam. Esam str\u0101d\u0101ju\u0161i kop\u0101 \u010detrus gadus un dom\u0101ju, ka varam v\u0113l k\u0101du meda\u013cu m\u0101j\u0101s atvest.&#8221;<\/p>\n<p>Port\u0101la Sportacentrs.com galvenais redaktors J\u0101nis Celmi\u0146\u0161 pasaules vice\u010dempionei uzdeva jaut\u0101jumu, vai Latvijas vieglatl\u0113tiem pieejami apst\u0101k\u013ci ir pietiekami tuvi statusam k\u0101ds nu ir ieg\u016bts ar izc\u012bn\u012bto sudraba meda\u013cu. Sportiste neiedzi\u013cin\u0101j\u0101s Latvijas vieglatl\u0113tikas sistem\u0101tisko jaut\u0101jumu risin\u0101\u0161an\u0101, bet izc\u0113la individu\u0101lo pieeju procesam: &#8220;Tas ir atkar\u012bgs individu\u0101li no cilv\u0113ka. Es sevi uzskatu par \u013coti lielu fan\u0101tu. \u0160\u0137\u0113pme\u0161an\u0101, vieglatl\u0113tik\u0101, sport\u0101 ir vajadz\u012bgs \u013coti liels raksturs, darba sp\u0113jas, darba griba un c\u012b\u0146asspars. Protams lielu atbalstu dod Latvijas Olimpisk\u0101 komiteja un Latvijas Vieglatl\u0113tikas savien\u012bba. Beidzot R\u012bg\u0101 ir man\u0113\u017ea! Par to esam \u013coti priec\u012bgi. Tas viss ir likumsakar\u012bgi sak\u0101rtojies, bet visp\u0101r\u0113ji tas ir atkar\u012bgs individu\u0101li no cilv\u0113ka.&#8221;<\/p>\n<p>&#8220;Person\u012bgais rekords n\u0101ca \u013coti ilgi un centimetri kl\u0101t ir pielikti diezgan maz. \u0160obr\u012bd ar treneri t\u0113m\u0113jam uz ko v\u0113l augst\u0101ku rezult\u0101ta zi\u0146\u0101, kas b\u016btu v\u0113l vismaz divi metri. P\u0113c tam tas viss ir j\u0101skat\u0101s no apst\u0101k\u013cu sakrit\u012bbas, formas un visa p\u0101r\u0113j\u0101,&#8221; teica Sieti\u0146a, kurai iepriek\u0161\u0113jais karjeras lab\u0101kais metiens tur\u0113j\u0101s kop\u0161 2017. gada Eiropas U23 \u010dempion\u0101ta, kad sportistei padev\u0101s raid\u012bjums 64,47 metru t\u0101lum\u0101. Tagad pasaules \u010dempion\u0101t\u0101 lab\u0101kais person\u012bgais sasniegums tika uzspodrin\u0101ts par 17 centimetriem.<\/p>\n<p>Par iesp\u0113j\u0101m pielikt nosauktos divus metrus Sieti\u0146a sprieda: &#8220;Tehniskais izpild\u012bjums un sp\u0113ks. Dom\u0101ju, ka \u0161obr\u012bd esmu vien\u0101 no lab\u0101kajiem posmiem sportista karjer\u0101, kas cerams b\u016bs trumpis man\u0101 n\u0101kotnes sagatavo\u0161an\u0101s posm\u0101.&#8221;<\/p>\n","protected":false},"excerpt":{"rendered":"29 gadus vec\u0101 Anete Sieti\u0146a pag\u0101ju\u0161aj\u0101 ned\u0113\u013cas nogal\u0113 Jap\u0101n\u0101 piedz\u012bvoja savas karjeras spo\u017e\u0101ko mirkli, izc\u012bnot sudrabu pasaules \u010dempion\u0101t\u0101.&hellip;\n","protected":false},"author":2,"featured_media":5412,"comment_status":"","ping_status":"","sticky":false,"template":"","format":"standard","meta":{"footnotes":""},"categories":[5],"tags":[23,28,29,32,33,22,30,31,35,39,38,36,37,34,40,20,26,27,24,25,434,21],"class_list":{"0":"post-5411","1":"post","2":"type-post","3":"status-publish","4":"format-standard","5":"has-post-thumbnail","7":"category-aktualitates","8":"tag-aktualitates","9":"tag-breaking-news","10":"tag-breakingnews","11":"tag-featured-news","12":"tag-featurednews","13":"tag-headlines","14":"tag-latest-news","15":"tag-latestnews","16":"tag-latvia","17":"tag-latvian","18":"tag-latviesu","19":"tag-latviesu-valoda","20":"tag-latviesuvaloda","21":"tag-latvija","22":"tag-lv","23":"tag-news","24":"tag-popularakas-zinas","25":"tag-popularakaszinas","26":"tag-top-stories","27":"tag-topstories","28":"tag-vieglatletika","29":"tag-zinas"},"share_on_mastodon":{"url":"","error":""},"_links":{"self":[{"href":"https:\/\/www.europesays.com\/lv\/wp-json\/wp\/v2\/posts\/5411","targetHints":{"allow":["GET"]}}],"collection":[{"href":"https:\/\/www.europesays.com\/lv\/wp-json\/wp\/v2\/posts"}],"about":[{"href":"https:\/\/www.europesays.com\/lv\/wp-json\/wp\/v2\/types\/post"}],"author":[{"embeddable":true,"href":"https:\/\/www.europesays.com\/lv\/wp-json\/wp\/v2\/users\/2"}],"replies":[{"embeddable":true,"href":"https:\/\/www.europesays.com\/lv\/wp-json\/wp\/v2\/comments?post=5411"}],"version-history":[{"count":0,"href":"https:\/\/www.europesays.com\/lv\/wp-json\/wp\/v2\/posts\/5411\/revisions"}],"wp:featuredmedia":[{"embeddable":true,"href":"https:\/\/www.europesays.com\/lv\/wp-json\/wp\/v2\/media\/5412"}],"wp:attachment":[{"href":"https:\/\/www.europesays.com\/lv\/wp-json\/wp\/v2\/media?parent=5411"}],"wp:term":[{"taxonomy":"category","embeddable":true,"href":"https:\/\/www.europesays.com\/lv\/wp-json\/wp\/v2\/categories?post=5411"},{"taxonomy":"post_tag","embeddable":true,"href":"https:\/\/www.europesays.com\/lv\/wp-json\/wp\/v2\/tags?post=5411"}],"curies":[{"name":"wp","href":"https:\/\/api.w.org\/{rel}","templated":true}]}}