{"id":54133,"date":"2025-11-20T01:52:13","date_gmt":"2025-11-20T01:52:13","guid":{"rendered":"https:\/\/www.europesays.com\/lv\/54133\/"},"modified":"2025-11-20T01:52:13","modified_gmt":"2025-11-20T01:52:13","slug":"eirogrupas-priekssedetajs-atkapjas-no-amata-lai-stradatu-pasaules-banka","status":"publish","type":"post","link":"https:\/\/www.europesays.com\/lv\/54133\/","title":{"rendered":"Eirogrupas priek\u0161s\u0113d\u0113t\u0101js atk\u0101pjas no amata, lai str\u0101d\u0101tu Pasaules Bank\u0101"},"content":{"rendered":"<p>Donohou atk\u0101pies ar\u012b no \u012arijas finan\u0161u ministra amata.<\/p>\n<p>Eirogrupas priek\u0161s\u0113d\u0113t\u0101ja amat\u0101 Donohou st\u0101j\u0101s 2020. gad\u0101. Vi\u0146a pilnvaru laik\u0101 Eiropas vienot\u0101s val\u016btas zona sask\u0101r\u0101s ar negat\u012bvaj\u0101m sek\u0101m, ko rad\u012bja koronav\u012brusa pand\u0113mija un Krievijas s\u0101ktais pilna apm\u0113ra kar\u0161 Ukrain\u0101, Horv\u0101tija ieviesa eiro, ka ar\u012b tika pie\u0146emts l\u0113mums par Bulg\u0101rijas uz\u0146em\u0161anu eirozon\u0101 2026. gad\u0101.<\/p>\n<p>Donohou k\u013c\u016bs par vienu no Pasaules Bankas grupas r\u012bkot\u0101jdirektoriem.<\/p>\n<p>Pagaid\u0101m priek\u0161s\u0113d\u0113t\u0101ja pien\u0101kumus pild\u012bs Kipras finan\u0161u ministrs Makis Keravns.<\/p>\n","protected":false},"excerpt":{"rendered":"Donohou atk\u0101pies ar\u012b no \u012arijas finan\u0161u ministra amata. Eirogrupas priek\u0161s\u0113d\u0113t\u0101ja amat\u0101 Donohou st\u0101j\u0101s 2020. gad\u0101. Vi\u0146a pilnvaru laik\u0101&hellip;\n","protected":false},"author":2,"featured_media":54134,"comment_status":"","ping_status":"","sticky":false,"template":"","format":"standard","meta":{"footnotes":""},"categories":[14],"tags":[23,57,28,29,14765,514,32,33,22,4458,30,31,35,39,38,36,37,34,40,20,26,27,24,25,54,55,56,21,58],"class_list":{"0":"post-54133","1":"post","2":"type-post","3":"status-publish","4":"format-standard","5":"has-post-thumbnail","7":"category-zinas-no-arvalstim","8":"tag-aktualitates","9":"tag-arvalstim","10":"tag-breaking-news","11":"tag-breakingnews","12":"tag-eirogrupa","13":"tag-eiropas-savieniba","14":"tag-featured-news","15":"tag-featurednews","16":"tag-headlines","17":"tag-irija","18":"tag-latest-news","19":"tag-latestnews","20":"tag-latvia","21":"tag-latvian","22":"tag-latviesu","23":"tag-latviesu-valoda","24":"tag-latviesuvaloda","25":"tag-latvija","26":"tag-lv","27":"tag-news","28":"tag-popularakas-zinas","29":"tag-popularakaszinas","30":"tag-top-stories","31":"tag-topstories","32":"tag-world","33":"tag-world-news","34":"tag-worldnews","35":"tag-zinas","36":"tag-zinas-no-arvalstim"},"share_on_mastodon":{"url":"https:\/\/pubeurope.com\/@lv\/115579528358930408","error":""},"_links":{"self":[{"href":"https:\/\/www.europesays.com\/lv\/wp-json\/wp\/v2\/posts\/54133","targetHints":{"allow":["GET"]}}],"collection":[{"href":"https:\/\/www.europesays.com\/lv\/wp-json\/wp\/v2\/posts"}],"about":[{"href":"https:\/\/www.europesays.com\/lv\/wp-json\/wp\/v2\/types\/post"}],"author":[{"embeddable":true,"href":"https:\/\/www.europesays.com\/lv\/wp-json\/wp\/v2\/users\/2"}],"replies":[{"embeddable":true,"href":"https:\/\/www.europesays.com\/lv\/wp-json\/wp\/v2\/comments?post=54133"}],"version-history":[{"count":0,"href":"https:\/\/www.europesays.com\/lv\/wp-json\/wp\/v2\/posts\/54133\/revisions"}],"wp:featuredmedia":[{"embeddable":true,"href":"https:\/\/www.europesays.com\/lv\/wp-json\/wp\/v2\/media\/54134"}],"wp:attachment":[{"href":"https:\/\/www.europesays.com\/lv\/wp-json\/wp\/v2\/media?parent=54133"}],"wp:term":[{"taxonomy":"category","embeddable":true,"href":"https:\/\/www.europesays.com\/lv\/wp-json\/wp\/v2\/categories?post=54133"},{"taxonomy":"post_tag","embeddable":true,"href":"https:\/\/www.europesays.com\/lv\/wp-json\/wp\/v2\/tags?post=54133"}],"curies":[{"name":"wp","href":"https:\/\/api.w.org\/{rel}","templated":true}]}}