{"id":54148,"date":"2025-11-20T02:55:09","date_gmt":"2025-11-20T02:55:09","guid":{"rendered":"https:\/\/www.europesays.com\/lv\/54148\/"},"modified":"2025-11-20T02:55:09","modified_gmt":"2025-11-20T02:55:09","slug":"legendas-un-latviesu-piedzivojumi-japana-lente-lv","status":"publish","type":"post","link":"https:\/\/www.europesays.com\/lv\/54148\/","title":{"rendered":"Le\u0123endas&#8221; un latvie\u0161u piedz\u012bvojumi Jap\u0101n\u0101\u00a0\u2014\u00a0Lente.lv"},"content":{"rendered":"<p>Jaunumi izklaides pasaul\u0113<\/p>\n<p>\u0160oned\u0113\u013c \u201cTet TV+\u201d izklaides platforma sola aizraujo\u0161u ned\u0113\u013cu ar daudzveid\u012bgu saturu, kas piem\u0113rots da\u017e\u0101d\u0101m gaum\u0113m. Skat\u012bt\u0101jiem tiek pied\u0101v\u0101ta iesp\u0113ja atgriezties pie iem\u012b\u013cotiem varo\u0146iem anim\u0101cijas film\u0101 \u201cSliktie 2\u201d, izbaud\u012bt spriedzi \u201cKarat\u0113 puika: Le\u0123endas\u201d un sekot l\u012bdzi Latvijas person\u012bbu piedz\u012bvojumiem saulainaj\u0101 Jap\u0101n\u0101 \u0161ov\u0101 \u201c\u010cetri uz koferiem\u201d. \u0160ie jaunumi garant\u0113 neaizmirstamus mirk\u013cus un k\u0101rt\u012bgu devu izklaides.<\/p>\n<p>Filmu pasaules jaunumi<\/p>\n<p>Anim\u0113t\u0101s piedz\u012bvojumu filmas \u201cSliktie 2\u201d turpin\u0101jum\u0101 atgrie\u017eas le\u0123end\u0101rais laup\u012bt\u0101ju piecinieks: Misters Vilks, Misters \u010c\u016bska, Misters Piraija, Misters Haizivs un Mis Tarantula. \u0160oreiz vi\u0146i ne tikai cen\u0161as pier\u0101d\u012bt, ka ir \u201clab\u0101kie no lab\u0101kajiem\u201d, bet pret savu gribu tiek ierauti jaud\u012bg\u0101 pasaules m\u0113roga aplaup\u012b\u0161anas projekt\u0101, ko pl\u0101no nosl\u0113pumain\u0101 komanda \u2013 \u201cSlikt\u0101s meitenes\u201d. Filma sola ne tikai dinamiskus notikumus un humoru, bet ar\u012b jaut\u0101jumus par to, vai k\u0101dreiz\u0113jie \u013caundari sp\u0113s notur\u0113ties \u201clabo\u201d komand\u0101 un k\u0101di galvu reibino\u0161i piedz\u012bvojumi vi\u0146us sagaida. Lai izbaud\u012btu \u0161o piedz\u012bvojumu, filma pieejama \u201cTet\u201d telev\u012bzijas sada\u013c\u0101 \u201cFilmu noma\u201d.<\/p>\n<p>Savuk\u0101rt \u201cKarat\u0113 puika: Le\u0123endas\u201d pied\u0101v\u0101 spriedzes pilnu un emocion\u0101li pies\u0101tin\u0101tu st\u0101stu, apvienojot slavenus c\u012b\u0146as m\u0101kslu meistarus no popul\u0101ras filmu fran\u0161\u012bzes. Filma seko jaunajam kungfu talantam L\u012b Fongam, kur\u0161, p\u0101rce\u013coties uz \u0145ujorku, atrod draugus, bet dr\u012bz vien saskaras ar viet\u0113j\u0101 karat\u0113 \u010dempiona naidpilno uzman\u012bbu. Iedvesmojoties no sava kungfu skolot\u0101ja Hana kunga un le\u0123end\u0101r\u0101 Karat\u0113 puikas Daniela LaRusso padomiem, L\u012b apvieno unik\u0101lus stilus, lai sagatavotos episkai c\u012b\u0146ai. \u0160o aizraujo\u0161o dr\u0101mu visai \u0123imenei var noskat\u012bties \u201cTet\u201d telev\u012bzijas sada\u013c\u0101 \u201cFilmas un seri\u0101li\u201d.<\/p>\n<p>Latvie\u0161u ce\u013cojums uz Jap\u0101nu<\/p>\n<p>Par spilgt\u0101kajiem iespaidiem un piedz\u012bvojumiem \u0161oned\u0113\u013c priec\u0113s ar\u012b pa\u0161m\u0101ju ce\u013cojumu \u0161ova \u201c\u010cetri uz koferiem\u201d jaun\u0101 sezona, kur\u0101 dal\u012bbnieki dodas uz eksotisko Jap\u0101nu. Psihoterapeite Di\u0101na Zande, multim\u0101kslinieks Ka\u0161ers un aktrise Anete Bendika \u0161oreiz ce\u013co kop\u0101 ar skat\u012bt\u0101ju izv\u0113l\u0113to ceturto dal\u012bbnieku, pas\u0101kumu vad\u012bt\u0101ju Armandu Simsonu. Vi\u0146u ce\u013cojums sol\u0101s b\u016bt kr\u0101\u0161\u0146s, atkl\u0101jot gan sen\u0101s trad\u012bcijas, gan moderno tehnolo\u0123iju pasauli Jap\u0101n\u0101, ko papildin\u0101s neaizmirstami gar\u0161u piedz\u012bvojumi un p\u0101rsteidzo\u0161i notikumi. Skat\u012bt\u0101jiem b\u016bs iesp\u0113ja sekot l\u012bdzi person\u012bbu atkl\u0101jumiem, iepaz\u012bstot gan Jap\u0101nas kult\u016bru, gan savstarp\u0113j\u0101s attiec\u012bbas starp ce\u013cabiedriem. Lai izbaud\u012btu \u0161o kult\u016br\u0161oku un piedz\u012bvojumu pilno braucienu, sekojiet l\u012bdzi jaunumiem \u201cTet TV+\u201d platform\u0101.<\/p>\n<p>Pla\u0161ais \u201cTet TV+\u201d satura pied\u0101v\u0101jums<\/p>\n<p>\u201cTet TV+\u201d turpina iepriecin\u0101t savus lietot\u0101jus ar pla\u0161u un daudzveid\u012bgu satura kl\u0101stu, nodro\u0161inot izklaidi ikkatram. Platform\u0101 pieejami ne tikai jaun\u0101kie filmu un seri\u0101lu jaunumi, bet ar\u012b ori\u0123in\u0101lsaturs, kas rad\u012bts \u012bpa\u0161i \u201cTet\u201d skat\u012bt\u0101jiem. Kl\u0101sts regul\u0101ri tiek papildin\u0101ts ar latvie\u0161u un starptautisku filmu un seri\u0101lu jaunumiem, k\u0101 ar\u012b ar da\u017e\u0101diem izgl\u012btojo\u0161iem un izklaid\u0113jo\u0161iem raid\u012bjumiem b\u0113rniem un pieaugu\u0161ajiem. Turkl\u0101t, baudot saturu \u201cTet TV+\u201d platform\u0101, skat\u012bt\u0101ji var izbaud\u012bt filmas un seri\u0101lus bez rekl\u0101mas pauz\u0113m, kas padara skat\u012b\u0161an\u0101s pieredzi v\u0113l pat\u012bkam\u0101ku.<\/p>\n","protected":false},"excerpt":{"rendered":"Jaunumi izklaides pasaul\u0113 \u0160oned\u0113\u013c \u201cTet TV+\u201d izklaides platforma sola aizraujo\u0161u ned\u0113\u013cu ar daudzveid\u012bgu saturu, kas piem\u0113rots da\u017e\u0101d\u0101m gaum\u0113m.&hellip;\n","protected":false},"author":2,"featured_media":54149,"comment_status":"","ping_status":"","sticky":false,"template":"","format":"standard","meta":{"footnotes":""},"categories":[19],"tags":[14768,89,90,446,14767,35,39,38,36,37,34,40,14766,4305],"class_list":{"0":"post-54148","1":"post","2":"type-post","3":"status-publish","4":"format-standard","5":"has-post-thumbnail","7":"category-izklaide","8":"tag-cetri-uz-koferiem","9":"tag-entertainment","10":"tag-izklaide","11":"tag-japana","12":"tag-karate-puika-legendas","13":"tag-latvia","14":"tag-latvian","15":"tag-latviesu","16":"tag-latviesu-valoda","17":"tag-latviesuvaloda","18":"tag-latvija","19":"tag-lv","20":"tag-sliktie-2","21":"tag-tet-tv"},"share_on_mastodon":{"url":"https:\/\/pubeurope.com\/@lv\/115579776096829895","error":""},"_links":{"self":[{"href":"https:\/\/www.europesays.com\/lv\/wp-json\/wp\/v2\/posts\/54148","targetHints":{"allow":["GET"]}}],"collection":[{"href":"https:\/\/www.europesays.com\/lv\/wp-json\/wp\/v2\/posts"}],"about":[{"href":"https:\/\/www.europesays.com\/lv\/wp-json\/wp\/v2\/types\/post"}],"author":[{"embeddable":true,"href":"https:\/\/www.europesays.com\/lv\/wp-json\/wp\/v2\/users\/2"}],"replies":[{"embeddable":true,"href":"https:\/\/www.europesays.com\/lv\/wp-json\/wp\/v2\/comments?post=54148"}],"version-history":[{"count":0,"href":"https:\/\/www.europesays.com\/lv\/wp-json\/wp\/v2\/posts\/54148\/revisions"}],"wp:featuredmedia":[{"embeddable":true,"href":"https:\/\/www.europesays.com\/lv\/wp-json\/wp\/v2\/media\/54149"}],"wp:attachment":[{"href":"https:\/\/www.europesays.com\/lv\/wp-json\/wp\/v2\/media?parent=54148"}],"wp:term":[{"taxonomy":"category","embeddable":true,"href":"https:\/\/www.europesays.com\/lv\/wp-json\/wp\/v2\/categories?post=54148"},{"taxonomy":"post_tag","embeddable":true,"href":"https:\/\/www.europesays.com\/lv\/wp-json\/wp\/v2\/tags?post=54148"}],"curies":[{"name":"wp","href":"https:\/\/api.w.org\/{rel}","templated":true}]}}