{"id":5415,"date":"2025-09-26T08:06:12","date_gmt":"2025-09-26T08:06:12","guid":{"rendered":"https:\/\/www.europesays.com\/lv\/5415\/"},"modified":"2025-09-26T08:06:12","modified_gmt":"2025-09-26T08:06:12","slug":"turcijai-jabeidz-pirkt-krievijas-naftu","status":"publish","type":"post","link":"https:\/\/www.europesays.com\/lv\/5415\/","title":{"rendered":"Turcijai j\u0101beidz pirkt Krievijas naftu"},"content":{"rendered":"<p>&#8220;Es grib\u0113tu, lai vi\u0146i p\u0101rtrauc pirkt naftu no Krievijas, kam\u0113r <a href=\"https:\/\/www.apollo.lv\/term\/555452\/krievija\" class=\"topicLink\" target=\"_blank\" rel=\"nofollow noopener\">Krievija<\/a> turpina agresiju pret Ukrainu,&#8221; Tramps sac\u012bja \u017eurn\u0101listiem pirms sarun\u0101m Baltaj\u0101 nam\u0101.<\/p>\n<p>&#8220;Vi\u0146\u0161 var b\u016btiski ietekm\u0113t kara gaitu Ukrain\u0101, ja v\u0113las, bet vi\u0146\u0161 dod priek\u0161roku palikt neitr\u0101ls,&#8221; piebilda Tramps, raksturojot Erdogana nost\u0101ju.<\/p>\n<p>P\u0113c ASV prezidenta dom\u0101m, <a href=\"https:\/\/www.apollo.lv\/term\/555475\/turcija\" class=\"topicLink\" target=\"_blank\" rel=\"nofollow noopener\">Turcija<\/a> var pal\u012bdz\u0113t nos\u0113din\u0101t Volodimiru Zelenski un Vladimiru Putinu pie sarunu galda.<\/p>\n<p>P\u0113c vi\u0146a teikt\u0101, Turcijas l\u012bderis ir &#8220;abu cien\u012bts&#8221; un var rad\u012bt &#8220;lielu ietekmi&#8221;, ja vi\u0146\u0161 to v\u0113las, lai gan \u0161obr\u012bd vi\u0146\u0161 ir &#8220;\u013coti neitr\u0101ls&#8221;.<\/p>\n<p>&#8220;Vi\u0146\u0161 paz\u012bst Putinu tikpat labi k\u0101 es,&#8221; piebilda Tramps, run\u0101jot par Turcijas l\u012bderi.<\/p>\n<p>Krievija ir izt\u0113r\u0113jusi miljardiem dol\u0101ru un &#8220;nav ieguvusi praktiski nek\u0101du teritoriju&#8221;, &#8220;es dom\u0101ju, ka ir pien\u0101cis laiks apst\u0101ties, patie\u0161\u0101m&#8221;, sac\u012bja Tramps.<\/p>\n","protected":false},"excerpt":{"rendered":"&#8220;Es grib\u0113tu, lai vi\u0146i p\u0101rtrauc pirkt naftu no Krievijas, kam\u0113r Krievija turpina agresiju pret Ukrainu,&#8221; Tramps sac\u012bja \u017eurn\u0101listiem&hellip;\n","protected":false},"author":2,"featured_media":5416,"comment_status":"","ping_status":"","sticky":false,"template":"","format":"standard","meta":{"footnotes":""},"categories":[5],"tags":[23,28,29,542,32,33,22,234,30,31,35,39,38,36,37,34,40,2421,20,26,27,24,25,2380,21],"class_list":{"0":"post-5415","1":"post","2":"type-post","3":"status-publish","4":"format-standard","5":"has-post-thumbnail","7":"category-aktualitates","8":"tag-aktualitates","9":"tag-breaking-news","10":"tag-breakingnews","11":"tag-donalds-tramps","12":"tag-featured-news","13":"tag-featurednews","14":"tag-headlines","15":"tag-krievija","16":"tag-latest-news","17":"tag-latestnews","18":"tag-latvia","19":"tag-latvian","20":"tag-latviesu","21":"tag-latviesu-valoda","22":"tag-latviesuvaloda","23":"tag-latvija","24":"tag-lv","25":"tag-nafta","26":"tag-news","27":"tag-popularakas-zinas","28":"tag-popularakaszinas","29":"tag-top-stories","30":"tag-topstories","31":"tag-turcija","32":"tag-zinas"},"share_on_mastodon":{"url":"","error":""},"_links":{"self":[{"href":"https:\/\/www.europesays.com\/lv\/wp-json\/wp\/v2\/posts\/5415","targetHints":{"allow":["GET"]}}],"collection":[{"href":"https:\/\/www.europesays.com\/lv\/wp-json\/wp\/v2\/posts"}],"about":[{"href":"https:\/\/www.europesays.com\/lv\/wp-json\/wp\/v2\/types\/post"}],"author":[{"embeddable":true,"href":"https:\/\/www.europesays.com\/lv\/wp-json\/wp\/v2\/users\/2"}],"replies":[{"embeddable":true,"href":"https:\/\/www.europesays.com\/lv\/wp-json\/wp\/v2\/comments?post=5415"}],"version-history":[{"count":0,"href":"https:\/\/www.europesays.com\/lv\/wp-json\/wp\/v2\/posts\/5415\/revisions"}],"wp:featuredmedia":[{"embeddable":true,"href":"https:\/\/www.europesays.com\/lv\/wp-json\/wp\/v2\/media\/5416"}],"wp:attachment":[{"href":"https:\/\/www.europesays.com\/lv\/wp-json\/wp\/v2\/media?parent=5415"}],"wp:term":[{"taxonomy":"category","embeddable":true,"href":"https:\/\/www.europesays.com\/lv\/wp-json\/wp\/v2\/categories?post=5415"},{"taxonomy":"post_tag","embeddable":true,"href":"https:\/\/www.europesays.com\/lv\/wp-json\/wp\/v2\/tags?post=5415"}],"curies":[{"name":"wp","href":"https:\/\/api.w.org\/{rel}","templated":true}]}}