{"id":54158,"date":"2025-11-20T03:06:13","date_gmt":"2025-11-20T03:06:13","guid":{"rendered":"https:\/\/www.europesays.com\/lv\/54158\/"},"modified":"2025-11-20T03:06:13","modified_gmt":"2025-11-20T03:06:13","slug":"nedodam-slimibas-lapas-lai-cilveks-varetu-celot-arste-un-profesore-par-darbnespejas-lapam","status":"publish","type":"post","link":"https:\/\/www.europesays.com\/lv\/54158\/","title":{"rendered":"&#8220;Nedodam slim\u012bbas lapas, lai cilv\u0113ks var\u0113tu ce\u013cot.&#8221; \u0100rste un profesore par darbnesp\u0113jas lap\u0101m"},"content":{"rendered":"<p>Laik\u0101, kad att\u0101lin\u0101tais darbs k\u013cuvis par teju ierastu praksi, darbnesp\u0113jas jeb <a rel=\"noopener nofollow\" target=\"_blank\" href=\"https:\/\/www.delfi.lv\/temas\/43202804\/slimiba\" data-rel-date-range=\"[]\">slim\u012bbas<\/a> lapas bie\u017ei vien ir k\u0101 dilemma \u2013 it k\u0101 esi slims un j\u016bties slikti, bet uz biroju ta\u010du nav j\u0101iet un no m\u0101j\u0101m t\u0101pat kaut ko var pastr\u0101d\u0101t. V\u0113l jo vair\u0101k \u2013 nevar ta\u010du pamest kol\u0113\u0123us vienus. \u0160aj\u0101 rakst\u0101 speci\u0101listi atkl\u0101j, k\u0101 darbojas slim\u012bbas lapu sist\u0113ma, k\u0101das ir tipisk\u0101k\u0101s k\u013c\u016bdas un m\u012bti un k\u0101p\u0113c aizvien bie\u017e\u0101k tie\u0161i darba kult\u016bra nosaka, vai cilv\u0113ks izv\u0113l\u0113sies \u0146emt vai ne\u0146emt darbnesp\u0113jas lapu.<\/p>\n<p>\u012asum\u0101<\/p>\n<ul>\n<li>\n<p>K\u0101p\u0113c daudzi Latvij\u0101 joproj\u0101m baid\u0101s \u0146emt slim\u012bbas lapu, pat ja vesel\u012bba liek mest mieru darbam. Ko par \u0161o fenomenu saka \u0101rsti un darba dev\u0113ji.<\/p>\n<\/li>\n<li>\n<p>K\u0101 paties\u012bb\u0101 darbojas slim\u012bbas lapu sist\u0113ma: kas to var izsniegt, uz cik garu laiku, k\u0101dos gad\u012bjumos att\u0101lin\u0101ti un k\u0101p\u0113c pacientiem rodas p\u0101rpratumi.<\/p>\n<\/li>\n<li>\n<p>K\u0101d\u0101s situ\u0101cij\u0101s cilv\u0113ki izmanto slim\u012bbas lapu pavisam citiem m\u0113r\u0137iem, nek\u0101 t\u0101 paredz\u0113ta, un k\u0101 \u0101rsti rea\u0123\u0113 \u0161\u0101d\u0101s situ\u0101cij\u0101s.<\/p>\n<\/li>\n<\/ul>\n<p>Port\u0101l\u0101 &#8220;Likumi.lv&#8221; nor\u0101d\u012bts, ka darba nesp\u0113jas gad\u012bjum\u0101 (iz\u0146emot gr\u016btniec\u012bbu, dzemd\u012bbas un slima b\u0113rna kop\u0161anu) darba dev\u0113jam j\u0101izmaks\u0101 slim\u012bbas nauda, kas ir ne maz\u0101k k\u0101 75 procenti no vid\u0113j\u0101s izpe\u013c\u0146as par otro un tre\u0161o p\u0101rejo\u0161as darba nesp\u0113jas dienu, k\u0101 ar\u012b ne maz\u0101k k\u0101 80 procenti par laiku no ceturt\u0101s darba nesp\u0113jas dienas, ta\u010du ne ilg\u0101k par devi\u0146\u0101m kalend\u0101ra dien\u0101m.<\/p>\n<p>Ta\u010du v\u0113l aizvien sabiedr\u012bb\u0101 valda skepse par slim\u012bbas lap\u0101m un ar\u012b neizpratne par to, k\u0101 \u012bsti t\u0101s darbojas, k\u0101 t\u0101s sak\u0101rtot ar savu \u0123imenes \u0101rstu un \u2013 galu gal\u0101 \u2013 vai darba dev\u0113jam par tevi uzreiz nerad\u012bsies aizdomas, ka esi slinks darbinieks. T\u0101d\u0113\u013c jomas speci\u0101listi gan no \u0101rstu, gan uz\u0146\u0113mumu vad\u012bbas puses skaidro, k\u0101 iz\u0146emt slim\u012bbas lapu un k\u0101da ir Latvijas uz\u0146\u0113mumu kop\u0113j\u0101 attieksme pret darbnesp\u0113jas lap\u0101m.<\/p>\n<p>&#8220;Vesel\u012bbas centra 4&#8221; \u0123imenes \u0101rste Eva Moreino st\u0101sta, ka cilv\u0113ki parasti izv\u0113las \u0146emt slim\u012bbas lapu, ta\u010du ir ar\u012b gad\u012bjumi, kad tas netiek dar\u012bts \u2013 ar\u012b tad, kad ir nepiecie\u0161ams. &#8220;Pirmk\u0101rt, cilv\u0113ki, kas str\u0101d\u0101 att\u0101lin\u0101ti, saka, ka vi\u0146iem nevajag slim\u012bbas lapu, ka t\u0101pat kaut k\u0101 var iztur\u0113t to dienu pie datora.&#8221;<\/p>\n<p>Te \u0101rste atg\u0101dina \u2013 ja ir temperat\u016bra un s\u0101p galva, t\u0101pat ir gr\u016bti koncentr\u0113ties un vajadz\u0113tu tom\u0113r da\u017eas dienas atp\u016bsties. &#8220;\u0160aj\u0101 zi\u0146\u0101 ir j\u0101p\u0101rliecina. Un ir konkr\u0113tu profesiju p\u0101rst\u0101vji, ar\u012b medi\u0137i, kas \u013coti nelabpr\u0101t \u0146em slim\u012bbas lapas,&#8221; nov\u0113rojusi \u0123imenes \u0101rste, te bie\u017ei vien ir satraukums gan par pierakstu, kur\u0161 izjuks, gan par pacientiem \u2013 ko vi\u0146i tagad dar\u012bs. Vi\u0146a gan atz\u012bst, ka tas ir mazliet komiski, ka pa\u0161i \u0101rsti reiz\u0113m slimi iet uz darbu, ar temperat\u016bru un iesn\u0101m, un tad atn\u0101k pacients, kur\u0161 ir mazliet slims un grib slim\u012bbas lapu.<\/p>\n<p>Lai turpin\u0101tu las\u012bt, ieg\u0101d\u0101jies abonementu.<\/p>\n<p class=\"fs-4\">L\u016bdzu, uzgaidi!<\/p>\n<p class=\"fs-5\">Piel\u0101gojam Tev piem\u0113rot\u0101ko abon\u0113\u0161anas pied\u0101v\u0101jumu&#8230;<\/p>\n<p class=\"lh-1 fs-6 text-muted pt-3 mt-5\">Abon\u0113\u0161anas pied\u0101v\u0101jums nav redzams? L\u016bdzu, izsl\u0113dz rekl\u0101mu blo\u0137\u0113t\u0101ju vai  p\u0101rl\u0101d\u0113 lapu.<br \/>Jaut\u0101jumu gad\u012bjum\u0101 raksti <a href=\"https:\/\/www.delfi.lv\/life\/56017206\/veseliba\/120095646\/mailto:konts@delfi.lv\" class=\"text-primary\" rel=\"nofollow noopener\" target=\"_blank\">konts@delfi.lv<\/a><\/p>\n<p class=\"m-0\">Seko &#8220;Delfi&#8221; ar\u012b  <a target=\"_blank\" href=\"https:\/\/www.instagram.com\/delfi.lv\/\" rel=\"nofollow noopener\">Instagram<\/a>  un <a target=\"_blank\" href=\"https:\/\/www.youtube.com\/channel\/UCw5foWtcJvAbUm64rv7jwUQ\" rel=\"nofollow noopener\">YouTube<\/a>  profil\u0101 \u2013 pievienojies, lai uzzin\u0101tu svar\u012bg\u0101ko un interesant\u0101ko pirmais!<\/p>\n<p>Publik\u0101cijas saturs vai t\u0101s jebk\u0101da apjoma da\u013ca ir aizsarg\u0101ts autorties\u012bbu objekts Autorties\u012bbu likuma izpratn\u0113, un t\u0101 izmanto\u0161ana bez izdev\u0113ja at\u013caujas ir aizliegta. Vair\u0101k lasi  <a target=\"_blank\" href=\"https:\/\/www.delfi.lv\/noteikumi#autortiesibas\" rel=\"nofollow noopener\">\u0161eit<\/a><script async src=\"\/\/www.instagram.com\/embed.js\"><\/script><\/p>\n","protected":false},"excerpt":{"rendered":"Laik\u0101, kad att\u0101lin\u0101tais darbs k\u013cuvis par teju ierastu praksi, darbnesp\u0113jas jeb slim\u012bbas lapas bie\u017ei vien ir k\u0101 dilemma&hellip;\n","protected":false},"author":2,"featured_media":54159,"comment_status":"","ping_status":"","sticky":false,"template":"","format":"standard","meta":{"footnotes":""},"categories":[5],"tags":[23,6802,28,29,11415,32,33,22,30,31,35,39,38,36,37,34,40,20,26,27,3522,14773,24,25,21],"class_list":{"0":"post-54158","1":"post","2":"type-post","3":"status-publish","4":"format-standard","5":"has-post-thumbnail","7":"category-aktualitates","8":"tag-aktualitates","9":"tag-arsts","10":"tag-breaking-news","11":"tag-breakingnews","12":"tag-dzivot-labak","13":"tag-featured-news","14":"tag-featurednews","15":"tag-headlines","16":"tag-latest-news","17":"tag-latestnews","18":"tag-latvia","19":"tag-latvian","20":"tag-latviesu","21":"tag-latviesu-valoda","22":"tag-latviesuvaloda","23":"tag-latvija","24":"tag-lv","25":"tag-news","26":"tag-popularakas-zinas","27":"tag-popularakaszinas","28":"tag-slimiba","29":"tag-slimibas-lapa","30":"tag-top-stories","31":"tag-topstories","32":"tag-zinas"},"share_on_mastodon":{"url":"https:\/\/pubeurope.com\/@lv\/115579819443841196","error":""},"_links":{"self":[{"href":"https:\/\/www.europesays.com\/lv\/wp-json\/wp\/v2\/posts\/54158","targetHints":{"allow":["GET"]}}],"collection":[{"href":"https:\/\/www.europesays.com\/lv\/wp-json\/wp\/v2\/posts"}],"about":[{"href":"https:\/\/www.europesays.com\/lv\/wp-json\/wp\/v2\/types\/post"}],"author":[{"embeddable":true,"href":"https:\/\/www.europesays.com\/lv\/wp-json\/wp\/v2\/users\/2"}],"replies":[{"embeddable":true,"href":"https:\/\/www.europesays.com\/lv\/wp-json\/wp\/v2\/comments?post=54158"}],"version-history":[{"count":0,"href":"https:\/\/www.europesays.com\/lv\/wp-json\/wp\/v2\/posts\/54158\/revisions"}],"wp:featuredmedia":[{"embeddable":true,"href":"https:\/\/www.europesays.com\/lv\/wp-json\/wp\/v2\/media\/54159"}],"wp:attachment":[{"href":"https:\/\/www.europesays.com\/lv\/wp-json\/wp\/v2\/media?parent=54158"}],"wp:term":[{"taxonomy":"category","embeddable":true,"href":"https:\/\/www.europesays.com\/lv\/wp-json\/wp\/v2\/categories?post=54158"},{"taxonomy":"post_tag","embeddable":true,"href":"https:\/\/www.europesays.com\/lv\/wp-json\/wp\/v2\/tags?post=54158"}],"curies":[{"name":"wp","href":"https:\/\/api.w.org\/{rel}","templated":true}]}}