{"id":54190,"date":"2025-11-20T04:43:13","date_gmt":"2025-11-20T04:43:13","guid":{"rendered":"https:\/\/www.europesays.com\/lv\/54190\/"},"modified":"2025-11-20T04:43:13","modified_gmt":"2025-11-20T04:43:13","slug":"tramps-paraksta-likumu-par-epstina-lietu-publiskosanu","status":"publish","type":"post","link":"https:\/\/www.europesays.com\/lv\/54190\/","title":{"rendered":"Tramps paraksta likumu par Epst\u012bna lietu publisko\u0161anu"},"content":{"rendered":"<p>ASV prezidents Donalds Tramps tre\u0161dien parakst\u012bja likumu, kas pieprasa publiskot vald\u012bbas dokumentus par dzimumnoziedznieku D\u017eefriju Epst\u012bnu.<\/p>\n<p>&#8220;Tikl\u012bdz prezidents ir parakst\u012bjis likumu, vi\u0146am tas ir uztic\u012bgi j\u0101piem\u0113ro un j\u0101pilda (..) Vi\u0146\u0161 nedr\u012bkst izmantot k\u0101 attaisnojumu frivolas izmekl\u0113\u0161anas, lai publiskotu da\u017eus Epst\u012bna dokumentus, t\u012b\u0161upr\u0101t sl\u0113pjot citus, kurus amerik\u0101\u0146u sabiedr\u012bba ir peln\u012bjusi redz\u0113t,&#8221; sav\u0101 run\u0101 Sen\u0101t\u0101 br\u012bdin\u0101ja Sen\u0101ta demokr\u0101tu maz\u0101kuma l\u012bderis \u010caks \u0160\u016bmers.<\/p>\n<p class=\"m-0\">Seko &#8220;Delfi&#8221; ar\u012b  <a target=\"_blank\" href=\"https:\/\/www.instagram.com\/delfi.lv\/\" rel=\"nofollow noopener\">Instagram<\/a>  un <a target=\"_blank\" href=\"https:\/\/www.youtube.com\/channel\/UCw5foWtcJvAbUm64rv7jwUQ\" rel=\"nofollow noopener\">YouTube<\/a>  profil\u0101 \u2013 pievienojies, lai uzzin\u0101tu svar\u012bg\u0101ko un interesant\u0101ko pirmais!<\/p>\n<p>Publik\u0101cijas saturs vai t\u0101s jebk\u0101da apjoma da\u013ca ir aizsarg\u0101ts autorties\u012bbu objekts Autorties\u012bbu likuma izpratn\u0113, un t\u0101 izmanto\u0161ana bez izdev\u0113ja at\u013caujas ir aizliegta. Vair\u0101k lasi  <a target=\"_blank\" href=\"https:\/\/www.delfi.lv\/noteikumi#autortiesibas\" rel=\"nofollow noopener\">\u0161eit<\/a><script async src=\"\/\/www.instagram.com\/embed.js\"><\/script><\/p>\n","protected":false},"excerpt":{"rendered":"ASV prezidents Donalds Tramps tre\u0161dien parakst\u012bja likumu, kas pieprasa publiskot vald\u012bbas dokumentus par dzimumnoziedznieku D\u017eefriju Epst\u012bnu. &#8220;Tikl\u012bdz prezidents&hellip;\n","protected":false},"author":2,"featured_media":54191,"comment_status":"","ping_status":"","sticky":false,"template":"","format":"standard","meta":{"footnotes":""},"categories":[5],"tags":[23,292,28,29,542,32,33,22,30,31,35,39,38,36,37,34,40,20,26,27,24,25,21],"class_list":{"0":"post-54190","1":"post","2":"type-post","3":"status-publish","4":"format-standard","5":"has-post-thumbnail","7":"category-aktualitates","8":"tag-aktualitates","9":"tag-asv","10":"tag-breaking-news","11":"tag-breakingnews","12":"tag-donalds-tramps","13":"tag-featured-news","14":"tag-featurednews","15":"tag-headlines","16":"tag-latest-news","17":"tag-latestnews","18":"tag-latvia","19":"tag-latvian","20":"tag-latviesu","21":"tag-latviesu-valoda","22":"tag-latviesuvaloda","23":"tag-latvija","24":"tag-lv","25":"tag-news","26":"tag-popularakas-zinas","27":"tag-popularakaszinas","28":"tag-top-stories","29":"tag-topstories","30":"tag-zinas"},"share_on_mastodon":{"url":"https:\/\/pubeurope.com\/@lv\/115580200817250572","error":""},"_links":{"self":[{"href":"https:\/\/www.europesays.com\/lv\/wp-json\/wp\/v2\/posts\/54190","targetHints":{"allow":["GET"]}}],"collection":[{"href":"https:\/\/www.europesays.com\/lv\/wp-json\/wp\/v2\/posts"}],"about":[{"href":"https:\/\/www.europesays.com\/lv\/wp-json\/wp\/v2\/types\/post"}],"author":[{"embeddable":true,"href":"https:\/\/www.europesays.com\/lv\/wp-json\/wp\/v2\/users\/2"}],"replies":[{"embeddable":true,"href":"https:\/\/www.europesays.com\/lv\/wp-json\/wp\/v2\/comments?post=54190"}],"version-history":[{"count":0,"href":"https:\/\/www.europesays.com\/lv\/wp-json\/wp\/v2\/posts\/54190\/revisions"}],"wp:featuredmedia":[{"embeddable":true,"href":"https:\/\/www.europesays.com\/lv\/wp-json\/wp\/v2\/media\/54191"}],"wp:attachment":[{"href":"https:\/\/www.europesays.com\/lv\/wp-json\/wp\/v2\/media?parent=54190"}],"wp:term":[{"taxonomy":"category","embeddable":true,"href":"https:\/\/www.europesays.com\/lv\/wp-json\/wp\/v2\/categories?post=54190"},{"taxonomy":"post_tag","embeddable":true,"href":"https:\/\/www.europesays.com\/lv\/wp-json\/wp\/v2\/tags?post=54190"}],"curies":[{"name":"wp","href":"https:\/\/api.w.org\/{rel}","templated":true}]}}