{"id":5421,"date":"2025-09-26T08:14:04","date_gmt":"2025-09-26T08:14:04","guid":{"rendered":"https:\/\/www.europesays.com\/lv\/5421\/"},"modified":"2025-09-26T08:14:04","modified_gmt":"2025-09-26T08:14:04","slug":"zinams-kas-noticis-ar-miljoniem-lielo-zotas-algu-pec-vina-naves","status":"publish","type":"post","link":"https:\/\/www.europesays.com\/lv\/5421\/","title":{"rendered":"Zin\u0101ms, kas noticis ar miljoniem lielo \u017dotas algu p\u0113c vi\u0146a n\u0101ves"},"content":{"rendered":"<p>&#8221;Tas ir tas, kas manu darbu \u0161aj\u0101 klub\u0101 padara tik \u012bpa\u0161u. Str\u0101d\u0101ju viet\u0101, kur p\u0113c pan\u0101kumiem seko milz\u012bgas svin\u012bbas, ta\u010du gandr\u012bz k\u013c\u016bstu emocion\u0101ls, tikai dom\u0101jot par to, ko fani paveiku\u0161i kop\u0161 tra\u0123\u0113dijas \u2013 cik daudz ziedu bija pie ar\u0113nas, visi piemi\u0146as br\u012b\u017ei. Un ar\u012b m\u016bsu futbolisti \u2013 k\u0101 vi\u0146i iztur\u0113j\u0101s gan b\u0113ru laik\u0101, gan ap t\u0101m. Un tad atkal j\u0101atgrie\u017eas kop\u012bgajos treni\u0146os. Ir br\u012b\u017ei, kad sev jaut\u0101ju: &#8220;Ko gan vi\u0146a sieva un b\u0113rni \u0161obr\u012bd j\u016bt?&#8221;&#8216;<\/p>\n","protected":false},"excerpt":{"rendered":"&#8221;Tas ir tas, kas manu darbu \u0161aj\u0101 klub\u0101 padara tik \u012bpa\u0161u. Str\u0101d\u0101ju viet\u0101, kur p\u0113c pan\u0101kumiem seko milz\u012bgas&hellip;\n","protected":false},"author":2,"featured_media":5422,"comment_status":"","ping_status":"","sticky":false,"template":"","format":"standard","meta":{"footnotes":""},"categories":[17],"tags":[2109,676,1375,35,39,38,36,37,34,40,67,2425],"class_list":{"0":"post-5421","1":"post","2":"type-post","3":"status-publish","4":"format-standard","5":"has-post-thumbnail","7":"category-sports","8":"tag-autoavarija","9":"tag-futbols","10":"tag-futbols-pasaule","11":"tag-latvia","12":"tag-latvian","13":"tag-latviesu","14":"tag-latviesu-valoda","15":"tag-latviesuvaloda","16":"tag-latvija","17":"tag-lv","18":"tag-sports","19":"tag-tragedija"},"share_on_mastodon":{"url":"","error":""},"_links":{"self":[{"href":"https:\/\/www.europesays.com\/lv\/wp-json\/wp\/v2\/posts\/5421","targetHints":{"allow":["GET"]}}],"collection":[{"href":"https:\/\/www.europesays.com\/lv\/wp-json\/wp\/v2\/posts"}],"about":[{"href":"https:\/\/www.europesays.com\/lv\/wp-json\/wp\/v2\/types\/post"}],"author":[{"embeddable":true,"href":"https:\/\/www.europesays.com\/lv\/wp-json\/wp\/v2\/users\/2"}],"replies":[{"embeddable":true,"href":"https:\/\/www.europesays.com\/lv\/wp-json\/wp\/v2\/comments?post=5421"}],"version-history":[{"count":0,"href":"https:\/\/www.europesays.com\/lv\/wp-json\/wp\/v2\/posts\/5421\/revisions"}],"wp:featuredmedia":[{"embeddable":true,"href":"https:\/\/www.europesays.com\/lv\/wp-json\/wp\/v2\/media\/5422"}],"wp:attachment":[{"href":"https:\/\/www.europesays.com\/lv\/wp-json\/wp\/v2\/media?parent=5421"}],"wp:term":[{"taxonomy":"category","embeddable":true,"href":"https:\/\/www.europesays.com\/lv\/wp-json\/wp\/v2\/categories?post=5421"},{"taxonomy":"post_tag","embeddable":true,"href":"https:\/\/www.europesays.com\/lv\/wp-json\/wp\/v2\/tags?post=5421"}],"curies":[{"name":"wp","href":"https:\/\/api.w.org\/{rel}","templated":true}]}}