{"id":54215,"date":"2025-11-20T05:15:07","date_gmt":"2025-11-20T05:15:07","guid":{"rendered":"https:\/\/www.europesays.com\/lv\/54215\/"},"modified":"2025-11-20T05:15:07","modified_gmt":"2025-11-20T05:15:07","slug":"es-negribu-but-tendence-es-gribu-but-es-pati-lente-lv","status":"publish","type":"post","link":"https:\/\/www.europesays.com\/lv\/54215\/","title":{"rendered":"\u201cEs negribu b\u016bt tendence, es gribu b\u016bt es pati\u201d\u00a0\u2014\u00a0Lente.lv"},"content":{"rendered":"<p>Jaun\u0101s dzied\u0101t\u0101jas \u017daketes debija un atkl\u0101t\u0101 saruna par identit\u0101ti m\u016bzik\u0101<\/p>\n<p>Novembr\u012b Latvijas m\u016bzikas ain\u0101 ien\u0101kusi jauna, talant\u012bga m\u0101ksliniece \u2013 \u017dakete, \u012bstaj\u0101 v\u0101rd\u0101 \u017danete Felsa. Vi\u0146a debit\u0113jusi ar savu pirmo singlu \u201cSarg\u0101tu\u201d, kas ir emocion\u0101ls un patriotisks ska\u0146darbs, aicinot klaus\u012bt\u0101jus apst\u0101ties, iedzi\u013cin\u0101ties sev\u012b un atcer\u0113ties par Latvijai svar\u012bgaj\u0101m v\u0113rt\u012bb\u0101m. \u0160obr\u012bd dziesma jau izskan vair\u0101k\u0101s radiostacij\u0101s, piev\u0113r\u0161ot uzman\u012bbu jaun\u0101s m\u0101kslinieces unik\u0101lajam skat\u012bjumam uz m\u016bziku un sevi. \u017dakete atkl\u0101j, ka vi\u0146as ce\u013c\u0161 l\u012bdz solista lomai ir bijis ilgs un p\u0101rdom\u0101ts, s\u0101kot ar s\u0113d\u0113\u0161anu aiz bung\u0101m rokgrup\u0101 \u201cStop Acting\u201d un beidzot ar drosm\u012bgu l\u0113mumu iedzied\u0101t savu pirmo dziesmu.<\/p>\n<p>M\u016bzika k\u0101 pa\u0161izpausmes forma: kompromisu viet\u0101 \u2013 paties\u012bba<\/p>\n<p>\u017dakete uzsver savu v\u0113lmi b\u016bt patiesai un ori\u0123in\u0101lai, sakot: \u201cEs negribu b\u016bt tendence. Es gribu b\u016bt es pati.\u201d \u0160\u012b atzi\u0146a caurvij vi\u0146as rado\u0161o procesu, kur\u0101 svar\u012bg\u0101ka ir person\u012bg\u0101 izaugsme un autentiskums nek\u0101 sekot l\u012bdzi aktu\u0101laj\u0101m modes tendenc\u0113m. Vi\u0146as pirmais singls \u201cSarg\u0101tu\u201d ir radies k\u0101 spont\u0101ns muzik\u0101ls uzplaiksn\u012bjums, kur\u0101 pirm\u0101s piedzima melodija un muzik\u0101lais pamats, bet v\u0101rdi pievienoj\u0101s, dom\u0101jot par Latvijas iedz\u012bvot\u0101ju aktu\u0101laj\u0101m p\u0101rdom\u0101m. Dziesma ir atbilde uz jaut\u0101jumu par to, ko m\u0113s dar\u012btu, ja m\u016bsu valstij draud\u0113tu briesmas, un kas ir tas, ko m\u0113s patiesi v\u0113l\u0113tos sarg\u0101t sav\u0101 dzimten\u0113. Tas ir aicin\u0101jums apzin\u0101ties savas saknes un v\u0113rt\u012bbas, kas vieno latvie\u0161us.<\/p>\n<p>No bundzinieces uz solo dzied\u0101t\u0101ju: nep\u0101rtraukts rado\u0161ais ce\u013c\u0161<\/p>\n<p>Lai gan \u017dakete m\u016bzik\u0101 debit\u0113 k\u0101 soliste, vi\u0146as muzik\u0101l\u0101 pieredze ir pla\u0161a un daudzpus\u012bga. Jau no b\u0113rn\u012bbas vi\u0146a apguvusi m\u016bzikas pamatus, septi\u0146us gadus sp\u0113l\u0113jusi flautu, bet v\u0113l\u0101k piev\u0113rsusies bund\u0101m, akt\u012bvi darbodam\u0101s rokgrup\u0101 \u201cStop Acting\u201d. Lai gan no grupas n\u0101c\u0101s \u0161\u0137irties laika tr\u016bkuma d\u0113\u013c, tas devis nepiecie\u0161amo impulsu, lai piev\u0113rstos sav\u0101m sen lolotaj\u0101m muzik\u0101laj\u0101m idej\u0101m un rad\u012btu savu solo projektu. \u0160\u012b p\u0101reja simboliz\u0113 drosmi spert jaunus so\u013cus un realiz\u0113t savu individu\u0101lo m\u0101ksliniecisko v\u012bziju.<\/p>\n<p>\u201cSarg\u0101tu\u201d: patriotisma un person\u012bg\u0101s identit\u0101tes atspogu\u013cojums<\/p>\n<p>Dziesmas \u201cSarg\u0101tu\u201d tap\u0161ana ir cie\u0161i saist\u012bta ar Latvijas patriotiskaj\u0101m v\u0113rt\u012bb\u0101m un 18. novembra sv\u0113tku noska\u0146\u0101m. \u017dakete apzin\u0101ti izv\u0113l\u0113j\u0101s novembr\u012b izdot dziesmu, lai akcent\u0113tu t\u0101s patriotisko saturu, radot rezonansi ar klaus\u012bt\u0101ju noska\u0146ojumu \u0161aj\u0101 laik\u0101. Ska\u0146darbs nav uzskat\u0101ms par ska\u013cu protestu, bet gan par klusu, dzi\u013cu ap\u0146em\u0161anos kopt un cien\u012bt savas saknes, atceroties, ka \u012bst\u0101 br\u012bv\u012bba un dro\u0161\u012bba s\u0101kas cilv\u0113ka sird\u012b. Dziesmas skan\u0113jums ir viegli melanholisks, ar sp\u0113c\u012bgu balss un v\u0101rdu fokusu, kas \u013cauj klaus\u012bt\u0101jam dzi\u013c\u0101k izjust dziesmas v\u0113st\u012bjumu. T\u0101 ir k\u0101 saruna ar sevi, kas pal\u012bdz apzin\u0101ties savu vietu un pieder\u012bbu.<\/p>\n<p>\u017daketes n\u0101kotnes v\u012bzija: ori\u0123inalit\u0101te un savas ska\u0146as mekl\u0113jumi<\/p>\n<p>\u017danete Felsa, zin\u0101ma ar\u012b k\u0101 producente kino industrij\u0101, nesen ir sevi apliecin\u0101jusi ar\u012b k\u0101 dziesmu autore un izpild\u012bt\u0101ja. Vi\u0146as rado\u0161\u0101 darb\u012bba ir daudzpus\u012bga, un \u0161obr\u012bd vi\u0146a koncentr\u0113jas uz savas unik\u0101l\u0101s muzik\u0101l\u0101s identit\u0101tes veido\u0161anu. \u017daketes m\u0113r\u0137is ir rad\u012bt m\u016bziku, kas ir patiesa, dzi\u013ca un nebaid\u0101s no eksperimentiem, vienlaikus saglab\u0101jot savu individu\u0101lo stilu. Vi\u0146as debijas singls \u201cSarg\u0101tu\u201d ir pirmais solis \u0161aj\u0101 virzien\u0101, par\u0101dot gatav\u012bbu dal\u012bties sav\u0101 m\u0101ksl\u0101 un st\u0101st\u0101 ar pasauli, vienlaikus paliekot uztic\u012bgai sav\u0101m v\u0113rt\u012bb\u0101m un individualit\u0101tei.<\/p>\n","protected":false},"excerpt":{"rendered":"Jaun\u0101s dzied\u0101t\u0101jas \u017daketes debija un atkl\u0101t\u0101 saruna par identit\u0101ti m\u016bzik\u0101 Novembr\u012b Latvijas m\u016bzikas ain\u0101 ien\u0101kusi jauna, talant\u012bga m\u0101ksliniece&hellip;\n","protected":false},"author":2,"featured_media":54216,"comment_status":"","ping_status":"","sticky":false,"template":"","format":"standard","meta":{"footnotes":""},"categories":[19],"tags":[89,90,14778,35,39,38,194,36,37,34,40,14777,14775,14776],"class_list":{"0":"post-54215","1":"post","2":"type-post","3":"status-publish","4":"format-standard","5":"has-post-thumbnail","7":"category-izklaide","8":"tag-entertainment","9":"tag-izklaide","10":"tag-jauna-maksliniece","11":"tag-latvia","12":"tag-latvian","13":"tag-latviesu","14":"tag-latviesu-muzika","15":"tag-latviesu-valoda","16":"tag-latviesuvaloda","17":"tag-latvija","18":"tag-lv","19":"tag-sargatu","20":"tag-zakete","21":"tag-zanete-felsa"},"share_on_mastodon":{"url":"https:\/\/pubeurope.com\/@lv\/115580326562962743","error":""},"_links":{"self":[{"href":"https:\/\/www.europesays.com\/lv\/wp-json\/wp\/v2\/posts\/54215","targetHints":{"allow":["GET"]}}],"collection":[{"href":"https:\/\/www.europesays.com\/lv\/wp-json\/wp\/v2\/posts"}],"about":[{"href":"https:\/\/www.europesays.com\/lv\/wp-json\/wp\/v2\/types\/post"}],"author":[{"embeddable":true,"href":"https:\/\/www.europesays.com\/lv\/wp-json\/wp\/v2\/users\/2"}],"replies":[{"embeddable":true,"href":"https:\/\/www.europesays.com\/lv\/wp-json\/wp\/v2\/comments?post=54215"}],"version-history":[{"count":0,"href":"https:\/\/www.europesays.com\/lv\/wp-json\/wp\/v2\/posts\/54215\/revisions"}],"wp:featuredmedia":[{"embeddable":true,"href":"https:\/\/www.europesays.com\/lv\/wp-json\/wp\/v2\/media\/54216"}],"wp:attachment":[{"href":"https:\/\/www.europesays.com\/lv\/wp-json\/wp\/v2\/media?parent=54215"}],"wp:term":[{"taxonomy":"category","embeddable":true,"href":"https:\/\/www.europesays.com\/lv\/wp-json\/wp\/v2\/categories?post=54215"},{"taxonomy":"post_tag","embeddable":true,"href":"https:\/\/www.europesays.com\/lv\/wp-json\/wp\/v2\/tags?post=54215"}],"curies":[{"name":"wp","href":"https:\/\/api.w.org\/{rel}","templated":true}]}}