{"id":54219,"date":"2025-11-20T05:21:12","date_gmt":"2025-11-20T05:21:12","guid":{"rendered":"https:\/\/www.europesays.com\/lv\/54219\/"},"modified":"2025-11-20T05:21:12","modified_gmt":"2025-11-20T05:21:12","slug":"linli-izdod-albumu-zem-spiediena","status":"publish","type":"post","link":"https:\/\/www.europesays.com\/lv\/54219\/","title":{"rendered":"LINLI izdod albumu \u201cZem spiediena\u201d"},"content":{"rendered":"<p>Reperis LINLI izdod savu jaun\u0101ko albumu \u201cZem spiediena\u201d, kas tapis gada garum\u0101 un \u013cauj iepaz\u012bt vi\u0146u jaun\u0101 skan\u0113jum\u0101 ar personisk\u0101ko un atkl\u0101t\u0101ko v\u0113st\u012bjumu l\u012bdz \u0161im.\u00a0<\/p>\n<p>\u201cZem spiediena\u201d ir solis dzi\u013c\u0101k m\u0101kslinieka emocion\u0101laj\u0101 pasaul\u0113 un atkl\u0101j vi\u0146u nobriedu\u0161\u0101 gaism\u0101. Albums veidots div\u0101s da\u013c\u0101s. Pirm\u0101 atkl\u0101j jauno LINLI skan\u0113jumu, tekstos dzi\u013c\u0101ku un personisk\u0101ku, savuk\u0101rt otraj\u0101 m\u0101kslinieks atgrie\u017eas pie sev iepriek\u0161 rakstur\u012bg\u0101, brav\u016br\u012bg\u0101 stila, kas joproj\u0101m ir svar\u012bga vi\u0146a rado\u0161\u0101s identit\u0101tes da\u013ca. Tematiski albums aptver m\u012blest\u012bbu, no\u017e\u0113lu, naidu, vienaldz\u012bbu un attiec\u012bbas ar tuviniekiem. LINLI run\u0101 par apjukumu, nedro\u0161\u012bbu un pa\u0161kritiku, k\u0101 ar\u012b par v\u0113lmi atbr\u012bvoties no emocion\u0101l\u0101 smaguma. Tekstos bie\u017ei izmantota personifik\u0101cija, p\u0101rv\u0113r\u0161ot saj\u016btas un notikumus t\u0113los.<\/p>\n<blockquote class=\"wp-block-quote\">\n<p>Albuma nosaukums simboliz\u0113 emocion\u0101lo slodzi un iek\u0161\u0113jo spriedzi, ko n\u0101kas piedz\u012bvot gan apk\u0101rt\u0113jo apst\u0101k\u013cu, gan pa\u0161a uzlikto ekspekt\u0101ciju d\u0113\u013c. Tas ir st\u0101sts par pa\u0161kritiku un br\u012b\u017eiem, kad dz\u012bve liek apst\u0101ties un ieraudz\u012bt sevi no malas,<\/p>\n<p> atkl\u0101j LINLI.\u00a0<\/p><\/blockquote>\n<p><img loading=\"lazy\" decoding=\"async\" width=\"1024\" height=\"683\" src=\"https:\/\/www.europesays.com\/lv\/wp-content\/uploads\/2025\/11\/Linli_Shoot_BTS_26.10.2025-30-1024x683.jpg\" alt=\"\" class=\"wp-image-12712 lazyload\"  data- style=\"--smush-placeholder-width: 1024px; --smush-placeholder-aspect-ratio: 1024\/683;\"\/><\/p>\n<p>Dziesmu tap\u0161ana s\u0101k\u0101s 2024. gada ruden\u012b, bet studijas darbs un ieraksti norisin\u0101j\u0101s 2025. gada vasar\u0101. Pirmais singls \u201cT\u012bri pap\u012bri\u201d public\u0113ts 2025. gada j\u016blija s\u0101kum\u0101. Pie albuma rad\u012b\u0161anas studij\u0101 str\u0101d\u0101ja producents rolands \u010de, kur\u0161 nodro\u0161in\u0101ja ierakstu un ska\u0146as apstr\u0101di. Albuma muzik\u0101los pavad\u012bjumus veidoju\u0161i pa\u0161m\u0101ju b\u012btmeikeri Elgrounde, Kashtekk un \u0101rzemju b\u012btmeikers nxmercy. K\u0101 viesm\u0101ksliniece album\u0101 dzirdama dzied\u0101t\u0101ja un m\u016bzikas producente Krisy (dziesm\u0101 \u201cPutenis\u201d).<\/p>\n<p><img loading=\"lazy\" decoding=\"async\" width=\"1024\" height=\"1024\" src=\"https:\/\/www.europesays.com\/lv\/wp-content\/uploads\/2025\/11\/Linli-Zem-spiediena-tracklist-1024x1024.jpg\" alt=\"\" class=\"wp-image-12711 lazyload\"  data- style=\"--smush-placeholder-width: 1024px; --smush-placeholder-aspect-ratio: 1024\/1024;\"\/><\/p>\n<p>L\u012bdz ar albumu \u201cZem spiediena\u201d pie klaus\u012bt\u0101jiem non\u0101cis ar\u012b videoklips \u201cNerun\u0101t\u201d, kas papildina dziesmas vizu\u0101lo noska\u0146u. Video film\u0113ts pamest\u0101 \u0113k\u0101, akcent\u0113jot dziesmas dr\u016bmo atmosf\u0113ru un m\u0101kslinieka pausto apjukumu un vainas saj\u016btu. Vizu\u0101lo koncepciju veidoja \u201cFineass clothing\u201d, videoklipa film\u0113\u0161anu un rado\u0161o ieceri \u012bstenoja re\u017eisors Valters K\u0101rklis kop\u0101 ar asistentiem Danielu Auzi\u0146u un Alexander Julian Zarnicin.<\/p>\n<p><img loading=\"lazy\" decoding=\"async\" width=\"1024\" height=\"683\" data-id=\"12714\" src=\"https:\/\/www.europesays.com\/lv\/wp-content\/uploads\/2025\/11\/Linli_Shoot_BTS_26.10.2025-6-1024x683.jpg\" alt=\"\" class=\"wp-image-12714 lazyload\"  data- style=\"--smush-placeholder-width: 1024px; --smush-placeholder-aspect-ratio: 1024\/683;\"\/><\/p>\n<p><img loading=\"lazy\" decoding=\"async\" width=\"1024\" height=\"683\" data-id=\"12718\" src=\"https:\/\/www.europesays.com\/lv\/wp-content\/uploads\/2025\/11\/Linli_Shoot_BTS_26.10.2025-25-1024x683.jpg\" alt=\"\" class=\"wp-image-12718 lazyload\"  data- style=\"--smush-placeholder-width: 1024px; --smush-placeholder-aspect-ratio: 1024\/683;\"\/><\/p>\n<p><img loading=\"lazy\" decoding=\"async\" width=\"1024\" height=\"683\" data-id=\"12715\" src=\"https:\/\/www.europesays.com\/lv\/wp-content\/uploads\/2025\/11\/Linli_Shoot_BTS_26.10.2025-56-1024x683.jpg\" alt=\"\" class=\"wp-image-12715 lazyload\"  data- style=\"--smush-placeholder-width: 1024px; --smush-placeholder-aspect-ratio: 1024\/683;\"\/><\/p>\n<p><img loading=\"lazy\" decoding=\"async\" width=\"1024\" height=\"683\" data-id=\"12716\" src=\"https:\/\/www.europesays.com\/lv\/wp-content\/uploads\/2025\/11\/Linli_Shoot_BTS_26.10.2025-115-1024x683.jpg\" alt=\"\" class=\"wp-image-12716 lazyload\"  data- style=\"--smush-placeholder-width: 1024px; --smush-placeholder-aspect-ratio: 1024\/683;\"\/><\/p>\n<p><img loading=\"lazy\" decoding=\"async\" width=\"1024\" height=\"683\" data-id=\"12717\" src=\"https:\/\/www.europesays.com\/lv\/wp-content\/uploads\/2025\/11\/Linli_Shoot_BTS_26.10.2025-120-1024x683.jpg\" alt=\"\" class=\"wp-image-12717 lazyload\"  data- style=\"--smush-placeholder-width: 1024px; --smush-placeholder-aspect-ratio: 1024\/683;\"\/><\/p>\n<p><img loading=\"lazy\" decoding=\"async\" width=\"1024\" height=\"683\" data-id=\"12719\" src=\"https:\/\/www.europesays.com\/lv\/wp-content\/uploads\/2025\/11\/Linli_Shoot_BTS_26.10.2025-124-1024x683.jpg\" alt=\"\" class=\"wp-image-12719 lazyload\"  data- style=\"--smush-placeholder-width: 1024px; --smush-placeholder-aspect-ratio: 1024\/683;\"\/><\/p>\n<p><img loading=\"lazy\" decoding=\"async\" width=\"1024\" height=\"683\" data-id=\"12720\" src=\"https:\/\/www.europesays.com\/lv\/wp-content\/uploads\/2025\/11\/Linli_Shoot_BTS_26.10.2025-144-1024x683.jpg\" alt=\"\" class=\"wp-image-12720 lazyload\"  data- style=\"--smush-placeholder-width: 1024px; --smush-placeholder-aspect-ratio: 1024\/683;\"\/><\/p>\n<p><img loading=\"lazy\" decoding=\"async\" width=\"1024\" height=\"683\" data-id=\"12713\" src=\"https:\/\/www.europesays.com\/lv\/wp-content\/uploads\/2025\/11\/Linli_Shoot_BTS_26.10.2025-139-1024x683.jpg\" alt=\"\" class=\"wp-image-12713 lazyload\"  data- style=\"--smush-placeholder-width: 1024px; --smush-placeholder-aspect-ratio: 1024\/683;\"\/><\/p>\n<p class=\"has-vivid-red-color has-very-light-gray-background-color has-text-color has-background has-link-color wp-elements-34b787b7dcae908c03aaeda73e5c3721\">2026. gada 17.janvar\u012b klub\u0101 \u201cSINNERS CLUB\u201d, R\u012bg\u0101, Gr\u0113cinieku iel\u0101 11A notiks LINLI pirmais solo koncerts, kur\u0101 var\u0113s iepaz\u012bt jauno albuma materi\u0101lu dz\u012bv\u0101 skan\u0113jum\u0101 un pieredz\u0113t LINLI l\u012bdz\u0161in\u0113j\u0101s m\u0101ksliniecisk\u0101s darb\u012bbas visas \u0161\u0137autnes. Pla\u0161\u0101ka inform\u0101cija sekos.<\/p>\n<p>LINLI, \u012bstaj\u0101 v\u0101rd\u0101 Linards Odi\u0146\u0161, ir liep\u0101jnieks, kur\u0161 m\u016bzik\u0101 darbojas kop\u0161 2019. gada, kad izdeva pirmos singlus \u201cI DONT CARE\u201d un \u201cTUSAX\u201d, k\u0101 ar\u012b sadarboj\u0101s ar m\u016bzi\u0137i SourJ, izdodot t\u0101das kopdziesmas k\u0101 \u201cIESIT MAN PA BACK\u201d un \u201cV\u0112JA\u0122ENERATORS\u201d. 2023. gad\u0101 LINLI izdeva albumu \u201cLIELI PL\u0100NI, LIELI DARBI\u201d. Pla\u0161\u0101ka publika reperi iepazina 2023. un 2024. gad\u0101 \u201c371 Battle\u201d repa c\u012b\u0146\u0101s, kuru div\u0101s sezon\u0101s 2023. un 2024. gad\u0101 sasniedza lab\u0101ko dal\u012bbnieku astotnieku. LINLI ir sadarbojies ar t\u0101diem pa\u0161m\u0101ju m\u0101ksliniekiem k\u0101 Yam, HUNN, SourJ, Kreat\u012bvs, Pre\u2019set, c\u012bgu p\u0101rdev\u0113js, kazimirs, daaguchii.<\/p>\n","protected":false},"excerpt":{"rendered":"Reperis LINLI izdod savu jaun\u0101ko albumu \u201cZem spiediena\u201d, kas tapis gada garum\u0101 un \u013cauj iepaz\u012bt vi\u0146u jaun\u0101 skan\u0113jum\u0101&hellip;\n","protected":false},"author":2,"featured_media":54220,"comment_status":"","ping_status":"","sticky":false,"template":"","format":"standard","meta":{"footnotes":""},"categories":[19],"tags":[89,90,35,39,38,36,37,34,14779,40],"class_list":{"0":"post-54219","1":"post","2":"type-post","3":"status-publish","4":"format-standard","5":"has-post-thumbnail","7":"category-izklaide","8":"tag-entertainment","9":"tag-izklaide","10":"tag-latvia","11":"tag-latvian","12":"tag-latviesu","13":"tag-latviesu-valoda","14":"tag-latviesuvaloda","15":"tag-latvija","16":"tag-linli","17":"tag-lv"},"share_on_mastodon":{"url":"https:\/\/pubeurope.com\/@lv\/115580350351718757","error":""},"_links":{"self":[{"href":"https:\/\/www.europesays.com\/lv\/wp-json\/wp\/v2\/posts\/54219","targetHints":{"allow":["GET"]}}],"collection":[{"href":"https:\/\/www.europesays.com\/lv\/wp-json\/wp\/v2\/posts"}],"about":[{"href":"https:\/\/www.europesays.com\/lv\/wp-json\/wp\/v2\/types\/post"}],"author":[{"embeddable":true,"href":"https:\/\/www.europesays.com\/lv\/wp-json\/wp\/v2\/users\/2"}],"replies":[{"embeddable":true,"href":"https:\/\/www.europesays.com\/lv\/wp-json\/wp\/v2\/comments?post=54219"}],"version-history":[{"count":0,"href":"https:\/\/www.europesays.com\/lv\/wp-json\/wp\/v2\/posts\/54219\/revisions"}],"wp:featuredmedia":[{"embeddable":true,"href":"https:\/\/www.europesays.com\/lv\/wp-json\/wp\/v2\/media\/54220"}],"wp:attachment":[{"href":"https:\/\/www.europesays.com\/lv\/wp-json\/wp\/v2\/media?parent=54219"}],"wp:term":[{"taxonomy":"category","embeddable":true,"href":"https:\/\/www.europesays.com\/lv\/wp-json\/wp\/v2\/categories?post=54219"},{"taxonomy":"post_tag","embeddable":true,"href":"https:\/\/www.europesays.com\/lv\/wp-json\/wp\/v2\/tags?post=54219"}],"curies":[{"name":"wp","href":"https:\/\/api.w.org\/{rel}","templated":true}]}}