{"id":54223,"date":"2025-11-20T05:32:10","date_gmt":"2025-11-20T05:32:10","guid":{"rendered":"https:\/\/www.europesays.com\/lv\/54223\/"},"modified":"2025-11-20T05:32:10","modified_gmt":"2025-11-20T05:32:10","slug":"riga-izraudzitas-ziemassvetku-egles-doma-un-ratslaukumam-lente-lv","status":"publish","type":"post","link":"https:\/\/www.europesays.com\/lv\/54223\/","title":{"rendered":"R\u012bg\u0101 izraudz\u012btas Ziemassv\u0113tku egles Doma un R\u0101tslaukumam\u00a0\u2014\u00a0Lente.lv"},"content":{"rendered":"<p>R\u012bgas sv\u0113tku rotu izv\u0113le nosl\u0113gusies: Doma un R\u0101tslaukumus rot\u0101s majest\u0101tiskas egles<\/p>\n<p>Gada tum\u0161\u0101kaj\u0101 laik\u0101 R\u012bgu s\u0101k rot\u0101t sv\u0113tku noska\u0146a, un nu nosl\u0113dzies viens no svar\u012bg\u0101kajiem Ziemassv\u0113tku sagatavo\u0161anas posmiem \u2013 galveno sv\u0113tku eg\u013cu izraudz\u012b\u0161an\u0101s ceremonija. \u0160ogad atbild\u012bgais uzdevums uztic\u0113ts R\u012bgas m\u0113ram Viesturam Kleinbergam, kur\u0161 kop\u0101 ar pa\u0161vald\u012bbas uz\u0146\u0113muma \u201cR\u012bgas me\u017ei\u201d speci\u0101listiem un talant\u012bgajiem vok\u0101l\u0101s studijas \u201cRasa\u201d dal\u012bbniekiem izv\u0113l\u0113jies divas iespaid\u012bgas egles, kas k\u013c\u016bs par pils\u0113tas centr\u0101lo rotu Adventes un Ziemassv\u0113tku laik\u0101. \u0160\u012bs majest\u0101tisk\u0101s dabas p\u0113rles rot\u0101s Doma laukumu un R\u0101tslaukumu, pie\u0161\u0137irot galvaspils\u0113tai \u012bpa\u0161u sv\u0113tku mirdzumu.<\/p>\n<p>Me\u017ea d\u0101rgumu mekl\u0113jumi T\u012bre\u013cu me\u017eniec\u012bb\u0101<\/p>\n<p>Galven\u0101s pils\u0113tas egles tika samekl\u0113tas un izraudz\u012btas r\u016bp\u012bgi koptaj\u0101 T\u012bre\u013cu me\u017eniec\u012bbas teritorij\u0101, net\u0101lu no Cielavas apdz\u012bvot\u0101s vietas. \u0160\u012b me\u017ea da\u013ca ir paz\u012bstama ar saviem vesel\u012bgajiem un kuplajiem kokiem, kas nodro\u0161ina ide\u0101lus kandid\u0101tus sv\u0113tku rot\u0101m. Egles, kas atlas\u012btas rot\u0101t R\u012bgas sirdi, ir aptuveni 35 gadus vecas un sasniedz iespaid\u012bgu augstumu l\u012bdz pat 21 metram. To tum\u0161i za\u013cie, bag\u0101t\u012bgie vainagi liecina par to, ka koki ir augu\u0161i augl\u012bg\u0101 un mitr\u0101 augsn\u0113, nodro\u0161inot tiem nepiecie\u0161amos apst\u0101k\u013cus sp\u0113c\u012bgai un vesel\u012bgai att\u012bst\u012bbai. Izraudz\u012bto eg\u013cu vainagi ir skaisti, kupli un tum\u0161i za\u013ci, kas noz\u012bm\u0113, ka koki augu\u0161i augl\u012bg\u0101 un mitr\u0101 augsn\u0113. Lai egle k\u013c\u016btu par galvaspils\u0113tas centr\u0101lo sv\u0113tku rotu, tai j\u0101atbilst vair\u0101kiem b\u016btiskiem krit\u0113rijiem: eglei j\u0101b\u016bt tik augstai k\u0101 \u010detrus l\u012bdz piecus st\u0101vus augstai \u0113kai, tum\u0161i za\u013cai, kuplai, vienl\u012bdz skaistai no vis\u0101m pus\u0113m un ar vienu izteiktu galotni. \u0160\u0101di krit\u0113riji garant\u0113, ka pils\u0113tas galven\u0101s egles b\u016bs patie\u0161\u0101m elpu aizraujo\u0161as un rad\u012bs svin\u012bgu noska\u0146u.<\/p>\n<p>Sv\u0113tku trad\u012bcijas un jaun\u0101s paaudzes l\u012bdzdal\u012bba<\/p>\n<p>Galveno eg\u013cu izv\u0113les ceremonij\u0101 piedal\u012bj\u0101s ar\u012b b\u0113rnu un jaunie\u0161u vok\u0101l\u0101s studijas \u201cRasa\u201d dal\u012bbnieki, kuri ar sav\u0101m dziesm\u0101m pie\u0161\u0137\u012bra pas\u0101kumam \u012bpa\u0161u, prieka pilnu atmosf\u0113ru. \u0160\u012b trad\u012bcija, kur\u0101 iesaist\u012bti jaunie talanti, ne tikai padara ceremoniju emocion\u0101l\u0101ku, bet ar\u012b stiprina jaun\u0101s paaudzes saikni ar sv\u0113tku trad\u012bcij\u0101m. R\u012bgas m\u0113rs Viesturs Kleinbergs uzsv\u0113ra, ka galveno eg\u013cu izraudz\u012b\u0161an\u0101s ir liels gods un atbild\u012bba, un vi\u0146\u0161 bija gandar\u012bts par \u201cR\u012bgas me\u017eu\u201d un \u201cRasa\u201d dal\u012bbnieku pal\u012bdz\u012bbu. Vi\u0146\u0161 ar\u012b atg\u0101din\u0101ja par svar\u012bgu ekolo\u0123isku un trad\u012bciju aspektu \u2013 vi\u0146a \u0123imen\u0113 ir ierasts kop\u0101 ar b\u0113rniem mekl\u0113t egl\u012bti, pateikties dabai un iest\u0101d\u012bt jaunus kokus. \u0160\u0101da pieeja mudina iedz\u012bvot\u0101jus aizvien vair\u0101k nov\u0113rt\u0113t un saglab\u0101t me\u017eu daudzveid\u012bbu, mekl\u0113jot ilgtsp\u0113j\u012bg\u0101kus risin\u0101jumus sv\u0113tku rotu izv\u0113l\u0113. \u201cR\u012bgas me\u017eu\u201d valdes priek\u0161s\u0113d\u0113t\u0101ja Anita Skudra piebilda, ka aicina Ziemassv\u0113tku eg\u013cu mekl\u0113\u0161anas un pu\u0161\u0137o\u0161anas trad\u012bciju padar\u012bt aizvien ilgtsp\u0113j\u012bg\u0101ku un sv\u0113tku reiz\u0113 rot\u0101t to egl\u012bti, kas aug pie savas m\u0101jas, pagalm\u0101 vai apkaim\u0113, t\u0101d\u0113j\u0101di sarg\u0101jot me\u017eu egles. Tas ir aicin\u0101jums padom\u0101t par alternat\u012bv\u0101m un izv\u0113l\u0113ties ekolo\u0123isk\u0101kus risin\u0101jumus, lai sv\u0113tki b\u016btu ne tikai skaisti, bet ar\u012b atbild\u012bgi pret dabu.<\/p>\n<p>Ce\u013c\u0161 uz sv\u0113tku spo\u017eumu<\/p>\n<p>P\u0113c svin\u012bg\u0101s izraudz\u012b\u0161an\u0101s ceremonijas egles tiks r\u016bp\u012bgi nog\u0101d\u0101tas uz pils\u0113tas centru, kur t\u0101s tiks uzst\u0101d\u012btas un greznas rot\u0101tas, lai rad\u012btu neaizmirstamu sv\u0113tku atmosf\u0113ru. Paredzams, ka kr\u0101\u0161\u0146ais eg\u013cu iedeg\u0161anas pas\u0101kums notiks jau tuv\u0101kaj\u0101 laik\u0101, iez\u012bm\u0113jot ofici\u0101lo Ziemassv\u0113tku gaid\u012b\u0161anas laika s\u0101kumu galvaspils\u0113t\u0101. \u0160is notikums ir k\u0101 priek\u0161v\u0113stnesis gaid\u0101majiem sv\u0113tkiem, kad pils\u0113ta mirdz\u0113s sv\u0113tku rot\u0101jumos un ikviens var\u0113s izbaud\u012bt burv\u012bgo Ziemassv\u0113tku noska\u0146u.<\/p>\n","protected":false},"excerpt":{"rendered":"R\u012bgas sv\u0113tku rotu izv\u0113le nosl\u0113gusies: Doma un R\u0101tslaukumus rot\u0101s majest\u0101tiskas egles Gada tum\u0161\u0101kaj\u0101 laik\u0101 R\u012bgu s\u0101k rot\u0101t sv\u0113tku&hellip;\n","protected":false},"author":2,"featured_media":54224,"comment_status":"","ping_status":"","sticky":false,"template":"","format":"standard","meta":{"footnotes":""},"categories":[5],"tags":[23,28,29,2795,32,33,22,30,31,35,39,38,36,37,34,40,20,26,27,14781,172,24,25,2187,14780,21],"class_list":{"0":"post-54223","1":"post","2":"type-post","3":"status-publish","4":"format-standard","5":"has-post-thumbnail","7":"category-aktualitates","8":"tag-aktualitates","9":"tag-breaking-news","10":"tag-breakingnews","11":"tag-doma-laukums","12":"tag-featured-news","13":"tag-featurednews","14":"tag-headlines","15":"tag-latest-news","16":"tag-latestnews","17":"tag-latvia","18":"tag-latvian","19":"tag-latviesu","20":"tag-latviesu-valoda","21":"tag-latviesuvaloda","22":"tag-latvija","23":"tag-lv","24":"tag-news","25":"tag-popularakas-zinas","26":"tag-popularakaszinas","27":"tag-ratslaukums","28":"tag-riga","29":"tag-top-stories","30":"tag-topstories","31":"tag-viesturs-kleinbergs","32":"tag-ziemassvetku-egles","33":"tag-zinas"},"share_on_mastodon":{"url":"https:\/\/pubeurope.com\/@lv\/115580393545137120","error":""},"_links":{"self":[{"href":"https:\/\/www.europesays.com\/lv\/wp-json\/wp\/v2\/posts\/54223","targetHints":{"allow":["GET"]}}],"collection":[{"href":"https:\/\/www.europesays.com\/lv\/wp-json\/wp\/v2\/posts"}],"about":[{"href":"https:\/\/www.europesays.com\/lv\/wp-json\/wp\/v2\/types\/post"}],"author":[{"embeddable":true,"href":"https:\/\/www.europesays.com\/lv\/wp-json\/wp\/v2\/users\/2"}],"replies":[{"embeddable":true,"href":"https:\/\/www.europesays.com\/lv\/wp-json\/wp\/v2\/comments?post=54223"}],"version-history":[{"count":0,"href":"https:\/\/www.europesays.com\/lv\/wp-json\/wp\/v2\/posts\/54223\/revisions"}],"wp:featuredmedia":[{"embeddable":true,"href":"https:\/\/www.europesays.com\/lv\/wp-json\/wp\/v2\/media\/54224"}],"wp:attachment":[{"href":"https:\/\/www.europesays.com\/lv\/wp-json\/wp\/v2\/media?parent=54223"}],"wp:term":[{"taxonomy":"category","embeddable":true,"href":"https:\/\/www.europesays.com\/lv\/wp-json\/wp\/v2\/categories?post=54223"},{"taxonomy":"post_tag","embeddable":true,"href":"https:\/\/www.europesays.com\/lv\/wp-json\/wp\/v2\/tags?post=54223"}],"curies":[{"name":"wp","href":"https:\/\/api.w.org\/{rel}","templated":true}]}}