{"id":54227,"date":"2025-11-20T05:37:08","date_gmt":"2025-11-20T05:37:08","guid":{"rendered":"https:\/\/www.europesays.com\/lv\/54227\/"},"modified":"2025-11-20T05:37:08","modified_gmt":"2025-11-20T05:37:08","slug":"sniegs-un-apledojums-daudzviet-latvija-apgrutina-brauksanu","status":"publish","type":"post","link":"https:\/\/www.europesays.com\/lv\/54227\/","title":{"rendered":"Sniegs un apledojums daudzviet Latvij\u0101 apgr\u016btina brauk\u0161anu"},"content":{"rendered":"<p>Sniegotos ce\u013ca posmus t\u012bra un kaisa ar pretsl\u012bdes materi\u0101liem. Ce\u013cu uztur\u0113\u0161anas darbos iesaist\u012btas 113 ziemas dienesta tehnikas vien\u012bbas.<\/p>\n<p>Apgr\u016btin\u0101ti brauk\u0161anas apst\u0101k\u013ci ir uz Vidzemes \u0161osejas no R\u012bgas l\u012bdz Raunas pagriezienam un no Al\u016bksnes pagrieziena l\u012bdz Veclaicenei, uz Valmieras \u0161osejas no Murj\u0101\u0146iem l\u012bdz Stren\u010diem, uz R\u012bgas apvedce\u013ca (Salaspils-Bab\u012bte), uz Daugavpils \u0161osejas no Aiviekstes tilta l\u012bdz Daugavpilij, uz Bauskas \u0161osejas, uz Jelgavas \u0161osejas, k\u0101 ar\u012b Liep\u0101jas \u0161osejas posm\u0101 no R\u012bgas l\u012bdz Ap\u0161upes krustojumam un no Cieceres l\u012bdz Kalvenei.<\/p>\n<p>T\u0101pat ar\u012b uz Ventspils \u0161osejas no R\u012bgas l\u012bdz K\u016bdrai, uz autoce\u013ca Liep\u0101ja-Lietuvas robe\u017ea (Rucava), uz R\u0113zeknes \u0161osejas, uz autoce\u013ca Krievijas robe\u017ea (Greb\u0146eva) &#8211; R\u0113zekne &#8211; Daugavpils &#8211; Lietuvas robe\u017ea (Medumi) no Greb\u0146evas l\u012bdz Ru\u0161e\u0146icai un no \u0160po\u0123iem l\u012bdz Modumiem, k\u0101 ar\u012b uz Daugavpils apvedce\u013ca un R\u0113zeknes apvedce\u013ca.<\/p>\n<p>Uz re\u0123ion\u0101lajiem autoce\u013ciem apgr\u016btin\u0101ta <a href=\"https:\/\/www.tvnet.lv\/term\/649163\/brauksana\" class=\"topicLink\" target=\"_blank\" rel=\"nofollow noopener\">brauk\u0161ana<\/a> ir vis\u0101 Latvij\u0101, iz\u0146emot R\u012bgas, Gulbenes, Limba\u017eu un Valkas apk\u0101rtni.<\/p>\n<p>Autovad\u012bt\u0101jus aicina r\u0113\u0137in\u0101ties ar laikapst\u0101k\u013ciem, pl\u0101nojot braucienus, atv\u0113l\u0113t papildu laiku ce\u013cam un izv\u0113l\u0113ties brauk\u0161anas \u0101trumu, kas atbilst ce\u013cu seguma st\u0101voklim, k\u0101 ar\u012b dro\u0161u distanci.<\/p>\n<p>Par apgr\u016btin\u0101tiem brauk\u0161anas apst\u0101k\u013ciem vai citiem ar satiksmi un ce\u013cu st\u0101vokli saist\u012btiem nov\u0113rojumiem iedz\u012bvot\u0101jus aicina inform\u0113t &#8220;Latvijas valsts ce\u013cus&#8221;, zvanot uz diennakts bezmaksas informat\u012bvo t\u0101lruni 80005555, k\u0101 ar\u012b uz\u0146\u0113muma kontos soci\u0101l\u0101s sazi\u0146as t\u012bklos &#8220;X&#8221; un &#8220;Facebook&#8221;.<\/p>\n","protected":false},"excerpt":{"rendered":"Sniegotos ce\u013ca posmus t\u012bra un kaisa ar pretsl\u012bdes materi\u0101liem. Ce\u013cu uztur\u0113\u0161anas darbos iesaist\u012btas 113 ziemas dienesta tehnikas vien\u012bbas.&hellip;\n","protected":false},"author":2,"featured_media":54228,"comment_status":"","ping_status":"","sticky":false,"template":"","format":"standard","meta":{"footnotes":""},"categories":[12],"tags":[23,14782,28,29,32,33,22,397,30,31,35,39,38,36,37,34,40,20,26,27,4807,24,25,21],"class_list":{"0":"post-54227","1":"post","2":"type-post","3":"status-publish","4":"format-standard","5":"has-post-thumbnail","7":"category-latvija","8":"tag-aktualitates","9":"tag-brauksana","10":"tag-breaking-news","11":"tag-breakingnews","12":"tag-featured-news","13":"tag-featurednews","14":"tag-headlines","15":"tag-laikapstakli","16":"tag-latest-news","17":"tag-latestnews","18":"tag-latvia","19":"tag-latvian","20":"tag-latviesu","21":"tag-latviesu-valoda","22":"tag-latviesuvaloda","23":"tag-latvija","24":"tag-lv","25":"tag-news","26":"tag-popularakas-zinas","27":"tag-popularakaszinas","28":"tag-sniegs","29":"tag-top-stories","30":"tag-topstories","31":"tag-zinas"},"share_on_mastodon":{"url":"https:\/\/pubeurope.com\/@lv\/115580413162237693","error":""},"_links":{"self":[{"href":"https:\/\/www.europesays.com\/lv\/wp-json\/wp\/v2\/posts\/54227","targetHints":{"allow":["GET"]}}],"collection":[{"href":"https:\/\/www.europesays.com\/lv\/wp-json\/wp\/v2\/posts"}],"about":[{"href":"https:\/\/www.europesays.com\/lv\/wp-json\/wp\/v2\/types\/post"}],"author":[{"embeddable":true,"href":"https:\/\/www.europesays.com\/lv\/wp-json\/wp\/v2\/users\/2"}],"replies":[{"embeddable":true,"href":"https:\/\/www.europesays.com\/lv\/wp-json\/wp\/v2\/comments?post=54227"}],"version-history":[{"count":0,"href":"https:\/\/www.europesays.com\/lv\/wp-json\/wp\/v2\/posts\/54227\/revisions"}],"wp:featuredmedia":[{"embeddable":true,"href":"https:\/\/www.europesays.com\/lv\/wp-json\/wp\/v2\/media\/54228"}],"wp:attachment":[{"href":"https:\/\/www.europesays.com\/lv\/wp-json\/wp\/v2\/media?parent=54227"}],"wp:term":[{"taxonomy":"category","embeddable":true,"href":"https:\/\/www.europesays.com\/lv\/wp-json\/wp\/v2\/categories?post=54227"},{"taxonomy":"post_tag","embeddable":true,"href":"https:\/\/www.europesays.com\/lv\/wp-json\/wp\/v2\/tags?post=54227"}],"curies":[{"name":"wp","href":"https:\/\/api.w.org\/{rel}","templated":true}]}}