{"id":54229,"date":"2025-11-20T05:38:09","date_gmt":"2025-11-20T05:38:09","guid":{"rendered":"https:\/\/www.europesays.com\/lv\/54229\/"},"modified":"2025-11-20T05:38:09","modified_gmt":"2025-11-20T05:38:09","slug":"tramps-apstiprinajis-iespejami-vienpuseju-miera-planu-krievijas-kara-izbeigsanai-pret-ukrainu-tvnet","status":"publish","type":"post","link":"https:\/\/www.europesays.com\/lv\/54229\/","title":{"rendered":"Tramps apstiprin\u0101jis iesp\u0113jami vienpus\u0113ju &quot;miera pl\u0101nu&quot; Krievijas kara izbeig\u0161anai pret Ukrainu &#8211; TVNET"},"content":{"rendered":"<ol>\n<li><a href=\"https:\/\/news.google.com\/rss\/articles\/CBMivwFBVV95cUxQWUNlc2Z1d1dyaFNyV3p3SG1MQU51V29FWURIbGVpdWt3c2EzTndwd3gwcVBSZGpwNVIwd00wSGxOZDhWbE9tTm14WTBqWmRwNmpnWFNDVVFvOFJCX25wMmNKa2hydEY0MnNGWU1aR3E1WWNwU2FiWEYwMkJ3YmFnSXZHSXJBajNwZS1rNjJFMW9kZ2wwc0FJNGkyQWcxT090M3U4OXJZZEpxVy1STUpfZTE0RWFFOVQzM3NfZlZWMA?oc=5\" target=\"_blank\" rel=\"nofollow noopener\">Tramps apstiprin\u0101jis iesp\u0113jami vienpus\u0113ju &#8220;miera pl\u0101nu&#8221; Krievijas kara izbeig\u0161anai pret Ukrainu<\/a>&nbsp;&nbsp;TVNET<\/li>\n<li><a href=\"https:\/\/news.google.com\/rss\/articles\/CBMi5AFBVV95cUxPa3V0X0Nib044TWFDelM0aV9HbjlEVU1Rd296SXptNzVFTllYNDliVV9DamVFYjZPX0xMRVhxcEt3NUV3Skg4Q2pCWUQ4UkNZSnFZZno5bFdOclNnV21haWR1RHAtX1U3LXk1aG1iS3JXSFl2N0dyckxVS29YT0UteHREUUFuMmZhVGFrdVFYNWtJLVBIQkEzVER5VURrcDdPbTRnMDVGVEtVSTkyQlVQRXZjdWYwa3c0UEwySXNIZXg4UjV1cjhmU01fMTBDN1NSWTlWYlc4dnc4R0MtZXJDTVFGUno?oc=5\" target=\"_blank\" rel=\"nofollow noopener\">Avots: ASV pied\u0101v\u0101 Ukrainai atteikties no krievu okup\u0113taj\u0101m teritorij\u0101m un samazin\u0101t armiju \/ Raksts<\/a>&nbsp;&nbsp;LSM<\/li>\n<li><a href=\"https:\/\/news.google.com\/rss\/articles\/CBMi0wNBVV95cUxNUmJ6Z3BON0o1b3AxY3QzQlZnY1pKYlNxYUU5Rnk5TzZGcERLSHpmcGE5Z2F1WnBRYmh1WW5FRlNZWW9qa0ZGdVI5UzNEUWNvQ2E0S24tSUxNM0hmSUxCSzd2U255S1JfbkFVcnNaWThkQVFWVE5vVENCcVFER3A0NVVXekc3Nl8xU2FuazVsRXdYZ3pVOWJhRjZVVnk0cGJVaDhhV284YVE1TjNsbkxHZGVFcUhCSEtEYVltYVdiUmg4Q2t2UVBOQ2N0bVNCaW1CNVdJVFRGOHZtUUJqc3dQamxxUmNZektUb0tjc3BjQjJzSnFPUEFIeXZ1V0cyN0w4a2VPaUtSdVZEaWVhSzdDU3R5YzExbG1qVHA2dDZaR1ZKS2I1TlZhejRpelFsRW9RMUc0dm5IU3l1NHJoa3FZenV3V1lSOXNtX24xVjVFUVJ2enh4VFVaTkd4Zll1TXZsczF5OHRlcW5HdkNRSjZQbkgtVU0tLVppVlVhY1V0UHdqTVUtcnJVT3hDeDVFNmJUNHBhNkF4YXBYc1hySU1NdEtrUW1JbTlnMkhSaXJJWV9BLXlWSks3Z19NSXZ2UHQ3cmNwX2pIRlk3YlVGejlHVmo0bw?oc=5\" target=\"_blank\" rel=\"nofollow noopener\">\u201cKrievijas nost\u0101ja tiek uzklaus\u012bta\u201d: ASV, konsult\u0113joties ar Krieviju, izstr\u0101d\u0101 pl\u0101nu kara izbeig\u0161anai Ukrain\u0101<\/a>&nbsp;&nbsp;Jauns.lv<\/li>\n<li><a href=\"https:\/\/news.google.com\/rss\/articles\/CBMiwgFBVV95cUxOaHNfOFpVc2lQQlhfek9JajdGd1A4WUdCM3B4RWVrU1VpaWFXeXBfQkczaU0xWl9XQTlUTWs5UW14bFdNZndqSjFLaEo0a0loZDZicU9NcTV5eHpGRkR3TTYwVHpORzBuOWFYaGNBWUlIaTY1RVFqNjJ2M3N4eGFFYlNYeWg0b1hWSktNMWRUWTlGS0c4QmRTWW5YcUUwM3JZRFVjM3Q5Q19aOGJyY19ZcVZKdW5XM21IX2U1cTNUWjdYQQ?oc=5\" target=\"_blank\" rel=\"nofollow noopener\">\u201cAtteik\u0161an\u0101s no teritorij\u0101m un armijas samazin\u0101\u0161ana\u2026\u201d ASV jaunais \u201cmiera pied\u0101v\u0101jums\u201d Ukrainai izraisa sa\u0161utumu<\/a>&nbsp;&nbsp;LA.LV<\/li>\n<li><a href=\"https:\/\/news.google.com\/rss\/articles\/CBMirAFBVV95cUxPalRZY01sUmluQzJSNEotTHpTcXhwdWhxQmxwNElpdHVwNzEyRGp6eUJpQWVjeXZDWGNyWXY0QlE0RjNiczZkOFZVMUNsSGMxaFA1RWtlSVFhR1Vya2NjWjI5UnpVSXEtTTgwVDJWeGJ1VVVwdW5xYXhfNlYtVkJNbnFybWRfVnJMMkg2WXpLeXpSRUZaQUdSclZCV2s3VGpyZ1FTNjJMS05tVzNS?oc=5\" target=\"_blank\" rel=\"nofollow noopener\">ASV un Krievija r\u012bko slepenas sarunas, lai izbeigtu karu Ukrain\u0101, v\u0113sta medijs<\/a>&nbsp;&nbsp;tv3.lv<\/li>\n<\/ol>\n","protected":false},"excerpt":{"rendered":"Tramps apstiprin\u0101jis iesp\u0113jami vienpus\u0113ju &#8220;miera pl\u0101nu&#8221; Krievijas kara izbeig\u0161anai pret Ukrainu&nbsp;&nbsp;TVNET Avots: ASV pied\u0101v\u0101 Ukrainai atteikties no krievu&hellip;\n","protected":false},"author":2,"featured_media":54230,"comment_status":"","ping_status":"","sticky":false,"template":"","format":"standard","meta":{"footnotes":""},"categories":[5],"tags":[23,3700,28,29,542,32,33,22,234,74,30,31,35,39,38,36,37,34,40,20,26,27,24,25,276,21],"class_list":{"0":"post-54229","1":"post","2":"type-post","3":"status-publish","4":"format-standard","5":"has-post-thumbnail","7":"category-aktualitates","8":"tag-aktualitates","9":"tag-autoritarisma-ena-par-eiropu","10":"tag-breaking-news","11":"tag-breakingnews","12":"tag-donalds-tramps","13":"tag-featured-news","14":"tag-featurednews","15":"tag-headlines","16":"tag-krievija","17":"tag-krievijas-iebrukums-ukraina","18":"tag-latest-news","19":"tag-latestnews","20":"tag-latvia","21":"tag-latvian","22":"tag-latviesu","23":"tag-latviesu-valoda","24":"tag-latviesuvaloda","25":"tag-latvija","26":"tag-lv","27":"tag-news","28":"tag-popularakas-zinas","29":"tag-popularakaszinas","30":"tag-top-stories","31":"tag-topstories","32":"tag-ukraina","33":"tag-zinas"},"share_on_mastodon":{"url":"https:\/\/pubeurope.com\/@lv\/115580417059824848","error":""},"_links":{"self":[{"href":"https:\/\/www.europesays.com\/lv\/wp-json\/wp\/v2\/posts\/54229","targetHints":{"allow":["GET"]}}],"collection":[{"href":"https:\/\/www.europesays.com\/lv\/wp-json\/wp\/v2\/posts"}],"about":[{"href":"https:\/\/www.europesays.com\/lv\/wp-json\/wp\/v2\/types\/post"}],"author":[{"embeddable":true,"href":"https:\/\/www.europesays.com\/lv\/wp-json\/wp\/v2\/users\/2"}],"replies":[{"embeddable":true,"href":"https:\/\/www.europesays.com\/lv\/wp-json\/wp\/v2\/comments?post=54229"}],"version-history":[{"count":0,"href":"https:\/\/www.europesays.com\/lv\/wp-json\/wp\/v2\/posts\/54229\/revisions"}],"wp:featuredmedia":[{"embeddable":true,"href":"https:\/\/www.europesays.com\/lv\/wp-json\/wp\/v2\/media\/54230"}],"wp:attachment":[{"href":"https:\/\/www.europesays.com\/lv\/wp-json\/wp\/v2\/media?parent=54229"}],"wp:term":[{"taxonomy":"category","embeddable":true,"href":"https:\/\/www.europesays.com\/lv\/wp-json\/wp\/v2\/categories?post=54229"},{"taxonomy":"post_tag","embeddable":true,"href":"https:\/\/www.europesays.com\/lv\/wp-json\/wp\/v2\/tags?post=54229"}],"curies":[{"name":"wp","href":"https:\/\/api.w.org\/{rel}","templated":true}]}}