{"id":54288,"date":"2025-11-20T07:12:10","date_gmt":"2025-11-20T07:12:10","guid":{"rendered":"https:\/\/www.europesays.com\/lv\/54288\/"},"modified":"2025-11-20T07:12:10","modified_gmt":"2025-11-20T07:12:10","slug":"stavu-kaila-peksni-dzivokli-ienak-tris-viriesi-ka-saimnieki-medz-apmeklet-ires-dzivoklus-bez-bridinajuma","status":"publish","type":"post","link":"https:\/\/www.europesays.com\/lv\/54288\/","title":{"rendered":"&#8220;St\u0101vu kaila. P\u0113k\u0161\u0146i dz\u012bvokl\u012b ien\u0101k tr\u012bs v\u012brie\u0161i.&#8221; K\u0101 saimnieki m\u0113dz apmekl\u0113t \u012bres dz\u012bvok\u013cus bez br\u012bdin\u0101juma"},"content":{"rendered":"<p>Nekustam\u0101 \u012bpa\u0161uma saimnieku un \u012brnieku attiec\u012bbas nereti izv\u0113r\u0161as sare\u017e\u0123\u012btas. \u012ares par\u0101dsaist\u012bbas vai saboj\u0101ts \u012bpa\u0161ums var izrais\u012bt lielas probl\u0113mas, kas slikt\u0101kaj\u0101 gad\u012bjum\u0101 var turpin\u0101ties ties\u0101. Da\u017ek\u0101rt starp ab\u0101m pus\u0113m notiek ar\u012b kuriozi. P\u0113d\u0113jo gadu laik\u0101 arvien vair\u0101ku gan \u0101rvalstu mediji, gan soci\u0101lo t\u012bklu lietot\u0101ji no da\u017e\u0101d\u0101m valst\u012bm uzsver, ka dz\u012bvok\u013ca saimnieks m\u0113dz apciemot \u012brnieku bez br\u012bdin\u0101juma.<\/p>\n<p>&#8220;No piedz\u012bvot\u0101 biju \u0161ok\u0101, pat neatceros, par ko m\u0113s sarun\u0101j\u0101mies,&#8221; p\u0101rdz\u012bvoto atminas \u012brniece.<\/p>\n","protected":false},"excerpt":{"rendered":"Nekustam\u0101 \u012bpa\u0161uma saimnieku un \u012brnieku attiec\u012bbas nereti izv\u0113r\u0161as sare\u017e\u0123\u012btas. \u012ares par\u0101dsaist\u012bbas vai saboj\u0101ts \u012bpa\u0161ums var izrais\u012bt lielas probl\u0113mas,&hellip;\n","protected":false},"author":2,"featured_media":54289,"comment_status":"","ping_status":"","sticky":false,"template":"","format":"standard","meta":{"footnotes":""},"categories":[12],"tags":[23,28,29,14791,14790,14792,32,33,22,14793,30,31,35,39,38,36,37,34,40,20,26,27,24,25,900,21],"class_list":{"0":"post-54288","1":"post","2":"type-post","3":"status-publish","4":"format-standard","5":"has-post-thumbnail","7":"category-latvija","8":"tag-aktualitates","9":"tag-breaking-news","10":"tag-breakingnews","11":"tag-cilvekstasts","12":"tag-dzivokli","13":"tag-dzivoklis","14":"tag-featured-news","15":"tag-featurednews","16":"tag-headlines","17":"tag-ires-dzivokli","18":"tag-latest-news","19":"tag-latestnews","20":"tag-latvia","21":"tag-latvian","22":"tag-latviesu","23":"tag-latviesu-valoda","24":"tag-latviesuvaloda","25":"tag-latvija","26":"tag-lv","27":"tag-news","28":"tag-popularakas-zinas","29":"tag-popularakaszinas","30":"tag-top-stories","31":"tag-topstories","32":"tag-tvnet-cilvekstasti","33":"tag-zinas"},"share_on_mastodon":{"url":"https:\/\/pubeurope.com\/@lv\/115580786738742174","error":""},"_links":{"self":[{"href":"https:\/\/www.europesays.com\/lv\/wp-json\/wp\/v2\/posts\/54288","targetHints":{"allow":["GET"]}}],"collection":[{"href":"https:\/\/www.europesays.com\/lv\/wp-json\/wp\/v2\/posts"}],"about":[{"href":"https:\/\/www.europesays.com\/lv\/wp-json\/wp\/v2\/types\/post"}],"author":[{"embeddable":true,"href":"https:\/\/www.europesays.com\/lv\/wp-json\/wp\/v2\/users\/2"}],"replies":[{"embeddable":true,"href":"https:\/\/www.europesays.com\/lv\/wp-json\/wp\/v2\/comments?post=54288"}],"version-history":[{"count":0,"href":"https:\/\/www.europesays.com\/lv\/wp-json\/wp\/v2\/posts\/54288\/revisions"}],"wp:featuredmedia":[{"embeddable":true,"href":"https:\/\/www.europesays.com\/lv\/wp-json\/wp\/v2\/media\/54289"}],"wp:attachment":[{"href":"https:\/\/www.europesays.com\/lv\/wp-json\/wp\/v2\/media?parent=54288"}],"wp:term":[{"taxonomy":"category","embeddable":true,"href":"https:\/\/www.europesays.com\/lv\/wp-json\/wp\/v2\/categories?post=54288"},{"taxonomy":"post_tag","embeddable":true,"href":"https:\/\/www.europesays.com\/lv\/wp-json\/wp\/v2\/tags?post=54288"}],"curies":[{"name":"wp","href":"https:\/\/api.w.org\/{rel}","templated":true}]}}