{"id":54301,"date":"2025-11-20T07:23:08","date_gmt":"2025-11-20T07:23:08","guid":{"rendered":"https:\/\/www.europesays.com\/lv\/54301\/"},"modified":"2025-11-20T07:23:08","modified_gmt":"2025-11-20T07:23:08","slug":"eksperts-nojauciet-tacu-tas-krievijas-platuma-sliedes-dienas-bizness","status":"publish","type":"post","link":"https:\/\/www.europesays.com\/lv\/54301\/","title":{"rendered":"Eksperts: Nojauciet ta\u010du t\u0101s Krievijas platuma sliedes :: Dienas Bizness"},"content":{"rendered":"<p class=\"text-font font-size--text-xlarge margin-3--bottom font-weight--bold padding-1--top\">Lai stiprin\u0101tu Latvijas milit\u0101ro dro\u0161\u012bbu, ir j\u0101nojauc vismaz tie Krievijas platuma slie\u017eu ce\u013ci uz austrumiem no Daugavpils, kas netiek izmantoti, jo bez dzelzce\u013ca Krievijas iesp\u0113jas veikt k\u0101du iebrukumu Latvij\u0101 b\u016btiski sare\u017e\u0123\u012btos, intervij\u0101 nor\u0101d\u012bja starptautisko attiec\u012bbu un aizsardz\u012bbas jomas p\u0113tnieks Kolins Smits.<\/p>\n<p class=\"text-font font-size--text-xlarge margin-3--bottom\">Vi\u0146\u0161 ik pa laikam Latvijas amatperson\u0101m jaut\u0101jot, k\u0101p\u0113c Latvija nav nojaukusi veco slie\u017eu ce\u013cu gar robe\u017eu.<\/p>\n<p class=\"text-font font-size--text-xlarge margin-3--bottom\">&#8220;Tur ir 40 kilometri slie\u017eu ce\u013ca Krievijas dzelzce\u013ca slie\u017eu platum\u0101. Ja j\u016bs to neizmantojat, ja neveicat pieg\u0101des uz Krieviju, ko j\u016bs nedar\u0101t, un nep\u0113rkat preces no Krievijas, ko j\u016bs ar\u012b nedar\u0101t, tad k\u0101p\u0113c jums visp\u0101r ir vajadz\u012bgs \u0161is dzelzce\u013c\u0161? Vienk\u0101r\u0161i atbr\u012bvojieties no t\u0101!&#8221; uzsv\u0113ra Smits.<\/p>\n<p class=\"text-font font-size--text-xlarge margin-3--bottom\">Amerik\u0101\u0146u milit\u0101r\u0101 eksperta veikt\u0101 anal\u012bze par Ukrainas karu likusi secin\u0101t, ka dzelzce\u013c\u0161 bija vien\u012bgais iemesls, k\u0101p\u0113c Krievija visp\u0101r sp\u0113ja paveikt to, ko t\u0101 paveica pirmajos se\u0161os kara m\u0113ne\u0161os un pat p\u0113c tam, kad atk\u0101p\u0101s un sakoncentr\u0113j\u0101s ap Do\u0146ecku.<\/p>\n<p class=\"text-font font-size--text-xlarge margin-3--bottom\">&#8220;Vien\u012bgais iemesls, k\u0101p\u0113c vi\u0146i \u0161odien sp\u0113j apg\u0101d\u0101t savus karav\u012brus, ir dzelzce\u013ca izmanto\u0161ana. Tie\u0161i t\u0101 Krievija karo, izmantojot dzelzce\u013cu. Ja Baltijas valstis v\u0113las nov\u0113rst iebrukumu, tad likvid\u0113jiet savus Krievijas slie\u017eu platuma vilcienus. Atbr\u012bvojieties no tiem,&#8221; uzsv\u0113ra Smits.<\/p>\n<p class=\"text-font font-size--text-xlarge margin-3--bottom\">Vi\u0146apr\u0101t, visiem slie\u017eu ce\u013ciem, kas atrodas uz austrumiem no Daugavpils, b\u016btu j\u0101paz\u016bd, un j\u0101atst\u0101j tikai tie, kas ir patie\u0161\u0101m nepiecie\u0161ami, piem\u0113ram, uz rietumiem un uz dienvidiem no Daugavpils.<\/p>\n<p class=\"text-font font-size--text-xlarge margin-3--bottom\">Eksperts pauda sapratni par to, ka jaun\u0101 Eiropas platuma slie\u017eu ce\u013ca izb\u016bve prasa tik ilgu laiku, tom\u0113r uzsv\u0113ra, ka \u0161\u0101ds slie\u017eu ce\u013c\u0161 Latvijai ir vajadz\u012bgs daudzu iemeslu d\u0113\u013c, ne tikai milit\u0101ru.<\/p>\n<p class=\"text-font font-size--text-xlarge margin-3--bottom\">&#8220;Lai integr\u0113tu ekonomiku, trim Baltijas valstu ekonomik\u0101m Eiropas platuma dzelzce\u013c\u0161 paver daudz vair\u0101k iesp\u0113ju p\u0101rvietot preces cit\u0101di, nevis ar ku\u0123iem. J\u0101, ku\u0123niec\u012bba joproj\u0101m ir l\u0113t\u0101kais veids, k\u0101 p\u0101rvietot preces. Tom\u0113r dzelzce\u013c\u0161 noteikti b\u016btu vair\u0101k vajadz\u012bgs milit\u0101r\u0101 zi\u0146\u0101,&#8221; sac\u012bja Smits.<\/p>\n<p class=\"text-font font-size--text-xlarge margin-3--bottom\">Jaut\u0101ts par da\u017e\u0101daj\u0101m Krievijas provok\u0101cij\u0101m Rietumos, eksperts piekr\u012bt, ka to m\u0113r\u0137is ir p\u0101rbaud\u012bt, k\u0101da ir NATO un alianses valstu reakcija &#8211; gan kolekt\u012bvi, gan individu\u0101li.<\/p>\n<p class=\"text-font font-size--text-xlarge margin-3--bottom\">&#8220;Dom\u0101ju, ka t\u0101 ir z\u012bme, ka Krievijai neizdodas sasniegt savus m\u0113r\u0137us Ukrain\u0101, t\u0101p\u0113c vi\u0146iem ir nepiecie\u0161ams kaut kas cits, par ko run\u0101t ar saviem cilv\u0113kiem. Tas viss ir \u013coti saist\u012bts ar viet\u0113jo auditoriju. K\u0101ds gan ir v\u0113st\u012bjums, ko Kremlis var nos\u016bt\u012bt visai Krievijai? Vi\u0146i joproj\u0101m nav uzvar\u0113ju\u0161i Ukrain\u0101. Vi\u0146i turpina apgalvot, ka uzvar\u0113s, bet neuzvar. Vi\u0146iem ir vajadz\u012bgs jauns narat\u012bvs,&#8221; uzskata Smits.<\/p>\n<p class=\"text-font font-size--text-xlarge margin-3--bottom\">Krievijas m\u0113\u0123in\u0101jumos iebaid\u012bt Rietumus ar saviem droniem eksperts redz zin\u0101mu pamatu, jo \u0161obr\u012bd Ukraina un Krievija ir divi pasaules liel\u0101kie eksperti bezpilota lidapar\u0101tu kara jom\u0101.<\/p>\n<p class=\"text-font font-size--text-xlarge margin-3--bottom\">&#8220;NATO v\u0113l nav dronu kara eksperts. Iesp\u0113jams, ar\u012b \u0136\u012bna zina daudz par bezpilota lidapar\u0101tu karadarb\u012bbu, tom\u0113r to neviens skaidri nezina, jo neesam neko redz\u0113ju\u0161i. Vi\u0146i to nav dar\u012bju\u0161i, bet, kam\u0113r tu to nedari, tu neko neiem\u0101cies. Nekas nel\u012bdzin\u0101s kaujai, kam\u0113r neesat taj\u0101 biju\u0161i, un tur past\u0101v\u012bgi c\u012bn\u0101s tikai Ukraina un Krievija,&#8221; izteic\u0101s Smits.<\/p>\n","protected":false},"excerpt":{"rendered":"Lai stiprin\u0101tu Latvijas milit\u0101ro dro\u0161\u012bbu, ir j\u0101nojauc vismaz tie Krievijas platuma slie\u017eu ce\u013ci uz austrumiem no Daugavpils, kas&hellip;\n","protected":false},"author":2,"featured_media":54302,"comment_status":"","ping_status":"","sticky":false,"template":"","format":"standard","meta":{"footnotes":""},"categories":[14],"tags":[23,57,869,77,870,28,29,867,32,33,22,30,31,35,39,38,36,37,34,871,868,40,20,26,27,24,25,54,55,56,21,58],"class_list":{"0":"post-54301","1":"post","2":"type-post","3":"status-publish","4":"format-standard","5":"has-post-thumbnail","7":"category-zinas-no-arvalstim","8":"tag-aktualitates","9":"tag-arvalstim","10":"tag-biznesa-zinas","11":"tag-bizness","12":"tag-bizness-latvija","13":"tag-breaking-news","14":"tag-breakingnews","15":"tag-dienas-zinas","16":"tag-featured-news","17":"tag-featurednews","18":"tag-headlines","19":"tag-latest-news","20":"tag-latestnews","21":"tag-latvia","22":"tag-latvian","23":"tag-latviesu","24":"tag-latviesu-valoda","25":"tag-latviesuvaloda","26":"tag-latvija","27":"tag-latvijas-biznesa-zinas","28":"tag-latvijas-zinas","29":"tag-lv","30":"tag-news","31":"tag-popularakas-zinas","32":"tag-popularakaszinas","33":"tag-top-stories","34":"tag-topstories","35":"tag-world","36":"tag-world-news","37":"tag-worldnews","38":"tag-zinas","39":"tag-zinas-no-arvalstim"},"share_on_mastodon":{"url":"https:\/\/pubeurope.com\/@lv\/115580829827722959","error":""},"_links":{"self":[{"href":"https:\/\/www.europesays.com\/lv\/wp-json\/wp\/v2\/posts\/54301","targetHints":{"allow":["GET"]}}],"collection":[{"href":"https:\/\/www.europesays.com\/lv\/wp-json\/wp\/v2\/posts"}],"about":[{"href":"https:\/\/www.europesays.com\/lv\/wp-json\/wp\/v2\/types\/post"}],"author":[{"embeddable":true,"href":"https:\/\/www.europesays.com\/lv\/wp-json\/wp\/v2\/users\/2"}],"replies":[{"embeddable":true,"href":"https:\/\/www.europesays.com\/lv\/wp-json\/wp\/v2\/comments?post=54301"}],"version-history":[{"count":0,"href":"https:\/\/www.europesays.com\/lv\/wp-json\/wp\/v2\/posts\/54301\/revisions"}],"wp:featuredmedia":[{"embeddable":true,"href":"https:\/\/www.europesays.com\/lv\/wp-json\/wp\/v2\/media\/54302"}],"wp:attachment":[{"href":"https:\/\/www.europesays.com\/lv\/wp-json\/wp\/v2\/media?parent=54301"}],"wp:term":[{"taxonomy":"category","embeddable":true,"href":"https:\/\/www.europesays.com\/lv\/wp-json\/wp\/v2\/categories?post=54301"},{"taxonomy":"post_tag","embeddable":true,"href":"https:\/\/www.europesays.com\/lv\/wp-json\/wp\/v2\/tags?post=54301"}],"curies":[{"name":"wp","href":"https:\/\/api.w.org\/{rel}","templated":true}]}}