{"id":54393,"date":"2025-11-20T09:02:13","date_gmt":"2025-11-20T09:02:13","guid":{"rendered":"https:\/\/www.europesays.com\/lv\/54393\/"},"modified":"2025-11-20T09:02:13","modified_gmt":"2025-11-20T09:02:13","slug":"tralmaks-ar-savienu-vairakuma-gust-savus-sestos-vartus-ahl-sezona-tv3-lv","status":"publish","type":"post","link":"https:\/\/www.europesays.com\/lv\/54393\/","title":{"rendered":"Tralmaks ar \u0161\u0101vienu vair\u0101kum\u0101 g\u016bst savus sestos v\u0101rtus AHL sezon\u0101 &#8211; tv3.lv"},"content":{"rendered":"<ol>\n<li><a href=\"https:\/\/news.google.com\/rss\/articles\/CBMimwFBVV95cUxPeEIwUi1JM01BMlg5ZGlOWFREcDhpZFhnZWxJd3MzMjdsWDJmOGtoRGlkX2JUbzVvQmpBQ3g4Zmdwa2JlMDNWVkRQbGQ1cTVscDdJbFZKUXlhQWZqSlFpd3BGM1Z1dmpiMGlvRDl3LUs4VTl4U2NKTDdRd0ZSOEYxd3JtOWJUZGtXOVVPZ3pyQkpOb3lkcDVOSnJiUQ?oc=5\" target=\"_blank\" rel=\"nofollow noopener\">Tralmaks ar \u0161\u0101vienu vair\u0101kum\u0101 g\u016bst savus sestos v\u0101rtus AHL sezon\u0101<\/a>&nbsp;&nbsp;tv3.lv<\/li>\n<li><a href=\"https:\/\/news.google.com\/rss\/articles\/CBMie0FVX3lxTFBzeEdqa3Nqb1U5b1pvcEd0dHc1OFNYZlZGTWVMRWNBaEJHVXBPeHp5MkJzVmplZDVmbWZuSEUwQUJZMEhNYWZtTFRhMkUtZVFMTzAyVGdId3ZHZ3JCd0VGS09VbmNjUFppdWt3c0hLakJaeGMwYnBsUzctVQ?oc=5\" target=\"_blank\" rel=\"nofollow noopener\">Tralmaks g\u016bst sestos v\u0101rtus \u0161osezon AHL<\/a>&nbsp;&nbsp;TVNET Sports<\/li>\n<li><a href=\"https:\/\/news.google.com\/rss\/articles\/CBMipgFBVV95cUxOSjYtYU1Gc0hjQ0FHRzkyRjAzaE1pLWhuaTJDWXVpZTFFdEFTd05KS0E5ck5WQm9uQWx1R2xfQm1tNnNyVTNhYVYyM2NrS005aEo3TnMxblJ4VzNxVnYxYU1YREQtMVFkTmxxMWhBeEdNSlhxMnI0aDlHd3EtV0wzX3BmVnpxOWVsZ2RUZS1EbnBxczQ5OHoxVG5wallRRUdQWEp6T0Z3?oc=5\" target=\"_blank\" rel=\"nofollow noopener\">Tralmaks par\u0101da savu spo\u017eo metienu un triec ripu v\u0101rtos vair\u0101kum\u0101 AHL ma\u010d\u0101<\/a>&nbsp;&nbsp;Sportazinas.com<\/li>\n<li><a href=\"https:\/\/news.google.com\/rss\/articles\/CBMilwFBVV95cUxPWFZSbDJlUTAxR0k2ejNJYzl2UkFjbFMtVHFtM0RRY1N1b1ZrN044R0ViLS1rNjlSYVBjTFZRTDRQcnRaNDktNTQzTldrblAzYUV6S1FkUmFPQm5CTVdIaWVoNWE3MXZ0VzNFaDBHQ3NkS0NaRTAzNGV0V3JwNUM4Z0dBVE9WZmtTSUtWQXE0WnJXOFZEQThr?oc=5\" target=\"_blank\" rel=\"nofollow noopener\">Tralmakam v\u0101rtu guvums otraj\u0101 sp\u0113l\u0113 p\u0113c k\u0101rtas \u2013 Hokejs<\/a>&nbsp;&nbsp;Sportacentrs.com<\/li>\n<li><a href=\"https:\/\/news.google.com\/rss\/articles\/CBMioAFBVV95cUxQNC11bE5qcmJkR1BBNFdHdWVGVkFNQ0VjdGpoMF9QYXFFejFOMEw4WGtPUE93RlB0dmhMSm16bThBV2FWT1Z4elRTc1lRRTV3Q3pwb3Nva191c2FuSzY0ZENTWC1qTnA4R20xbVJWZE92RlBZMVE2bXIzenAyWVQ0NThVMm80OTZ4YUJJd2tmbUdMYWFWZ1dsQlJuSnQwNVpw?oc=5\" target=\"_blank\" rel=\"nofollow noopener\">Tralmaks ar g\u016btiem v\u0101rtiem pal\u012bdz komandai tikt pie pan\u0101kuma AHL ma\u010d\u0101<\/a>&nbsp;&nbsp;Apollo.lv<\/li>\n<\/ol>\n","protected":false},"excerpt":{"rendered":"Tralmaks ar \u0161\u0101vienu vair\u0101kum\u0101 g\u016bst savus sestos v\u0101rtus AHL sezon\u0101&nbsp;&nbsp;tv3.lv Tralmaks g\u016bst sestos v\u0101rtus \u0161osezon AHL&nbsp;&nbsp;TVNET Sports Tralmaks&hellip;\n","protected":false},"author":2,"featured_media":54394,"comment_status":"","ping_status":"","sticky":false,"template":"","format":"standard","meta":{"footnotes":""},"categories":[17],"tags":[13852,35,39,38,36,37,34,40,67],"class_list":{"0":"post-54393","1":"post","2":"type-post","3":"status-publish","4":"format-standard","5":"has-post-thumbnail","7":"category-sports","8":"tag-ahleduards-tralmaks","9":"tag-latvia","10":"tag-latvian","11":"tag-latviesu","12":"tag-latviesu-valoda","13":"tag-latviesuvaloda","14":"tag-latvija","15":"tag-lv","16":"tag-sports"},"share_on_mastodon":{"url":"https:\/\/pubeurope.com\/@lv\/115581219382806780","error":""},"_links":{"self":[{"href":"https:\/\/www.europesays.com\/lv\/wp-json\/wp\/v2\/posts\/54393","targetHints":{"allow":["GET"]}}],"collection":[{"href":"https:\/\/www.europesays.com\/lv\/wp-json\/wp\/v2\/posts"}],"about":[{"href":"https:\/\/www.europesays.com\/lv\/wp-json\/wp\/v2\/types\/post"}],"author":[{"embeddable":true,"href":"https:\/\/www.europesays.com\/lv\/wp-json\/wp\/v2\/users\/2"}],"replies":[{"embeddable":true,"href":"https:\/\/www.europesays.com\/lv\/wp-json\/wp\/v2\/comments?post=54393"}],"version-history":[{"count":0,"href":"https:\/\/www.europesays.com\/lv\/wp-json\/wp\/v2\/posts\/54393\/revisions"}],"wp:featuredmedia":[{"embeddable":true,"href":"https:\/\/www.europesays.com\/lv\/wp-json\/wp\/v2\/media\/54394"}],"wp:attachment":[{"href":"https:\/\/www.europesays.com\/lv\/wp-json\/wp\/v2\/media?parent=54393"}],"wp:term":[{"taxonomy":"category","embeddable":true,"href":"https:\/\/www.europesays.com\/lv\/wp-json\/wp\/v2\/categories?post=54393"},{"taxonomy":"post_tag","embeddable":true,"href":"https:\/\/www.europesays.com\/lv\/wp-json\/wp\/v2\/tags?post=54393"}],"curies":[{"name":"wp","href":"https:\/\/api.w.org\/{rel}","templated":true}]}}