{"id":54411,"date":"2025-11-20T09:22:09","date_gmt":"2025-11-20T09:22:09","guid":{"rendered":"https:\/\/www.europesays.com\/lv\/54411\/"},"modified":"2025-11-20T09:22:09","modified_gmt":"2025-11-20T09:22:09","slug":"lietuva-atverusi-robezu-ar-baltkrieviju","status":"publish","type":"post","link":"https:\/\/www.europesays.com\/lv\/54411\/","title":{"rendered":"Lietuva atv\u0113rusi robe\u017eu ar Baltkrieviju"},"content":{"rendered":"<p>&#8220;K\u0101 pl\u0101nots, robe\u017ekontroles punkti darb\u012bbu piln\u012bb\u0101 ats\u0101ka pusnakt\u012b,&#8221; pazi\u0146oja Valsts robe\u017esardzes dienesta preses p\u0101rst\u0101vis \u0122iedrjus Mi\u0161utis.<\/p>\n<p>Vi\u0146\u0161 sac\u012bja, ka l\u012bdz \u0161im liela satiksmes pl\u016bsma robe\u017ekontroles punktos nav nov\u0113rota.<\/p>\n<blockquote class=\"quote ck-widget\" contenteditable=\"false\">\n<p>Lietuvas kravas automa\u0161\u012bnas, kas robe\u017eas sl\u0113g\u0161anas d\u0113\u013c bija iestr\u0113gu\u0161as Baltkrievij\u0101, v\u0113l nav s\u0101ku\u0161as atgriezties, jo j\u0101nok\u0101rto formalit\u0101tes st\u0101vviet\u0101s, kur\u0101s t\u0101m lika atrasties Baltkrievijas varasiest\u0101des.<\/p>\n<\/blockquote>\n<p>Lietuvas vald\u012bba tre\u0161dien nol\u0113ma atv\u0113rt robe\u017eu ar Baltkrieviju pirms s\u0101kotn\u0113ji pl\u0101not\u0101 termi\u0146a. Otrdien Nacion\u0101l\u0101s dro\u0161\u012bbas komisijas san\u0101ksm\u0113 tika secin\u0101ts, ka ir main\u012bju\u0161ies apst\u0101k\u013ci un vald\u012bbas 29. oktobr\u012b noteiktie ierobe\u017eojumi vairs nav nepiecie\u0161ami iek\u0161\u0113j\u0101s dro\u0161\u012bbas garant\u0113\u0161anai.<\/p>\n<p>Politi\u0137i un amatpersonas pazi\u0146oja, ka l\u0113mums atv\u0113rt robe\u017ekontroles punktus ir saist\u012bts ar to, ka Minska izr\u0101d\u012bja gatav\u012bbu sadarboties kontrabandistu balonu rad\u012bto draudu apkaro\u0161an\u0101.<\/p>\n<p>Saist\u012bb\u0101 ar to, ka Lietuv\u0101 tika re\u0123istr\u0113ts kontrabandas balonu no Baltkrievijas skaita pieaugums un vair\u0101kk\u0101rt tika trauc\u0113ts Vi\u013c\u0146as lidostas darbs, Lietuvas vald\u012bba oktobra beig\u0101s nol\u0113ma l\u012bdz 30. novembrim sl\u0113gt valsts robe\u017eu ar Baltkrieviju, nosakot iz\u0146\u0113mumus atsevi\u0161\u0137\u0101m ce\u013cot\u0101ju grup\u0101m. Tika pie\u013cauts, ka v\u0113l\u0101k \u0161o termi\u0146u var\u0113tu pagarin\u0101t.<\/p>\n<p>P\u0113c tam, kad Polija pirmdien atkal atv\u0113ra divus robe\u017ekontroles punktus ar Baltkrieviju, Lietuvas un Baltkrievijas robe\u017esardzes amatpersonas otrdien r\u012bkoja tehniskas sarunas par Lietuvas kravas automa\u0161\u012bnu atgrie\u0161anos, k\u0101 ar\u012b par kontrabandas un migrantu jaut\u0101jumiem.<\/p>\n<p>Robe\u017eas sl\u0113g\u0161ana rad\u012bja sare\u017e\u0123\u012bjumus kravu p\u0101rvad\u0101t\u0101jiem, jo Minska, rea\u0123\u0113jot uz Vi\u013c\u0146as l\u0113mumu, pazi\u0146oja, ka Lietuv\u0101 re\u0123istr\u0113t\u0101m kravas automa\u0161\u012bn\u0101m un puspiekab\u0113m aizliegts p\u0101rvietoties pa Baltkrievijas teritoriju un t\u0101m j\u0101uzturas speci\u0101los st\u0101vlaukumos, par kuriem j\u0101maks\u0101 120 eiro dien\u0101. Ja st\u0101vlaukuma maksa netiks apmaks\u0101ta, Minska ir draud\u0113jusi konfisc\u0113t transportl\u012bdzek\u013cus.<\/p>\n","protected":false},"excerpt":{"rendered":"&#8220;K\u0101 pl\u0101nots, robe\u017ekontroles punkti darb\u012bbu piln\u012bb\u0101 ats\u0101ka pusnakt\u012b,&#8221; pazi\u0146oja Valsts robe\u017esardzes dienesta preses p\u0101rst\u0101vis \u0122iedrjus Mi\u0161utis. Vi\u0146\u0161 sac\u012bja,&hellip;\n","protected":false},"author":2,"featured_media":54412,"comment_status":"","ping_status":"","sticky":false,"template":"","format":"standard","meta":{"footnotes":""},"categories":[14],"tags":[23,57,2416,28,29,32,33,22,1571,74,30,31,35,39,38,36,37,34,1464,40,20,26,27,24,25,54,55,56,21,58],"class_list":{"0":"post-54411","1":"post","2":"type-post","3":"status-publish","4":"format-standard","5":"has-post-thumbnail","7":"category-zinas-no-arvalstim","8":"tag-aktualitates","9":"tag-arvalstim","10":"tag-baltkrievija","11":"tag-breaking-news","12":"tag-breakingnews","13":"tag-featured-news","14":"tag-featurednews","15":"tag-headlines","16":"tag-hibridkars","17":"tag-krievijas-iebrukums-ukraina","18":"tag-latest-news","19":"tag-latestnews","20":"tag-latvia","21":"tag-latvian","22":"tag-latviesu","23":"tag-latviesu-valoda","24":"tag-latviesuvaloda","25":"tag-latvija","26":"tag-lietuva","27":"tag-lv","28":"tag-news","29":"tag-popularakas-zinas","30":"tag-popularakaszinas","31":"tag-top-stories","32":"tag-topstories","33":"tag-world","34":"tag-world-news","35":"tag-worldnews","36":"tag-zinas","37":"tag-zinas-no-arvalstim"},"share_on_mastodon":{"url":"https:\/\/pubeurope.com\/@lv\/115581297853325353","error":""},"_links":{"self":[{"href":"https:\/\/www.europesays.com\/lv\/wp-json\/wp\/v2\/posts\/54411","targetHints":{"allow":["GET"]}}],"collection":[{"href":"https:\/\/www.europesays.com\/lv\/wp-json\/wp\/v2\/posts"}],"about":[{"href":"https:\/\/www.europesays.com\/lv\/wp-json\/wp\/v2\/types\/post"}],"author":[{"embeddable":true,"href":"https:\/\/www.europesays.com\/lv\/wp-json\/wp\/v2\/users\/2"}],"replies":[{"embeddable":true,"href":"https:\/\/www.europesays.com\/lv\/wp-json\/wp\/v2\/comments?post=54411"}],"version-history":[{"count":0,"href":"https:\/\/www.europesays.com\/lv\/wp-json\/wp\/v2\/posts\/54411\/revisions"}],"wp:featuredmedia":[{"embeddable":true,"href":"https:\/\/www.europesays.com\/lv\/wp-json\/wp\/v2\/media\/54412"}],"wp:attachment":[{"href":"https:\/\/www.europesays.com\/lv\/wp-json\/wp\/v2\/media?parent=54411"}],"wp:term":[{"taxonomy":"category","embeddable":true,"href":"https:\/\/www.europesays.com\/lv\/wp-json\/wp\/v2\/categories?post=54411"},{"taxonomy":"post_tag","embeddable":true,"href":"https:\/\/www.europesays.com\/lv\/wp-json\/wp\/v2\/tags?post=54411"}],"curies":[{"name":"wp","href":"https:\/\/api.w.org\/{rel}","templated":true}]}}