{"id":54439,"date":"2025-11-20T09:49:07","date_gmt":"2025-11-20T09:49:07","guid":{"rendered":"https:\/\/www.europesays.com\/lv\/54439\/"},"modified":"2025-11-20T09:49:07","modified_gmt":"2025-11-20T09:49:07","slug":"rupes-par-lidzsvaru-un-labsajutu-mara-sleja-atklaj-savu-profesiju-kada-ir-tikai-diviem-cilvekiem-latvija","status":"publish","type":"post","link":"https:\/\/www.europesays.com\/lv\/54439\/","title":{"rendered":"R\u016bp\u0113s par l\u012bdzsvaru un labsaj\u016btu \u2013 M\u0101ra Sleja atkl\u0101j savu profesiju, k\u0101da ir tikai diviem cilv\u0113kiem Latvij\u0101"},"content":{"rendered":"<p>Publicit\u0101tes foto<\/p>\n<p style=\"text-align: justify;\">Int\u012bmo ainu koordinators \u2013 loma, kas pavisam nesen papildin\u0101ja pasaules kino darbu film\u0113\u0161anas komandu sast\u0101vu. \u0160obr\u012bd Latvij\u0101 sertific\u0113to int\u012bmo koordinatoru skaits ir vien divi cilv\u0113ki, kam\u0113r vis\u0101 Baltij\u0101 tie ir septi\u0146i speci\u0101listi. K\u0101p\u0113c ir nepiecie\u0161ams int\u012bmo ainu koordinators, k\u0101di ir vi\u0146a pien\u0101kumi un k\u0101 main\u0101s aktieru un film\u0113\u0161anas komandas ikdiena, st\u0101sta M\u0101ra Sleja, pirm\u0101 sertific\u0113t\u0101 int\u012bmo ainu koordinatore Latvij\u0101, kura pavisam nesen str\u0101d\u0101ja ar\u012b pie jaun\u0101 Go3 seri\u0101la \u201cPraktisk\u0101 kokvilna\u201d.<\/p>\n<p style=\"text-align: justify;\">Int\u012bmo ainu koordinators ir cilv\u0113ks, kas ir atbild\u012bgs par aktieru un film\u0113\u0161anas sast\u0101va labsaj\u016btu uz film\u0113\u0161anas laukuma, iepriek\u0161 apzinot robe\u017eas, inform\u0113t\u0101s piekri\u0161anas, re\u017eisora un producenta skat\u012bjumu, mekl\u0113jot kopsauc\u0113jus. Int\u012bmo ainu koordinators str\u0101d\u0101 ar da\u017e\u0101d\u0101m ain\u0101m \u2013 int\u012bm\u0101m, kailuma, simul\u0113t\u0101 seksa, dzemd\u012bbu un pat morga ain\u0101m. Ar\u012b ainas ar b\u0113rniem tiek pieskait\u012btas pie intimit\u0101tes, gad\u012bjum\u0101, ja lomu atveidot\u0101ji nav b\u0113rna vec\u0101ki.<\/p>\n<p style=\"text-align: justify;\">\u201c\u0160\u0101d\u0101m ain\u0101m ir v\u0113rts sagatavoties \u2013 inform\u0113t\u0101 piekri\u0161ana ir pamats jebkurai int\u012bmai mijiedarb\u012bbai. M\u0113s skaidri pasak\u0101m, ko pl\u0101nojam dar\u012bt, un gaid\u0101m, vai partneris to ir gatavs apstiprin\u0101t. \u0160\u0101da pieeja neierobe\u017eo aktieru improviz\u0101ciju \u2013 izrun\u0101jot visu iepriek\u0161, aktieri sav\u0101 starp\u0101 vienojas kas un k\u0101 notiks, bet atst\u0101jot vietu spontanit\u0101tei katra aktiera robe\u017eu ietvar\u0101,\u201d bilst int\u012bmo ainu koordinatore M\u0101ra Sleja.<\/p>\n<blockquote>\n<p style=\"text-align: center;\">Str\u0101d\u0101jot k\u0101 mediatoram starp re\u017eisora v\u012bziju, aktiera robe\u017e\u0101m, producentu iesp\u0113j\u0101m un film\u0113\u0161anas komandas labsaj\u016btu, int\u012bmo ainu koordinators mazina hierarhiju kino darbinieku vid\u016b un nodro\u0161ina l\u012bdzsvaru film\u0113\u0161anas proces\u0101. Jebkur\u0161 no iesaist\u012bt\u0101m pus\u0113m var v\u0113rsties pie koordinatora, izj\u016btot nepat\u012bkamas emocijas vai situ\u0101cijas.<\/p>\n<\/blockquote>\n<p style=\"text-align: justify;\">M\u0101ra Sleja nor\u0101da, ka \u0161o darbu iedala trij\u0101s da\u013c\u0101s: darbs pirms un p\u0113c film\u0113\u0161anas un darbs uz laukuma. Darbs pirms film\u0113\u0161anas esot noz\u012bm\u012bg\u0101kais \u2013 nepiecie\u0161ams aprun\u0101ties ar visiem aktieriem, re\u017eisoru, kost\u012bmu un grima m\u0101ksliniekiem, apzin\u0101t piekri\u0161anas un ieg\u0101d\u0101ties \u012bpa\u0161o apak\u0161ve\u013cu, ja ir vajadz\u012bba. Ja sagatavo\u0161an\u0101s posm\u0101 viss ir paveikts r\u016bp\u012bgi, film\u0113\u0161anas laukum\u0101 atliek vien p\u0101rbaud\u012bt robe\u017eas un risin\u0101t neparedz\u0113tas situ\u0101cijas, ja t\u0101das rodas.<\/p>\n<p style=\"text-align: justify;\">Lai gan \u0161\u0137iet, ka int\u012bmo ainu koordinatora darbs lieki pat\u0113r\u0113 laiku un naudu, M\u0101ra nor\u0101da, ka ir glu\u017ei otr\u0101di \u2013 film\u0113\u0161anas darbs norit\u0113s glud\u0101k \u2013 ar maz\u0101kiem finansi\u0101liem, laika un ment\u0101liem zaud\u0113jumiem. Seri\u0101la \u201cPraktisk\u0101 kokvilna\u201d film\u0113\u0161anas proces\u0101 koordinatora darbs ir bijis \u012bpa\u0161i v\u0113rt\u012bgs. Re\u017eisore Zanda Ram\u0101ne par \u0161o profesiju un M\u0101ras Slejas darbu min \u013coti svar\u012bgu atzi\u0146u: \u201cNeviens st\u0101sts nav t\u0101 v\u0113rts, lai \u201c\u010dakar\u0113tu\u201d cilv\u0113ku.\u201d<\/p>\n<p style=\"text-align: justify;\">\u201cPraktisk\u0101 kokvilna\u201d st\u0101sta par tr\u012bsdesmit \u010detrus gadus jauno Ditu, kas divus gadus p\u0113c \u0161\u0137ir\u0161an\u0101s, ir pie\u0146\u0113musi l\u0113mumu \u2013 nomain\u012bt kokvilnas m\u0101jas t\u0113rpu pret kaut ko ne\u0113rt\u0101ku, toties izaicino\u0161\u0101ku \u2013 randi\u0146iem! Vi\u0146a dod iesp\u0113ju internetam, un t\u0101 dz\u012bl\u0113s atrod patie\u0161\u0101m interesantu v\u012brieti, kas atmodina vi\u0146as duso\u0161o libido.<\/p>\n<p style=\"text-align: justify;\">Seri\u0101l\u0101 galven\u0101s lomas atveido: Sandija Dovg\u0101ne, Liene Sebre, J\u0101nis Kronis, Igors \u0160elegovskis, Jana Herbsta, Aksels Aizkalns, Marta Lovisa, Kar\u012bna Tatarinova, Gerda Embure, Samira Adgezalova, Rauls Grancovskis.<\/p>\n<p style=\"text-align: justify;\">Lasiet ar\u012b:\u00a0<\/p>\n<p style=\"text-align: justify;\"><a href=\"https:\/\/ritakafija.lv\/2025\/11\/19\/putina-bijusais-runu-rakstitajs-atklaj-par-ko-sapno-kremlis-un-ko-tostos-min-diktatora-tuvakie\/\" target=\"_blank\" rel=\"noopener nofollow\">Putina\u00a0biju\u0161ais runu rakst\u012bt\u0101js atkl\u0101j, par ko sap\u0146o Kremlis un ko tostos min diktatora tuv\u0101kie<\/a><\/p>\n<p style=\"text-align: justify;\"><a style=\"color: #800000;\" href=\"https:\/\/ritakafija.lv\/2025\/11\/20\/izraudziti-gan-mazak-zinami-gan-loti-pazistami-pasmaju-muziki-kas-cinisies-par-celazimi-uz-eiroviziju\/\" target=\"_blank\" rel=\"noopener nofollow\">Izraudz\u012bti gan maz\u0101k zin\u0101mi, gan \u013coti paz\u012bstami pa\u0161m\u0101ju m\u016bzi\u0137i, kas c\u012bn\u012bsies par ce\u013caz\u012bmi uz\u00a0Eirov\u012bziju<\/a><\/p>\n<p style=\"text-align: justify;\"><a style=\"color: #800000;\" href=\"https:\/\/ritakafija.lv\/2025\/11\/20\/foto-rigas-mers-kleinbers-izraugas-galvaspilsetas-galvenas-ziemassvetku-egles\/\" target=\"_blank\" rel=\"noopener nofollow\">FOTO | R\u012bgas m\u0113rs Kleinbers izraug\u0101s\u00a0galvaspils\u0113tas galven\u0101s Ziemassv\u0113tku egles<\/a><\/p>\n<p style=\"text-align: justify;\"><a style=\"color: #800000;\" href=\"https:\/\/ritakafija.lv\/2025\/11\/20\/foto-cetri-drosminieki-vel-nebijusa-pasmaju-sova-mekles-milestibu-bezcelos\/\" target=\"_blank\" rel=\"noopener nofollow\">FOTO | \u010cetri drosminieki v\u0113l nebiju\u0161\u0101 pa\u0161m\u0101ju \u0161ov\u0101 mekl\u0113s m\u012blest\u012bbu bezce\u013cos<\/a><\/p>\n<p style=\"text-align: justify;\"><a style=\"color: #800000;\" href=\"https:\/\/ritakafija.lv\/2025\/11\/20\/gaidami-parmainu-pludi-astrologi-atklaj-ko-katrai-no-zodiaka-zimem-nesis-2026-gada-sakums\/\" target=\"_blank\" rel=\"noopener nofollow\">Gaid\u0101mi p\u0101rmai\u0146u pl\u016bdi \u2013 astrologi atkl\u0101j, ko katrai no zodiaka z\u012bm\u0113m nes\u012bs 2026. gada s\u0101kums<\/a><\/p>\n<p style=\"text-align: justify;\"><a style=\"color: #800000;\" href=\"https:\/\/ritakafija.lv\/2025\/11\/20\/sakusies-pareja-uz-pilniba-digitalizetiem-e-nosutijumiem-pie-arsta\/\" target=\"_blank\" rel=\"noopener nofollow\">S\u0101kusies\u00a0p\u0101reja uz piln\u012bb\u0101 digitaliz\u0113tiem e-nos\u016bt\u012bjumiem pie \u0101rsta<\/a><\/p>\n<p style=\"text-align: justify;\"><a href=\"https:\/\/ritakafija.lv\/2025\/10\/24\/saeima-konceptuali-atbalsta-latvijas-izstasanos-no-stambulas-konvencijas\/\" rel=\"nofollow noopener\" target=\"_blank\">Seko mums ar\u012b\u00a0Facebook,X,\u00a0Instagram\u00a0un\u00a0Draugiem<\/a><\/p>\n","protected":false},"excerpt":{"rendered":"Publicit\u0101tes foto Int\u012bmo ainu koordinators \u2013 loma, kas pavisam nesen papildin\u0101ja pasaules kino darbu film\u0113\u0161anas komandu sast\u0101vu. \u0160obr\u012bd&hellip;\n","protected":false},"author":2,"featured_media":54440,"comment_status":"","ping_status":"","sticky":false,"template":"","format":"standard","meta":{"footnotes":""},"categories":[19],"tags":[14815,89,14816,11892,14817,90,14818,13161,14819,35,39,38,36,37,34,14820,40,14821,14822,10364,14823,14824,14825,3314],"class_list":{"0":"post-54439","1":"post","2":"type-post","3":"status-publish","4":"format-standard","5":"has-post-thumbnail","7":"category-izklaide","8":"tag-aksels-aizkalns","9":"tag-entertainment","10":"tag-gerda-embure","11":"tag-igors-selegovskis","12":"tag-intimo-ainu-koordinators","13":"tag-izklaide","14":"tag-jana-herbsta","15":"tag-janis-kronis","16":"tag-karina-tatarinova","17":"tag-latvia","18":"tag-latvian","19":"tag-latviesu","20":"tag-latviesu-valoda","21":"tag-latviesuvaloda","22":"tag-latvija","23":"tag-liene-sebre","24":"tag-lv","25":"tag-mara-sleja","26":"tag-marta-lovisa","27":"tag-praktiska-kokvilna","28":"tag-rauls-grancovskis","29":"tag-samira-adgezalova","30":"tag-sandija-dovgane","31":"tag-serials"},"share_on_mastodon":{"url":"https:\/\/pubeurope.com\/@lv\/115581404007600410","error":""},"_links":{"self":[{"href":"https:\/\/www.europesays.com\/lv\/wp-json\/wp\/v2\/posts\/54439","targetHints":{"allow":["GET"]}}],"collection":[{"href":"https:\/\/www.europesays.com\/lv\/wp-json\/wp\/v2\/posts"}],"about":[{"href":"https:\/\/www.europesays.com\/lv\/wp-json\/wp\/v2\/types\/post"}],"author":[{"embeddable":true,"href":"https:\/\/www.europesays.com\/lv\/wp-json\/wp\/v2\/users\/2"}],"replies":[{"embeddable":true,"href":"https:\/\/www.europesays.com\/lv\/wp-json\/wp\/v2\/comments?post=54439"}],"version-history":[{"count":0,"href":"https:\/\/www.europesays.com\/lv\/wp-json\/wp\/v2\/posts\/54439\/revisions"}],"wp:featuredmedia":[{"embeddable":true,"href":"https:\/\/www.europesays.com\/lv\/wp-json\/wp\/v2\/media\/54440"}],"wp:attachment":[{"href":"https:\/\/www.europesays.com\/lv\/wp-json\/wp\/v2\/media?parent=54439"}],"wp:term":[{"taxonomy":"category","embeddable":true,"href":"https:\/\/www.europesays.com\/lv\/wp-json\/wp\/v2\/categories?post=54439"},{"taxonomy":"post_tag","embeddable":true,"href":"https:\/\/www.europesays.com\/lv\/wp-json\/wp\/v2\/tags?post=54439"}],"curies":[{"name":"wp","href":"https:\/\/api.w.org\/{rel}","templated":true}]}}