{"id":5444,"date":"2025-09-26T08:56:07","date_gmt":"2025-09-26T08:56:07","guid":{"rendered":"https:\/\/www.europesays.com\/lv\/5444\/"},"modified":"2025-09-26T08:56:07","modified_gmt":"2025-09-26T08:56:07","slug":"pk-kopvertejuma-rollersleposana-vigants-ar-kaparkaleju-trijnieka-pieaugusajiem-skujins-otrais-junioros","status":"publish","type":"post","link":"https:\/\/www.europesays.com\/lv\/5444\/","title":{"rendered":"PK kopv\u0113rt\u0113jum\u0101 rollersl\u0113po\u0161an\u0101 V\u012bgants ar Kaparkal\u0113ju trijniek\u0101 pieaugu\u0161ajiem, Skuji\u0146\u0161 otrais junioros"},"content":{"rendered":"<p>2025.gada sezon\u0101 tika aizvad\u012bti tr\u012bs posmi. Sezona ies\u0101k\u0101s j\u016blija vid\u016b Madon\u0101, turpin\u0101j\u0101s ar otro posmu augusta beig\u0101s Zviedrij\u0101, bet nosl\u0113dz\u0101s nupat ar tre\u0161o posmu It\u0101lij\u0101. Jau s\u0101ku\u0161i ar pan\u0101kumiem Madon\u0101 Latvijas rollersl\u0113pot\u0101ji ar\u012b pabeidza \u0161o sezonu ar pan\u0101kumiem individu\u0101lajos startos un ar\u012b \u013coti augst\u0101m viet\u0101m kopv\u0113rt\u0113jum\u0101, kur jo \u012bpa\u0161i j\u0101izce\u013c tr\u012bs latvie\u0161i \u2013 Raimo V\u012bgants, Lauris Kaparkal\u0113js un Valts Skuji\u0146\u0161, kuri ieguva godalgotas vietas.<\/p>\n<p>2024.gad\u0101 V\u012bgants, kur\u0161 togad ar\u012b uzvar\u0113ja pasaules \u010dempion\u0101t\u0101 masu start\u0101 septembr\u012b, pirmo reizi k\u013cuva par pasaules kausa ieguv\u0113ju rollersl\u0113po\u0161an\u0101 un \u0161ogad bija \u013coti tuvu tam, lai atk\u0101rtotu p\u0113rn sasniegto. Madonietis p\u0113d\u0113j\u0101 start\u0101 izdar\u012bja maksimumu, izc\u012bnot masu starta distanc\u0113 uzvaru, kas vi\u0146am jau tre\u0161\u0101 \u0161aj\u0101 sezon\u0101, ta\u010du Mateo Tanels c\u012b\u0146\u0101 par otro vietu apsteidza austrieti, un tas it\u0101lim \u013c\u0101va kopv\u0113rt\u0113jum\u0101 par vienu punktu apsteigt Raimo. Interesanti, ka Tanels \u0161ogad t\u0101 ar\u012b nevien\u0101 start\u0101 neuzvar\u0113ja, ta\u010du vi\u0146am par labu n\u0101ca piedal\u012b\u0161an\u0101s Pasaules kausa posm\u0101 Zviedrij\u0101, kuru savuk\u0101rt izlaida V\u012bgants.<\/p>\n<p>L\u012bdz\u012bg\u0101 c\u012b\u0146\u0101 ar daudzk\u0101rt\u0113jo pasaules \u010dempionu un Pasaules kausa posmu uzvar\u0113t\u0101ju sprint\u0101 Emanueli Beki no It\u0101lijas tre\u0161o vietu izc\u012bn\u012bja ziem\u0101 divas reizes tr\u012bsdesmitniek\u0101 Pasaules kausa posmos tiku\u0161ais Lauris Kaparkal\u0113js, kuram t\u0101 ir pirm\u0101 godalga Pasaules kausa kopv\u0113rt\u0113jum\u0101.  17.vieta vair\u0101k nek\u0101 150 dal\u012bbnieku vid\u016b siguldietim Sandijam Suhanovam.<\/p>\n<p>Tre\u0161o godalgu Latvijai sar\u016bp\u0113ja nu jau \u0161\u012b gada pasaules vice\u010dempions masu startu distanc\u0113 junioriem Valts Skuji\u0146\u0161, kur\u0161 v\u0113l ir U16 grupas p\u0101rst\u0101vis un sacent\u0101s ar U18 un U20 grupas konkurentiem. Neskatoties uz to, jaunais ark\u0101dietis r\u0101d\u012bja \u013coti labu sniegumu, bija vien\u012bgais latvietis augusta beigu posm\u0101 Zviedrij\u0101 un izc\u012bn\u012bja kopv\u0113rt\u0113jum\u0101 otro vietu, piek\u0101pjoties tikai sp\u0113c\u012bgajam zviedram Ville Juterd\u0101lam. Labs rezult\u0101ts un vieta desmitniek\u0101 siguldietim Bruno Bil\u0101nam, kur\u0161 p\u0113d\u0113j\u0101 posm\u0101 uzvar\u0113ja sprint\u0101. 14. viet\u0101 ierindoj\u0101s vi\u013cakietis Indri\u0137is Circens.<\/p>\n<p>Labs veikums un iek\u013c\u016b\u0161ana desmitniek\u0101 ar\u012b pieaugu\u0161o grupas ab\u0101m p\u0101rst\u0101v\u0113m Samantai Krampei un Kitijai Auzi\u0146ai, kur\u0101m attiec\u012bgi 7. un 9.vieta. R\u012bdziniece Samanta bija tuvu se\u0161iniekam, savuk\u0101rt madoniete Kitija se\u0161iniek\u0101 neiek\u013cuva, jo aizvad\u012bja par da\u017eiem startiem maz\u0101k nek\u0101 citas kopv\u0113rt\u0113jum\u0101 desmitniek\u0101 tiku\u0161\u0101s sportistes. T\u016bl\u012bt aiz desmitnieka 11. vietu ie\u0146\u0113ma jaunie\u0161u grupas sl\u0113pot\u0101ja no C\u0113s\u012bm Annija Krievi\u0146a.<\/p>\n<p>Ar\u012b junioru meiten\u0113m divas latvietes tika desmitniek\u0101, un ar\u012b \u0161eit lab\u0101k\u0101 vieta bija sept\u012bt\u0101, ko ieguva Linda Kaparkal\u0113ja, kura p\u0113d\u0113j\u0101 posm\u0101 It\u0101lij\u0101 uzvar\u0113ja sprint\u0101. Tie\u0161i junioru konkurenc\u0113 it \u012bpa\u0161i ietekm\u0113ja Zviedrijas posma izlai\u0161ana, cit\u0101di Kaparkal\u0113jai bija labas iesp\u0113jas iek\u013c\u016bt trijniek\u0101 t\u0101pat k\u0101 br\u0101lim pie pieaugu\u0161ajiem, ko vi\u0146a apliecin\u0101ja ar vair\u0101k\u0101m godalgotaj\u0101m viet\u0101m p\u0113d\u0113j\u0101 posm\u0101 It\u0101lij\u0101. Desmitnieku nosl\u0113dza Mart\u012bne Djatkovi\u010da, bet 14. un 15. vieta Keitai Marcink\u0113vi\u010dai un L\u0101smai Be\u0137erei.<\/p>\n<p>Izmantotie resursi:<br \/><a target=\"_blank\" href=\"http:\/\/www.infoski.lv\" rel=\"nofollow noopener\">Latvijas Sl\u0113po\u0161anas feder\u0101cija | infoski.lv<\/a><\/p>\n","protected":false},"excerpt":{"rendered":"2025.gada sezon\u0101 tika aizvad\u012bti tr\u012bs posmi. Sezona ies\u0101k\u0101s j\u016blija vid\u016b Madon\u0101, turpin\u0101j\u0101s ar otro posmu augusta beig\u0101s Zviedrij\u0101,&hellip;\n","protected":false},"author":2,"featured_media":5445,"comment_status":"","ping_status":"","sticky":false,"template":"","format":"standard","meta":{"footnotes":""},"categories":[17],"tags":[35,39,38,36,37,34,40,67,620],"class_list":{"0":"post-5444","1":"post","2":"type-post","3":"status-publish","4":"format-standard","5":"has-post-thumbnail","7":"category-sports","8":"tag-latvia","9":"tag-latvian","10":"tag-latviesu","11":"tag-latviesu-valoda","12":"tag-latviesuvaloda","13":"tag-latvija","14":"tag-lv","15":"tag-sports","16":"tag-ziemas-sports"},"share_on_mastodon":{"url":"","error":""},"_links":{"self":[{"href":"https:\/\/www.europesays.com\/lv\/wp-json\/wp\/v2\/posts\/5444","targetHints":{"allow":["GET"]}}],"collection":[{"href":"https:\/\/www.europesays.com\/lv\/wp-json\/wp\/v2\/posts"}],"about":[{"href":"https:\/\/www.europesays.com\/lv\/wp-json\/wp\/v2\/types\/post"}],"author":[{"embeddable":true,"href":"https:\/\/www.europesays.com\/lv\/wp-json\/wp\/v2\/users\/2"}],"replies":[{"embeddable":true,"href":"https:\/\/www.europesays.com\/lv\/wp-json\/wp\/v2\/comments?post=5444"}],"version-history":[{"count":0,"href":"https:\/\/www.europesays.com\/lv\/wp-json\/wp\/v2\/posts\/5444\/revisions"}],"wp:featuredmedia":[{"embeddable":true,"href":"https:\/\/www.europesays.com\/lv\/wp-json\/wp\/v2\/media\/5445"}],"wp:attachment":[{"href":"https:\/\/www.europesays.com\/lv\/wp-json\/wp\/v2\/media?parent=5444"}],"wp:term":[{"taxonomy":"category","embeddable":true,"href":"https:\/\/www.europesays.com\/lv\/wp-json\/wp\/v2\/categories?post=5444"},{"taxonomy":"post_tag","embeddable":true,"href":"https:\/\/www.europesays.com\/lv\/wp-json\/wp\/v2\/tags?post=5444"}],"curies":[{"name":"wp","href":"https:\/\/api.w.org\/{rel}","templated":true}]}}