{"id":54445,"date":"2025-11-20T09:54:12","date_gmt":"2025-11-20T09:54:12","guid":{"rendered":"https:\/\/www.europesays.com\/lv\/54445\/"},"modified":"2025-11-20T09:54:12","modified_gmt":"2025-11-20T09:54:12","slug":"super-nova-uzsaka-darbu-galvenajam-trenerim-perkonam-futbols-sportacentrs-com","status":"publish","type":"post","link":"https:\/\/www.europesays.com\/lv\/54445\/","title":{"rendered":"&#8220;Super Nova&#8221; uzsaka darbu galvenajam trenerim P\u0113rkonam \u2013 Futbols \u2013 Sportacentrs.com"},"content":{"rendered":"<p>35 gadus vecais Erv\u012bns P\u0113rkons pie &#8220;Super Nova&#8221; komandas st\u016bres pavad\u012bja divas sezonas. 2024. gada sezon\u0101 P\u0113rkona vad\u012bb\u0101 dzeltenzilie uzvar\u0113ja N\u0101kotnes l\u012bgas turn\u012br\u0101 un ieguva ties\u012bbas atgriezties Virsl\u012bgas aprit\u0113. Savuk\u0101rt \u0161aj\u0101 sezon\u0101 P\u0113rkona komanda ar se\u0161\u0101m uzvar\u0101m (vismaz\u0101k turn\u012br\u0101), 14 neiz\u0161\u0137irt\u0101m sp\u0113l\u0113m un 16 zaud\u0113jumiem iekr\u0101ja 32 punktus, ar p\u0113d\u0113j\u0101s k\u0101rtas uzvaru nok\u0101rtojot astot\u0101s vietas ieg\u016b\u0161anu.<\/p>\n<p>&#8220;Super Nova&#8221; bija otr\u0101 komanda, ko P\u0113rkons ievedis Virsl\u012bg\u0101. 2022. gad\u0101 ar FS &#8220;Jelgava&#8221; komandu treneris uzvar\u0113ja N\u0101kotnes l\u012bgas turn\u012br\u0101. Virsl\u012bg\u0101 uz jelgavnieku komandtilti\u0146a vi\u0146\u0161 nostr\u0101d\u0101ja tikai vienu apli, jo p\u0113c nesaska\u0146\u0101m ar komandas vad\u012bbu nol\u0113ma aiziet no amata.<\/p>\n<p>&#8220;Super Nova&#8221; komandai \u0161\u012b bija veiksm\u012bg\u0101k\u0101 sezona Virsl\u012bgas \u010dempion\u0101t\u0101, pirmo reizi nosarg\u0101jot vietu turn\u012br\u0101 sportisk\u0101 ce\u013c\u0101. Gan 2022., gan 2023. gad\u0101 komanda palika p\u0113d\u0113j\u0101 desmit vien\u012bbu konkurenc\u0113. Pirmaj\u0101 reiz\u0113 &#8220;Super Nova&#8221; turn\u012br\u0101 palika J\u016brmalas &#8220;Spartaka&#8221; izir\u0161anas d\u0113\u013c.<\/p>\n<blockquote class=\"twitter-tweet\">\n<p lang=\"lv\" dir=\"ltr\">Sak\u0101m lielu paldies m\u016bsu galvenajam trenerim &#8211; Erv\u012bnam P\u0113rkonam. \ud83e\udd1d\ud83c\udffd<\/p>\n<p>Paldies, ka biji kop\u0101 ar mums un ieguld\u012bji milz\u012bgu darbu. Paldies, ka sniedzi mums svar\u012bgas m\u0101c\u012bbas. Paldies par sasniegtajiem rezult\u0101tiem.<\/p>\n<p>Nov\u0113lam vislab\u0101kos pan\u0101kumus n\u0101kamajos posmos. \ud83d\udc9b <a href=\"https:\/\/t.co\/TEapEw0IkR\" rel=\"nofollow\">pic.twitter.com\/TEapEw0IkR<\/a><\/p>\n<p>\u2014 SK Super Nova (@Super_Nova_sk) <a href=\"https:\/\/twitter.com\/Super_Nova_sk\/status\/1991396010137112990?ref_src=twsrc%5Etfw\" rel=\"nofollow noopener\" target=\"_blank\">November 20, 2025<\/a><\/p><\/blockquote>\n<p>                    <script async src=\"https:\/\/platform.twitter.com\/widgets.js\" charset=\"utf-8\"><\/script><\/p>\n","protected":false},"excerpt":{"rendered":"35 gadus vecais Erv\u012bns P\u0113rkons pie &#8220;Super Nova&#8221; komandas st\u016bres pavad\u012bja divas sezonas. 2024. gada sezon\u0101 P\u0113rkona vad\u012bb\u0101&hellip;\n","protected":false},"author":2,"featured_media":54446,"comment_status":"","ping_status":"","sticky":false,"template":"","format":"standard","meta":{"footnotes":""},"categories":[5],"tags":[23,28,29,32,33,676,22,30,31,35,39,38,36,37,34,40,20,26,27,24,25,21],"class_list":{"0":"post-54445","1":"post","2":"type-post","3":"status-publish","4":"format-standard","5":"has-post-thumbnail","7":"category-aktualitates","8":"tag-aktualitates","9":"tag-breaking-news","10":"tag-breakingnews","11":"tag-featured-news","12":"tag-featurednews","13":"tag-futbols","14":"tag-headlines","15":"tag-latest-news","16":"tag-latestnews","17":"tag-latvia","18":"tag-latvian","19":"tag-latviesu","20":"tag-latviesu-valoda","21":"tag-latviesuvaloda","22":"tag-latvija","23":"tag-lv","24":"tag-news","25":"tag-popularakas-zinas","26":"tag-popularakaszinas","27":"tag-top-stories","28":"tag-topstories","29":"tag-zinas"},"share_on_mastodon":{"url":"https:\/\/pubeurope.com\/@lv\/115581423780186322","error":""},"_links":{"self":[{"href":"https:\/\/www.europesays.com\/lv\/wp-json\/wp\/v2\/posts\/54445","targetHints":{"allow":["GET"]}}],"collection":[{"href":"https:\/\/www.europesays.com\/lv\/wp-json\/wp\/v2\/posts"}],"about":[{"href":"https:\/\/www.europesays.com\/lv\/wp-json\/wp\/v2\/types\/post"}],"author":[{"embeddable":true,"href":"https:\/\/www.europesays.com\/lv\/wp-json\/wp\/v2\/users\/2"}],"replies":[{"embeddable":true,"href":"https:\/\/www.europesays.com\/lv\/wp-json\/wp\/v2\/comments?post=54445"}],"version-history":[{"count":0,"href":"https:\/\/www.europesays.com\/lv\/wp-json\/wp\/v2\/posts\/54445\/revisions"}],"wp:featuredmedia":[{"embeddable":true,"href":"https:\/\/www.europesays.com\/lv\/wp-json\/wp\/v2\/media\/54446"}],"wp:attachment":[{"href":"https:\/\/www.europesays.com\/lv\/wp-json\/wp\/v2\/media?parent=54445"}],"wp:term":[{"taxonomy":"category","embeddable":true,"href":"https:\/\/www.europesays.com\/lv\/wp-json\/wp\/v2\/categories?post=54445"},{"taxonomy":"post_tag","embeddable":true,"href":"https:\/\/www.europesays.com\/lv\/wp-json\/wp\/v2\/tags?post=54445"}],"curies":[{"name":"wp","href":"https:\/\/api.w.org\/{rel}","templated":true}]}}