{"id":54460,"date":"2025-11-20T10:06:11","date_gmt":"2025-11-20T10:06:11","guid":{"rendered":"https:\/\/www.europesays.com\/lv\/54460\/"},"modified":"2025-11-20T10:06:11","modified_gmt":"2025-11-20T10:06:11","slug":"epstina-faili-tiks-publiskoti-kas-lidz-sim-par-tiem-zinams","status":"publish","type":"post","link":"https:\/\/www.europesays.com\/lv\/54460\/","title":{"rendered":"Epst\u012bna faili tiks publiskoti. Kas l\u012bdz \u0161im par tiem zin\u0101ms?"},"content":{"rendered":"<p>2008. gad\u0101 Epst\u012bns nosl\u0113dza vieno\u0161anos ar prokuroriem, p\u0113c tam, kad 14 gadus vecas meitenes vec\u0101ki pazi\u0146oja Floridas policijai, ka Epst\u012bns vi\u0146u meitu seksu\u0101li izmantojis sav\u0101 Palmb\u012b\u010das m\u0101j\u0101.<\/p>\n<p>            <img loading=\"lazy\" decoding=\"async\" class=\"size-thumbnail wp-image-3676874 skaties-content-image\" title=\"PEOPLE-JEFFREY EPSTEIN\/BOFAML-BONY MELLON\" src=\"https:\/\/www.europesays.com\/lv\/wp-content\/uploads\/2025\/11\/9a82-691ec04a91371-672x448.jpg\" alt=\"PEOPLE-JEFFREY EPSTEIN\/BOFAML-BONY MELLON\" width=\"672\" height=\"448\"  \/><\/p>\n<p>                D\u017eefrijs Epst\u012bns FOTO: Handout ., REUTERS<\/p>\n<p>Vis\u0101 m\u0101j\u0101 tika atrastas meite\u0146u fotogr\u0101fijas, un vi\u0146\u0161 tika atz\u012bts par vain\u012bgu prostit\u016bcijas izmanto\u0161an\u0101, par ko vi\u0146\u0161 tika re\u0123istr\u0113ts k\u0101 seksu\u0101lais noziedznieks. Vieno\u0161an\u0101s rezult\u0101t\u0101 vi\u0146\u0161 izvair\u012bj\u0101s no smaga cietumsoda.<\/p>\n<p>P\u0113c 11 gadiem vi\u0146am tika izvirz\u012bta aps\u016bdz\u012bba par nepilngad\u012bgu meite\u0146u seksu\u0101las izmanto\u0161anas t\u012bkla vad\u012b\u0161anu. Vi\u0146\u0161 izdar\u012bja pa\u0161n\u0101v\u012bbu cietum\u0101, gaidot tiesas pr\u0101vu.<\/p>\n<p>Saska\u0146\u0101 ar 2025. gada Tieslietu departamenta memorandu ASV Feder\u0101lais izmekl\u0113\u0161anas birojs (FBI) sav\u0101s datu b\u0101z\u0113s, cietajos diskos un cit\u0101s datu glab\u0101\u0161anas viet\u0101s atrada vair\u0101k nek\u0101 300 gigabaitus datu un fizisku pier\u0101d\u012bjumu.<\/p>\n<p class=\"ad-desc ad-desc-main\">Saturs turpin\u0101s p\u0113c rekl\u0101mas<\/p>\n<p class=\"ad-desc ad-desc-sec\">Rekl\u0101ma<\/p>\n<p>Lai gan da\u017ei no failiem, visticam\u0101k, ietver materi\u0101lus, ko Epst\u012bna izmekl\u0113\u0161anai sav\u0101ku\u0161i feder\u0101l\u0101 l\u012bme\u0146a un Floridas \u0161tata prokurori, Tieslietu departaments nor\u0101da, ka tajos ir \u201cliels apjoms\u201d upuru att\u0113lu un video, k\u0101 ar\u012b citi nelikum\u012bgi materi\u0101li par b\u0113rnu seksu\u0101lu izmanto\u0161anu.<\/p>\n<p>Kas l\u012bdz \u0161im ticis publiskots?<\/p>\n<p>P\u0113d\u0113jo gadu laik\u0101 publiskoti vair\u0101ki Epst\u012bna lietas dokumenti. T\u016bksto\u0161iem jaunu e-pastu un citu materi\u0101lu izplat\u012bja P\u0101rraudz\u012bbas komiteja, turpinot jau iepriek\u0161\u0113jos dokumentu laidienus, tostarp septembr\u012b publiskoto dzim\u0161anas dienas gr\u0101matu ar Trampa v\u0101rdu.<\/p>\n<p>Noskaties: \u201cLai katra diena b\u016btu v\u0113l viens br\u012bni\u0161\u0137\u012bgs nosl\u0113pums\u2026\u201d <a href=\"https:\/\/tv3.lv\/zinas\/arvalstis\/lai-katra-diena-butu-vel-viens-briniskigs-noslepums-publice-trampa-iespejamo-vestuli-epstinam\/\" rel=\"nofollow noopener\" target=\"_blank\">Public\u0113 Trampa iesp\u0113jamo v\u0113stuli Epst\u012bnam<\/a><\/p>\n<p>Ar\u012b p\u0113c Trampa st\u0101\u0161an\u0101s amat\u0101 Tieslietu ministrija un FIB public\u0113ja t\u0101 d\u0113v\u0113to pirmo deklasific\u0113to failu posmu, kas satur\u0113ja lidojumu \u017eurn\u0101lus un redi\u0123\u0113tu kontaktu gr\u0101matu. Baltaj\u0101 nam\u0101 uzaicin\u0101tie lab\u0113jie influenceri bija neapmierin\u0101ti, jo liel\u0101k\u0101 da\u013ca no 341 lap\u0101m bija jau zin\u0101ma inform\u0101cija.<\/p>\n<p>K\u0101di uzv\u0101rdi figur\u0113 dokumentos?<\/p>\n<p>Jaunie, v\u0113l nepubliskotie dokumenti paliek nosl\u0113pums, ta\u010du zin\u0101ms, ka Trampa v\u0101rds par\u0101d\u0101s FIB materi\u0101los. Lai gan Tramps agr\u0101k draudz\u0113jies ar Epst\u012bnu, v\u0101rda piemin\u0113\u0161ana pati par sevi nav pier\u0101d\u012bjums par p\u0101rk\u0101pumiem, un Baltais nams zi\u0146u nosauca par \u201cviltus\u201d.<\/p>\n","protected":false},"excerpt":{"rendered":"2008. gad\u0101 Epst\u012bns nosl\u0113dza vieno\u0161anos ar prokuroriem, p\u0113c tam, kad 14 gadus vecas meitenes vec\u0101ki pazi\u0146oja Floridas policijai,&hellip;\n","protected":false},"author":2,"featured_media":54461,"comment_status":"","ping_status":"","sticky":false,"template":"","format":"standard","meta":{"footnotes":""},"categories":[5],"tags":[23,14806,28,29,32,33,22,30,31,35,39,38,36,37,34,40,20,26,27,24,25,21],"class_list":{"0":"post-54460","1":"post","2":"type-post","3":"status-publish","4":"format-standard","5":"has-post-thumbnail","7":"category-aktualitates","8":"tag-aktualitates","9":"tag-asvdonalds-trampsdzefrijs-epstins","10":"tag-breaking-news","11":"tag-breakingnews","12":"tag-featured-news","13":"tag-featurednews","14":"tag-headlines","15":"tag-latest-news","16":"tag-latestnews","17":"tag-latvia","18":"tag-latvian","19":"tag-latviesu","20":"tag-latviesu-valoda","21":"tag-latviesuvaloda","22":"tag-latvija","23":"tag-lv","24":"tag-news","25":"tag-popularakas-zinas","26":"tag-popularakaszinas","27":"tag-top-stories","28":"tag-topstories","29":"tag-zinas"},"share_on_mastodon":{"url":"https:\/\/pubeurope.com\/@lv\/115581471049010327","error":""},"_links":{"self":[{"href":"https:\/\/www.europesays.com\/lv\/wp-json\/wp\/v2\/posts\/54460","targetHints":{"allow":["GET"]}}],"collection":[{"href":"https:\/\/www.europesays.com\/lv\/wp-json\/wp\/v2\/posts"}],"about":[{"href":"https:\/\/www.europesays.com\/lv\/wp-json\/wp\/v2\/types\/post"}],"author":[{"embeddable":true,"href":"https:\/\/www.europesays.com\/lv\/wp-json\/wp\/v2\/users\/2"}],"replies":[{"embeddable":true,"href":"https:\/\/www.europesays.com\/lv\/wp-json\/wp\/v2\/comments?post=54460"}],"version-history":[{"count":0,"href":"https:\/\/www.europesays.com\/lv\/wp-json\/wp\/v2\/posts\/54460\/revisions"}],"wp:featuredmedia":[{"embeddable":true,"href":"https:\/\/www.europesays.com\/lv\/wp-json\/wp\/v2\/media\/54461"}],"wp:attachment":[{"href":"https:\/\/www.europesays.com\/lv\/wp-json\/wp\/v2\/media?parent=54460"}],"wp:term":[{"taxonomy":"category","embeddable":true,"href":"https:\/\/www.europesays.com\/lv\/wp-json\/wp\/v2\/categories?post=54460"},{"taxonomy":"post_tag","embeddable":true,"href":"https:\/\/www.europesays.com\/lv\/wp-json\/wp\/v2\/tags?post=54460"}],"curies":[{"name":"wp","href":"https:\/\/api.w.org\/{rel}","templated":true}]}}